{"id":957,"date":"2021-03-10T09:22:21","date_gmt":"2021-03-10T08:22:21","guid":{"rendered":"https:\/\/eventosyprotocologrx.com\/?p=957"},"modified":"2021-03-10T09:22:21","modified_gmt":"2021-03-10T08:22:21","slug":"a-un-paso","status":"publish","type":"post","link":"https:\/\/blogsaverroes.juntadeandalucia.es\/eventosyprotocologrx\/2021\/03\/10\/a-un-paso\/","title":{"rendered":"A UN PASO"},"content":{"rendered":"\n<p>\u00a1Buenos d\u00edas!<\/p>\n\n\n\n<p class=\"has-text-align-center\">Os contamos que estamos a solo un peque\u00f1o paso m\u00e1s para finalizar la teor\u00eda del Ciclo Superior de Asistencia a La Direcci\u00f3n.<\/p>\n\n\n\n<p class=\"has-text-align-center\">Estamos en la recta final, y queremos compartirlo con vosotros.<\/p>\n\n\n\n<div class=\"wp-block-image\"><figure class=\"aligncenter size-large\"><img loading=\"lazy\" decoding=\"async\" width=\"620\" height=\"268\" src=\"https:\/\/blogsaverroes.juntadeandalucia.es\/eventosyprotocologrx\/files\/2021\/03\/bien2.jpg?w=620\" alt=\"\" class=\"wp-image-968\" srcset=\"https:\/\/blogsaverroes.juntadeandalucia.es\/eventosyprotocologrx\/files\/2021\/03\/bien2.jpg 620w, https:\/\/blogsaverroes.juntadeandalucia.es\/eventosyprotocologrx\/files\/2021\/03\/bien2-300x130.jpg 300w\" sizes=\"(max-width: 620px) 100vw, 620px\" \/><\/figure><\/div>\n\n\n\n<p>Una vez finalizada esta etapa, daremos entrada a las pr\u00e1cticas. \u00a1Esperamos que sig\u00e1is acompa\u00f1\u00e1ndonos hasta el final! <\/p>\n\n\n\n<p class=\"has-text-align-center\">Gracias por acompa\u00f1arnos en nuestro blog y nuestra experiencia.<\/p>\n\n\n\n<div class=\"wp-block-image\"><figure class=\"aligncenter size-large is-resized\"><img loading=\"lazy\" decoding=\"async\" src=\"https:\/\/blogsaverroes.juntadeandalucia.es\/eventosyprotocologrx\/files\/2021\/03\/buenos-dias-buenas-tardes-aprende-espanol-en-marbella.jpg?w=1024\" alt=\"\" class=\"wp-image-973\" width=\"480\" height=\"320\" srcset=\"https:\/\/blogsaverroes.juntadeandalucia.es\/eventosyprotocologrx\/files\/2021\/03\/buenos-dias-buenas-tardes-aprende-espanol-en-marbella.jpg 1152w, https:\/\/blogsaverroes.juntadeandalucia.es\/eventosyprotocologrx\/files\/2021\/03\/buenos-dias-buenas-tardes-aprende-espanol-en-marbella-300x200.jpg 300w, https:\/\/blogsaverroes.juntadeandalucia.es\/eventosyprotocologrx\/files\/2021\/03\/buenos-dias-buenas-tardes-aprende-espanol-en-marbella-1024x683.jpg 1024w, https:\/\/blogsaverroes.juntadeandalucia.es\/eventosyprotocologrx\/files\/2021\/03\/buenos-dias-buenas-tardes-aprende-espanol-en-marbella-768x512.jpg 768w\" sizes=\"(max-width: 480px) 100vw, 480px\" \/><\/figure><\/div>\n","protected":false},"excerpt":{"rendered":"<p>\u00a1Buenos d\u00edas! Os contamos que estamos a solo un peque\u00f1o paso m\u00e1s para finalizar la teor\u00eda del Ciclo Superior de Asistencia a La Direcci\u00f3n. Estamos&hellip;<\/p>\n","protected":false},"author":11209,"featured_media":0,"comment_status":"open","ping_status":"open","sticky":false,"template":"","format":"standard","meta":{"ngg_post_thumbnail":0,"footnotes":""},"categories":[2],"tags":[],"aioseo_notices":[],"_links":{"self":[{"href":"https:\/\/blogsaverroes.juntadeandalucia.es\/eventosyprotocologrx\/wp-json\/wp\/v2\/posts\/957"}],"collection":[{"href":"https:\/\/blogsaverroes.juntadeandalucia.es\/eventosyprotocologrx\/wp-json\/wp\/v2\/posts"}],"about":[{"href":"https:\/\/blogsaverroes.juntadeandalucia.es\/eventosyprotocologrx\/wp-json\/wp\/v2\/types\/post"}],"author":[{"embeddable":true,"href":"https:\/\/blogsaverroes.juntadeandalucia.es\/eventosyprotocologrx\/wp-json\/wp\/v2\/users\/11209"}],"replies":[{"embeddable":true,"href":"https:\/\/blogsaverroes.juntadeandalucia.es\/eventosyprotocologrx\/wp-json\/wp\/v2\/comments?post=957"}],"version-history":[{"count":0,"href":"https:\/\/blogsaverroes.juntadeandalucia.es\/eventosyprotocologrx\/wp-json\/wp\/v2\/posts\/957\/revisions"}],"wp:attachment":[{"href":"https:\/\/blogsaverroes.juntadeandalucia.es\/eventosyprotocologrx\/wp-json\/wp\/v2\/media?parent=957"}],"wp:term":[{"taxonomy":"category","embeddable":true,"href":"https:\/\/blogsaverroes.juntadeandalucia.es\/eventosyprotocologrx\/wp-json\/wp\/v2\/categories?post=957"},{"taxonomy":"post_tag","embeddable":true,"href":"https:\/\/blogsaverroes.juntadeandalucia.es\/eventosyprotocologrx\/wp-json\/wp\/v2\/tags?post=957"}],"curies":[{"name":"wp","href":"https:\/\/api.w.org\/{rel}","templated":true}]}}