{"id":995,"date":"2021-03-10T09:35:39","date_gmt":"2021-03-10T08:35:39","guid":{"rendered":"https:\/\/eventosyprotocologrx.com\/?p=995"},"modified":"2021-03-10T09:35:39","modified_gmt":"2021-03-10T08:35:39","slug":"recta-final","status":"publish","type":"post","link":"https:\/\/blogsaverroes.juntadeandalucia.es\/eventosyprotocologrx\/2021\/03\/10\/recta-final\/","title":{"rendered":"RECTA FINAL"},"content":{"rendered":"\n<p>Para los alumnos de 2\u00ba de Asistencia a la Direcci\u00f3n ha comenzado la recta final de esta etapa que comenzamos en 2019. <\/p>\n\n\n\n<p>Durante la semana que viene conoceremos sobre que trata nuestro proyecto, que junto a las practicas ser\u00e1n los dos \u00faltimos m\u00f3dulos que trataremos para convertirnos oficialmente en T\u00e9cnicos Superiores en Asistencia  a la Direcci\u00f3n.<\/p>\n\n\n\n<p>Ha sido un a\u00f1o complicado en la que tanto alumnos como profesores hemos sabido adaptarnos r\u00e1pidamente a la situaci\u00f3n intentando que todo salga lo  mejor posible y considero que as\u00ed ha sido, no era f\u00e1cil pero lo hemos conseguido.<\/p>\n\n\n\n<p>\u00a1A por el ultimo empuj\u00f3n!<\/p>\n","protected":false},"excerpt":{"rendered":"<p>Para los alumnos de 2\u00ba de Asistencia a la Direcci\u00f3n ha comenzado la recta final de esta etapa que comenzamos en 2019. Durante la semana&hellip;<\/p>\n","protected":false},"author":11209,"featured_media":0,"comment_status":"open","ping_status":"open","sticky":false,"template":"","format":"standard","meta":{"ngg_post_thumbnail":0,"footnotes":""},"categories":[2],"tags":[],"aioseo_notices":[],"_links":{"self":[{"href":"https:\/\/blogsaverroes.juntadeandalucia.es\/eventosyprotocologrx\/wp-json\/wp\/v2\/posts\/995"}],"collection":[{"href":"https:\/\/blogsaverroes.juntadeandalucia.es\/eventosyprotocologrx\/wp-json\/wp\/v2\/posts"}],"about":[{"href":"https:\/\/blogsaverroes.juntadeandalucia.es\/eventosyprotocologrx\/wp-json\/wp\/v2\/types\/post"}],"author":[{"embeddable":true,"href":"https:\/\/blogsaverroes.juntadeandalucia.es\/eventosyprotocologrx\/wp-json\/wp\/v2\/users\/11209"}],"replies":[{"embeddable":true,"href":"https:\/\/blogsaverroes.juntadeandalucia.es\/eventosyprotocologrx\/wp-json\/wp\/v2\/comments?post=995"}],"version-history":[{"count":0,"href":"https:\/\/blogsaverroes.juntadeandalucia.es\/eventosyprotocologrx\/wp-json\/wp\/v2\/posts\/995\/revisions"}],"wp:attachment":[{"href":"https:\/\/blogsaverroes.juntadeandalucia.es\/eventosyprotocologrx\/wp-json\/wp\/v2\/media?parent=995"}],"wp:term":[{"taxonomy":"category","embeddable":true,"href":"https:\/\/blogsaverroes.juntadeandalucia.es\/eventosyprotocologrx\/wp-json\/wp\/v2\/categories?post=995"},{"taxonomy":"post_tag","embeddable":true,"href":"https:\/\/blogsaverroes.juntadeandalucia.es\/eventosyprotocologrx\/wp-json\/wp\/v2\/tags?post=995"}],"curies":[{"name":"wp","href":"https:\/\/api.w.org\/{rel}","templated":true}]}}