{"id":564,"date":"2016-03-05T14:22:19","date_gmt":"2016-03-05T14:22:19","guid":{"rendered":"http:\/\/blogsaverroes.juntadeandalucia.es\/fabioladigital\/?p=564"},"modified":"2016-03-05T14:26:33","modified_gmt":"2016-03-05T14:26:33","slug":"sentimos","status":"publish","type":"post","link":"https:\/\/blogsaverroes.juntadeandalucia.es\/fabioladigital\/2016\/03\/05\/sentimos\/","title":{"rendered":"Sentimos"},"content":{"rendered":"<p style=\"text-align: justify\"><a href=\"http:\/\/blogsaverroes.juntadeandalucia.es\/fabioladigital\/files\/2016\/03\/IMG-20160305-WA0003.jpg\"><img loading=\"lazy\" decoding=\"async\" class=\"alignnone  wp-image-565\" src=\"http:\/\/blogsaverroes.juntadeandalucia.es\/fabioladigital\/files\/2016\/03\/IMG-20160305-WA0003-300x157.jpg\" alt=\"IMG-20160305-WA0003\" width=\"489\" height=\"256\" srcset=\"https:\/\/blogsaverroes.juntadeandalucia.es\/fabioladigital\/files\/2016\/03\/IMG-20160305-WA0003-300x157.jpg 300w, https:\/\/blogsaverroes.juntadeandalucia.es\/fabioladigital\/files\/2016\/03\/IMG-20160305-WA0003-1024x536.jpg 1024w, https:\/\/blogsaverroes.juntadeandalucia.es\/fabioladigital\/files\/2016\/03\/IMG-20160305-WA0003.jpg 1517w\" sizes=\"(max-width: 489px) 100vw, 489px\" \/><\/a><\/p>\n<p style=\"text-align: justify\">Los alumnos y alumnas de quinto han realizado unas magn\u00edficas maquetas sobre los \u00f3rganos de los sentidos y el cuerpo humano en la asignatura de Naturales. Desde aqu\u00ed le damos la enhorabuena y aprovechamos para invitar a todo el que quiera verlas. Las maquetas est\u00e1n expuestas frente a las clases de quinto.<\/p>\n<table style=\"height: 32px\" width=\"37\">\n<tbody>\n<tr>\n<td><a href=\"http:\/\/blogsaverroes.juntadeandalucia.es\/fabioladigital\/files\/2016\/03\/IMG-20160305-WA0009.jpg\"><img loading=\"lazy\" decoding=\"async\" class=\"alignnone  wp-image-566\" src=\"http:\/\/blogsaverroes.juntadeandalucia.es\/fabioladigital\/files\/2016\/03\/IMG-20160305-WA0009-300x225.jpg\" alt=\"IMG-20160305-WA0009\" width=\"228\" height=\"171\" srcset=\"https:\/\/blogsaverroes.juntadeandalucia.es\/fabioladigital\/files\/2016\/03\/IMG-20160305-WA0009-300x225.jpg 300w, https:\/\/blogsaverroes.juntadeandalucia.es\/fabioladigital\/files\/2016\/03\/IMG-20160305-WA0009-1024x768.jpg 1024w, https:\/\/blogsaverroes.juntadeandalucia.es\/fabioladigital\/files\/2016\/03\/IMG-20160305-WA0009.jpg 1600w\" sizes=\"(max-width: 228px) 100vw, 228px\" \/><\/a><\/td>\n<td><a href=\"http:\/\/blogsaverroes.juntadeandalucia.es\/fabioladigital\/files\/2016\/03\/IMG-20160305-WA0005.jpg\"><img loading=\"lazy\" decoding=\"async\" class=\"alignnone  wp-image-567\" src=\"http:\/\/blogsaverroes.juntadeandalucia.es\/fabioladigital\/files\/2016\/03\/IMG-20160305-WA0005-300x225.jpg\" alt=\"IMG-20160305-WA0005\" width=\"223\" height=\"167\" srcset=\"https:\/\/blogsaverroes.juntadeandalucia.es\/fabioladigital\/files\/2016\/03\/IMG-20160305-WA0005-300x225.jpg 300w, https:\/\/blogsaverroes.juntadeandalucia.es\/fabioladigital\/files\/2016\/03\/IMG-20160305-WA0005-1024x768.jpg 1024w, https:\/\/blogsaverroes.juntadeandalucia.es\/fabioladigital\/files\/2016\/03\/IMG-20160305-WA0005.jpg 1600w\" sizes=\"(max-width: 223px) 100vw, 223px\" \/><\/a><\/td>\n<\/tr>\n<\/tbody>\n<\/table>\n<table style=\"height: 29px\" width=\"38\">\n<tbody>\n<tr>\n<td><a href=\"http:\/\/blogsaverroes.juntadeandalucia.es\/fabioladigital\/files\/2016\/03\/IMG-20160305-WA0007.jpg\"><img loading=\"lazy\" decoding=\"async\" class=\"alignnone size-medium wp-image-569\" src=\"http:\/\/blogsaverroes.juntadeandalucia.es\/fabioladigital\/files\/2016\/03\/IMG-20160305-WA0007-225x300.jpg\" alt=\"IMG-20160305-WA0007\" width=\"225\" height=\"300\" srcset=\"https:\/\/blogsaverroes.juntadeandalucia.es\/fabioladigital\/files\/2016\/03\/IMG-20160305-WA0007-225x300.jpg 225w, https:\/\/blogsaverroes.juntadeandalucia.es\/fabioladigital\/files\/2016\/03\/IMG-20160305-WA0007-768x1024.jpg 768w, https:\/\/blogsaverroes.juntadeandalucia.es\/fabioladigital\/files\/2016\/03\/IMG-20160305-WA0007.jpg 1200w\" sizes=\"(max-width: 225px) 100vw, 225px\" \/><\/a><\/td>\n<td><a href=\"http:\/\/blogsaverroes.juntadeandalucia.es\/fabioladigital\/files\/2016\/03\/IMG-20160305-WA0006.jpg\"><img loading=\"lazy\" decoding=\"async\" class=\"alignnone size-medium wp-image-572\" src=\"http:\/\/blogsaverroes.juntadeandalucia.es\/fabioladigital\/files\/2016\/03\/IMG-20160305-WA0006-225x300.jpg\" alt=\"IMG-20160305-WA0006\" width=\"225\" height=\"300\" srcset=\"https:\/\/blogsaverroes.juntadeandalucia.es\/fabioladigital\/files\/2016\/03\/IMG-20160305-WA0006-225x300.jpg 225w, https:\/\/blogsaverroes.juntadeandalucia.es\/fabioladigital\/files\/2016\/03\/IMG-20160305-WA0006-768x1024.jpg 768w, https:\/\/blogsaverroes.juntadeandalucia.es\/fabioladigital\/files\/2016\/03\/IMG-20160305-WA0006.jpg 1200w\" sizes=\"(max-width: 225px) 100vw, 225px\" \/><\/a><\/td>\n<\/tr>\n<\/tbody>\n<\/table>\n<table style=\"height: 29px\" width=\"46\">\n<tbody>\n<tr>\n<td><a href=\"http:\/\/blogsaverroes.juntadeandalucia.es\/fabioladigital\/files\/2016\/03\/IMG-20160305-WA0004.jpg\"><img loading=\"lazy\" decoding=\"async\" class=\"alignnone size-medium wp-image-573\" src=\"http:\/\/blogsaverroes.juntadeandalucia.es\/fabioladigital\/files\/2016\/03\/IMG-20160305-WA0004-225x300.jpg\" alt=\"IMG-20160305-WA0004\" width=\"225\" height=\"300\" srcset=\"https:\/\/blogsaverroes.juntadeandalucia.es\/fabioladigital\/files\/2016\/03\/IMG-20160305-WA0004-225x300.jpg 225w, https:\/\/blogsaverroes.juntadeandalucia.es\/fabioladigital\/files\/2016\/03\/IMG-20160305-WA0004-768x1024.jpg 768w, https:\/\/blogsaverroes.juntadeandalucia.es\/fabioladigital\/files\/2016\/03\/IMG-20160305-WA0004.jpg 1200w\" sizes=\"(max-width: 225px) 100vw, 225px\" \/><\/a><\/td>\n<td><a href=\"http:\/\/blogsaverroes.juntadeandalucia.es\/fabioladigital\/files\/2016\/03\/IMG-20160305-WA0008.jpg\"><img loading=\"lazy\" decoding=\"async\" class=\"alignnone size-medium wp-image-574\" src=\"http:\/\/blogsaverroes.juntadeandalucia.es\/fabioladigital\/files\/2016\/03\/IMG-20160305-WA0008-225x300.jpg\" alt=\"IMG-20160305-WA0008\" width=\"225\" height=\"300\" srcset=\"https:\/\/blogsaverroes.juntadeandalucia.es\/fabioladigital\/files\/2016\/03\/IMG-20160305-WA0008-225x300.jpg 225w, https:\/\/blogsaverroes.juntadeandalucia.es\/fabioladigital\/files\/2016\/03\/IMG-20160305-WA0008-768x1024.jpg 768w, https:\/\/blogsaverroes.juntadeandalucia.es\/fabioladigital\/files\/2016\/03\/IMG-20160305-WA0008.jpg 1200w\" sizes=\"(max-width: 225px) 100vw, 225px\" \/><\/a><\/td>\n<\/tr>\n<\/tbody>\n<\/table>\n<p>Tere Gutierrez.<\/p>\n","protected":false},"excerpt":{"rendered":"<p>Los alumnos y alumnas de quinto han realizado unas magn\u00edficas maquetas sobre los \u00f3rganos de los sentidos y el cuerpo humano en la asignatura de Naturales. Desde aqu\u00ed le damos la enhorabuena y aprovechamos&#46;&#46;&#46;<\/p>\n","protected":false},"author":2035,"featured_media":0,"comment_status":"open","ping_status":"open","sticky":false,"template":"","format":"standard","meta":{"ngg_post_thumbnail":0,"footnotes":""},"categories":[11909],"tags":[17],"aioseo_notices":[],"_links":{"self":[{"href":"https:\/\/blogsaverroes.juntadeandalucia.es\/fabioladigital\/wp-json\/wp\/v2\/posts\/564"}],"collection":[{"href":"https:\/\/blogsaverroes.juntadeandalucia.es\/fabioladigital\/wp-json\/wp\/v2\/posts"}],"about":[{"href":"https:\/\/blogsaverroes.juntadeandalucia.es\/fabioladigital\/wp-json\/wp\/v2\/types\/post"}],"author":[{"embeddable":true,"href":"https:\/\/blogsaverroes.juntadeandalucia.es\/fabioladigital\/wp-json\/wp\/v2\/users\/2035"}],"replies":[{"embeddable":true,"href":"https:\/\/blogsaverroes.juntadeandalucia.es\/fabioladigital\/wp-json\/wp\/v2\/comments?post=564"}],"version-history":[{"count":3,"href":"https:\/\/blogsaverroes.juntadeandalucia.es\/fabioladigital\/wp-json\/wp\/v2\/posts\/564\/revisions"}],"predecessor-version":[{"id":575,"href":"https:\/\/blogsaverroes.juntadeandalucia.es\/fabioladigital\/wp-json\/wp\/v2\/posts\/564\/revisions\/575"}],"wp:attachment":[{"href":"https:\/\/blogsaverroes.juntadeandalucia.es\/fabioladigital\/wp-json\/wp\/v2\/media?parent=564"}],"wp:term":[{"taxonomy":"category","embeddable":true,"href":"https:\/\/blogsaverroes.juntadeandalucia.es\/fabioladigital\/wp-json\/wp\/v2\/categories?post=564"},{"taxonomy":"post_tag","embeddable":true,"href":"https:\/\/blogsaverroes.juntadeandalucia.es\/fabioladigital\/wp-json\/wp\/v2\/tags?post=564"}],"curies":[{"name":"wp","href":"https:\/\/api.w.org\/{rel}","templated":true}]}}