{"id":298,"date":"2025-01-22T12:59:15","date_gmt":"2025-01-22T11:59:15","guid":{"rendered":"https:\/\/blogsaverroes.juntadeandalucia.es\/fadehorca\/?p=298"},"modified":"2025-01-22T12:59:15","modified_gmt":"2025-01-22T11:59:15","slug":"a-chloris","status":"publish","type":"post","link":"https:\/\/blogsaverroes.juntadeandalucia.es\/fadehorca\/2025\/01\/22\/a-chloris\/","title":{"rendered":"A Chloris"},"content":{"rendered":"<p><img loading=\"lazy\" decoding=\"async\" class=\"alignnone \" src=\"https:\/\/c4.wallpaperflare.com\/wallpaper\/138\/639\/624\/bosques-fantasia-ninfa-unicornio-wallpaper-preview.jpg\" alt=\"Unicornio\" width=\"245\" height=\"153\" \/><\/p>\n<p>En la mitolog\u00eda griega Cloris es un nombre que se da a varios personajes. Todos tienen en com\u00fan la relaci\u00f3n con la naturaleza, los jardines o la primavera <span style=\"font-size: 24pt\">\ud83c\udf37<\/span>.<\/p>\n<p>En 1916 el compositor <span style=\"font-size: 18pt\"><strong>Reynaldo Hahn<\/strong><\/span> escribi\u00f3 una preciosa pieza, basada en un poema del siglo XVII del poeta Th\u00e9ophile de Viau. <span style=\"font-size: 14pt\">Un mont\u00f3n de conexiones de diferentes \u00e9pocas, \u00bfverdad?<\/span><\/p>\n<p>El caso es que tenemos una pieza muy pero que muy bella, de escuchar y de tocar. Os dejo tres versiones, a cual m\u00e1s bonita:<\/p>\n<p>La primera con la voz de Susan Graham:<\/p>\n<p>https:\/\/www.youtube.com\/watch?v=mZfOpVe4ib8<\/p>\n<p>La segunda, por el obo\u00edsta Albrecht Mayer. Parece tambi\u00e9n que canta, \u00bfverdad?<\/p>\n<p>https:\/\/www.youtube.com\/watch?v=Sh5sRo9SlAg<\/p>\n<p>Y finalmente, una versi\u00f3n llena de oboes de todo tipo. Todos ellos los toca fant\u00e1sticamente Jos\u00e9 Antonio Masmano:<\/p>\n<p>https:\/\/www.youtube.com\/watch?v=VhhfokS9Efw<\/p>\n<p>No sabr\u00eda decir cu\u00e1l es mi favorita, \u00bfy a vosotras\/os, cu\u00e1l os gusta m\u00e1s?<\/p>\n","protected":false},"excerpt":{"rendered":"<p>En la mitolog\u00eda griega Cloris es un nombre que se da a varios personajes. Todos tienen en com\u00fan la relaci\u00f3n con la naturaleza, los jardines o la primavera \ud83c\udf37. En 1916 el compositor Reynaldo Hahn escribi\u00f3 una preciosa pieza, basada en un poema del siglo XVII del poeta Th\u00e9ophile de Viau. Un mont\u00f3n de conexiones [&hellip;]<\/p>\n","protected":false},"author":20013,"featured_media":0,"comment_status":"open","ping_status":"open","sticky":false,"template":"","format":"standard","meta":{"_exactmetrics_skip_tracking":false,"_exactmetrics_sitenote_active":false,"_exactmetrics_sitenote_note":"","_exactmetrics_sitenote_category":0,"footnotes":""},"categories":[8,11,13,3],"tags":[],"aioseo_notices":[],"post_mailing_queue_ids":[],"_links":{"self":[{"href":"https:\/\/blogsaverroes.juntadeandalucia.es\/fadehorca\/wp-json\/wp\/v2\/posts\/298"}],"collection":[{"href":"https:\/\/blogsaverroes.juntadeandalucia.es\/fadehorca\/wp-json\/wp\/v2\/posts"}],"about":[{"href":"https:\/\/blogsaverroes.juntadeandalucia.es\/fadehorca\/wp-json\/wp\/v2\/types\/post"}],"author":[{"embeddable":true,"href":"https:\/\/blogsaverroes.juntadeandalucia.es\/fadehorca\/wp-json\/wp\/v2\/users\/20013"}],"replies":[{"embeddable":true,"href":"https:\/\/blogsaverroes.juntadeandalucia.es\/fadehorca\/wp-json\/wp\/v2\/comments?post=298"}],"version-history":[{"count":1,"href":"https:\/\/blogsaverroes.juntadeandalucia.es\/fadehorca\/wp-json\/wp\/v2\/posts\/298\/revisions"}],"predecessor-version":[{"id":299,"href":"https:\/\/blogsaverroes.juntadeandalucia.es\/fadehorca\/wp-json\/wp\/v2\/posts\/298\/revisions\/299"}],"wp:attachment":[{"href":"https:\/\/blogsaverroes.juntadeandalucia.es\/fadehorca\/wp-json\/wp\/v2\/media?parent=298"}],"wp:term":[{"taxonomy":"category","embeddable":true,"href":"https:\/\/blogsaverroes.juntadeandalucia.es\/fadehorca\/wp-json\/wp\/v2\/categories?post=298"},{"taxonomy":"post_tag","embeddable":true,"href":"https:\/\/blogsaverroes.juntadeandalucia.es\/fadehorca\/wp-json\/wp\/v2\/tags?post=298"}],"curies":[{"name":"wp","href":"https:\/\/api.w.org\/{rel}","templated":true}]}}