{"id":353,"date":"2025-02-11T08:16:54","date_gmt":"2025-02-11T07:16:54","guid":{"rendered":"https:\/\/blogsaverroes.juntadeandalucia.es\/fadehorca\/?p=353"},"modified":"2025-02-26T21:49:47","modified_gmt":"2025-02-26T20:49:47","slug":"schumann-x-3","status":"publish","type":"post","link":"https:\/\/blogsaverroes.juntadeandalucia.es\/fadehorca\/2025\/02\/11\/schumann-x-3\/","title":{"rendered":"Schumann x 3"},"content":{"rendered":"<p><img loading=\"lazy\" decoding=\"async\" class=\"alignnone \" src=\"https:\/\/upload.wikimedia.org\/wikipedia\/commons\/3\/3e\/Portrait_of_Robert_Schumann.jpg\" alt=\"Schumann\" width=\"158\" height=\"236\" \/><img loading=\"lazy\" decoding=\"async\" class=\"alignnone \" src=\"https:\/\/upload.wikimedia.org\/wikipedia\/commons\/3\/3e\/Portrait_of_Robert_Schumann.jpg\" alt=\"Schumann\" width=\"158\" height=\"236\" \/><img loading=\"lazy\" decoding=\"async\" class=\"alignnone \" src=\"https:\/\/upload.wikimedia.org\/wikipedia\/commons\/3\/3e\/Portrait_of_Robert_Schumann.jpg\" alt=\"Schumann\" width=\"158\" height=\"236\" \/><\/p>\n<p>No os aburrir\u00e9is, no, con este trabajo sobre la <span style=\"font-size: 24pt;color: #3366ff\">segunda romanza de Robert Schumann<\/span>. Es su \u00fanica composici\u00f3n para oboe, as\u00ed que es mejor saborearla bien.<\/p>\n<p>Vamos a hacer tres cosas con ella:<\/p>\n<p><span style=\"font-size: 18pt\"><strong>Primero<\/strong><\/span>, trabajaremos el color y las l\u00edneas, tocando la voz de acompa\u00f1amiento que cre\u00e9 hace un tiempo. Os dejo el ejemplo, el audio sobre el que pod\u00e9is tocar la segunda voz y la partitura:<\/p>\n<div class=\"post-video\"><iframe loading=\"lazy\" title=\"Schumann, Romanza n\u00ba 2 para oboe - Ejercicio con segunda voz extra.\" width=\"1165\" height=\"655\" src=\"https:\/\/www.youtube.com\/embed\/UuAYDnTckGc?feature=oembed\" frameborder=\"0\" allow=\"accelerometer; autoplay; clipboard-write; encrypted-media; gyroscope; picture-in-picture; web-share\" referrerpolicy=\"strict-origin-when-cross-origin\" allowfullscreen><\/iframe><\/div>\n<div class=\"post-video\"><iframe loading=\"lazy\" title=\"Schumann, Romanza n\u00ba 2 para oboe - Oboe y piano.\" width=\"1165\" height=\"655\" src=\"https:\/\/www.youtube.com\/embed\/X1P3WEyYrOo?feature=oembed\" frameborder=\"0\" allow=\"accelerometer; autoplay; clipboard-write; encrypted-media; gyroscope; picture-in-picture; web-share\" referrerpolicy=\"strict-origin-when-cross-origin\" allowfullscreen><\/iframe><\/div>\n<p><iframe loading=\"lazy\" src=\"https:\/\/musescore.com\/user\/4810581\/scores\/23405296\/embed\" width=\"100%\" height=\"394\" frameborder=\"0\"><\/iframe><\/p>\n<p><a href=\"https:\/\/musescore.com\/user\/4810581\/scores\/23405296\/s\/EgdgNO\" target=\"_blank\" rel=\"noopener\">Romanza 2, Op. 94 &#8211; 2 oboes<\/a> by <a href=\"https:\/\/musescore.com\/user\/4810581\">oboeprofe<\/a><\/p>\n<p><span style=\"font-size: 18pt\"><strong>Despu\u00e9s<\/strong><\/span>, tocaremos la divertida versi\u00f3n de Masmano y Mart\u00ednez, que nos ayudar\u00e1 a conectar bien el aire<\/p>\n<div class=\"post-video\"><iframe loading=\"lazy\" title=\"Schumann for &quot;2mans&quot; - (Masmano)\" width=\"1165\" height=\"874\" src=\"https:\/\/www.youtube.com\/embed\/eNe-YTFR9TE?feature=oembed\" frameborder=\"0\" allow=\"accelerometer; autoplay; clipboard-write; encrypted-media; gyroscope; picture-in-picture; web-share\" referrerpolicy=\"strict-origin-when-cross-origin\" allowfullscreen><\/iframe><\/div>\n<p><iframe loading=\"lazy\" src=\"https:\/\/musescore.com\/user\/4810581\/scores\/23403532\/embed\" width=\"100%\" height=\"394\" frameborder=\"0\"><\/iframe><\/p>\n<p><a href=\"https:\/\/musescore.com\/user\/4810581\/scores\/23403532\/s\/VanQ1k\" target=\"_blank\" rel=\"noopener\">Schumann for &#8220;2mans&#8221; &#8211; Schumann\/Masmano\/Mart\u00ednez<\/a> by <a href=\"https:\/\/musescore.com\/user\/4810581\">oboeprofe<\/a><\/p>\n<p><span style=\"font-size: 18pt\"><strong>Y por \u00faltimo<\/strong><\/span>, tocaremos la romanza. Seguro que nos sale casi casi como a Celine Moinet, \u00bfverdad? <span style=\"font-size: 24pt\">\ud83d\ude09<\/span><\/p>\n<div class=\"post-video\"><iframe loading=\"lazy\" title=\"Schumann - Romances for oboe &amp; piano : II. Einfach, innig\" width=\"1165\" height=\"655\" src=\"https:\/\/www.youtube.com\/embed\/d2bdn2RIsVY?feature=oembed\" frameborder=\"0\" allow=\"accelerometer; autoplay; clipboard-write; encrypted-media; gyroscope; picture-in-picture; web-share\" referrerpolicy=\"strict-origin-when-cross-origin\" allowfullscreen><\/iframe><\/div>\n<p>Os dejo una <span style=\"font-size: 18pt\"><strong>pista de acompa\u00f1amiento<\/strong><\/span>, para que la disfrut\u00e9is en casa como grandes concertistas que sois.<\/p>\n<div class=\"post-video\"><iframe loading=\"lazy\" title=\"Schumann - 3 Romances, Op.94 (piano accompaniment)\" width=\"1165\" height=\"655\" src=\"https:\/\/www.youtube.com\/embed\/qyJsyrCza20?start=234&#038;feature=oembed\" frameborder=\"0\" allow=\"accelerometer; autoplay; clipboard-write; encrypted-media; gyroscope; picture-in-picture; web-share\" referrerpolicy=\"strict-origin-when-cross-origin\" allowfullscreen><\/iframe><\/div>\n","protected":false},"excerpt":{"rendered":"<p>No os aburrir\u00e9is, no, con este trabajo sobre la segunda romanza de Robert Schumann. Es su \u00fanica composici\u00f3n para oboe, as\u00ed que es mejor saborearla bien. Vamos a hacer tres cosas con ella: Primero, trabajaremos el color y las l\u00edneas, tocando la voz de acompa\u00f1amiento que cre\u00e9 hace un tiempo. Os dejo el ejemplo, el [&hellip;]<\/p>\n","protected":false},"author":20013,"featured_media":0,"comment_status":"open","ping_status":"open","sticky":false,"template":"","format":"standard","meta":{"_exactmetrics_skip_tracking":false,"_exactmetrics_sitenote_active":false,"_exactmetrics_sitenote_note":"","_exactmetrics_sitenote_category":0,"footnotes":""},"categories":[8,11,13,2],"tags":[],"aioseo_notices":[],"post_mailing_queue_ids":[],"_links":{"self":[{"href":"https:\/\/blogsaverroes.juntadeandalucia.es\/fadehorca\/wp-json\/wp\/v2\/posts\/353"}],"collection":[{"href":"https:\/\/blogsaverroes.juntadeandalucia.es\/fadehorca\/wp-json\/wp\/v2\/posts"}],"about":[{"href":"https:\/\/blogsaverroes.juntadeandalucia.es\/fadehorca\/wp-json\/wp\/v2\/types\/post"}],"author":[{"embeddable":true,"href":"https:\/\/blogsaverroes.juntadeandalucia.es\/fadehorca\/wp-json\/wp\/v2\/users\/20013"}],"replies":[{"embeddable":true,"href":"https:\/\/blogsaverroes.juntadeandalucia.es\/fadehorca\/wp-json\/wp\/v2\/comments?post=353"}],"version-history":[{"count":3,"href":"https:\/\/blogsaverroes.juntadeandalucia.es\/fadehorca\/wp-json\/wp\/v2\/posts\/353\/revisions"}],"predecessor-version":[{"id":383,"href":"https:\/\/blogsaverroes.juntadeandalucia.es\/fadehorca\/wp-json\/wp\/v2\/posts\/353\/revisions\/383"}],"wp:attachment":[{"href":"https:\/\/blogsaverroes.juntadeandalucia.es\/fadehorca\/wp-json\/wp\/v2\/media?parent=353"}],"wp:term":[{"taxonomy":"category","embeddable":true,"href":"https:\/\/blogsaverroes.juntadeandalucia.es\/fadehorca\/wp-json\/wp\/v2\/categories?post=353"},{"taxonomy":"post_tag","embeddable":true,"href":"https:\/\/blogsaverroes.juntadeandalucia.es\/fadehorca\/wp-json\/wp\/v2\/tags?post=353"}],"curies":[{"name":"wp","href":"https:\/\/api.w.org\/{rel}","templated":true}]}}