{"id":487,"date":"2025-05-06T12:21:08","date_gmt":"2025-05-06T10:21:08","guid":{"rendered":"https:\/\/blogsaverroes.juntadeandalucia.es\/fadehorca\/?p=487"},"modified":"2025-05-06T12:21:08","modified_gmt":"2025-05-06T10:21:08","slug":"rcer-estudios","status":"publish","type":"post","link":"https:\/\/blogsaverroes.juntadeandalucia.es\/fadehorca\/2025\/05\/06\/rcer-estudios\/","title":{"rendered":"RCER estudios"},"content":{"rendered":"<p><img loading=\"lazy\" decoding=\"async\" class=\"alignleft size-medium wp-image-491\" src=\"https:\/\/blogsaverroes.juntadeandalucia.es\/fadehorca\/files\/2025\/05\/rcerrap-contra-el-racismo-estudios-APPROVED-300x169.png\" alt=\"Rap contra el racismo estudios, t\u00edtulo\" width=\"300\" height=\"169\" srcset=\"https:\/\/blogsaverroes.juntadeandalucia.es\/fadehorca\/files\/2025\/05\/rcerrap-contra-el-racismo-estudios-APPROVED-300x169.png 300w, https:\/\/blogsaverroes.juntadeandalucia.es\/fadehorca\/files\/2025\/05\/rcerrap-contra-el-racismo-estudios-APPROVED-1024x576.png 1024w, https:\/\/blogsaverroes.juntadeandalucia.es\/fadehorca\/files\/2025\/05\/rcerrap-contra-el-racismo-estudios-APPROVED-768x432.png 768w, https:\/\/blogsaverroes.juntadeandalucia.es\/fadehorca\/files\/2025\/05\/rcerrap-contra-el-racismo-estudios-APPROVED-1536x864.png 1536w, https:\/\/blogsaverroes.juntadeandalucia.es\/fadehorca\/files\/2025\/05\/rcerrap-contra-el-racismo-estudios-APPROVED.png 1920w\" sizes=\"(max-width: 300px) 100vw, 300px\" \/><\/p>\n<p>&nbsp;<\/p>\n<p>&nbsp;<\/p>\n<p>&nbsp;<\/p>\n<p>&nbsp;<\/p>\n<p>&nbsp;<\/p>\n<p>El mundo de la m\u00fasica es comprometido en general con todas las causas. Y dentro de este mundo, no hay gente tan directa como la gente del rap. Ten\u00eda muchas ganas de hacer este estudio, en el que os introduzco una melod\u00eda perteneciente a una fantas\u00eda de Telemann. Eso s\u00ed, modificada, ahora os la presento. Pero antes&#8230;<\/p>\n<p>&#8230;el <span style=\"font-size: 24pt\"><strong>ejemplo<\/strong><\/span> de c\u00f3mo sonar\u00e1 vuestro estudio:<\/p>\n<div class=\"post-video\"><iframe loading=\"lazy\" title=\"RCER (Rap contra el racismo) - Estudios para oboe\" width=\"1165\" height=\"655\" src=\"https:\/\/www.youtube.com\/embed\/w9bFo2Nwhvo?feature=oembed\" frameborder=\"0\" allow=\"accelerometer; autoplay; clipboard-write; encrypted-media; gyroscope; picture-in-picture; web-share\" referrerpolicy=\"strict-origin-when-cross-origin\" allowfullscreen><\/iframe><\/div>\n<p>&#8230;y la <span style=\"font-size: 24pt;color: #0000ff;font-family: 'trebuchet ms', geneva, sans-serif\"><a style=\"color: #0000ff\" href=\"https:\/\/drive.google.com\/file\/d\/1q_VTjilY3YNTUIMivxIkB3_QIu32oJfJ\/view?usp=sharing\" target=\"_blank\" rel=\"noopener\">Partitura del estudio RCER<\/a><\/span>, por si la extravi\u00e1is.<\/p>\n<p>Y ahora os dejo algunas cosas m\u00e1s:<\/p>\n<p>La <strong><em><span style=\"font-size: 18pt\">pieza original con subt\u00edtulos<\/span><\/em><\/strong>, vale la pena atender al texto:<\/p>\n<div class=\"post-video\"><iframe loading=\"lazy\" title=\"RAP CONTRA EL RACISMO [Con letra]\" width=\"1165\" height=\"655\" src=\"https:\/\/www.youtube.com\/embed\/HI_cw6Ko8BI?feature=oembed\" frameborder=\"0\" allow=\"accelerometer; autoplay; clipboard-write; encrypted-media; gyroscope; picture-in-picture; web-share\" referrerpolicy=\"strict-origin-when-cross-origin\" allowfullscreen><\/iframe><\/div>\n<p>La <strong><em><span style=\"font-size: 18pt\">fantas\u00eda n\u00famero 8 de Telemann<\/span><\/em><\/strong>, \u00bfencontr\u00e1is alg\u00fan parecido con alguna secci\u00f3n de los estudios?<\/p>\n<div class=\"post-video\"><iframe loading=\"lazy\" title=\"Telemann - Fantasia No. 8 - Inderm\u00fchle\" width=\"1165\" height=\"655\" src=\"https:\/\/www.youtube.com\/embed\/7e3nabbecec?list=PL-bn8O1sd5Q_6TNpSe73OgilPtEllO5YU\" frameborder=\"0\" allow=\"accelerometer; autoplay; clipboard-write; encrypted-media; gyroscope; picture-in-picture; web-share\" referrerpolicy=\"strict-origin-when-cross-origin\" allowfullscreen><\/iframe><\/div>\n<p><strong><em><span style=\"font-size: 18pt\">Bonus final. Estudio de picado<\/span><\/em><\/strong> <span style=\"font-size: 18pt\"><em><strong>y Re#<\/strong><\/em><\/span> con una secci\u00f3n de la pieza. Os lo dejo en musescore, \u00a1espero que disfrut\u00e9is todo esto con calma, es mucho material!<\/p>\n<p><iframe loading=\"lazy\" src=\"https:\/\/musescore.com\/user\/4810581\/scores\/25090201\/embed\" width=\"100%\" height=\"394\" frameborder=\"0\"><\/iframe><\/p>\n<p><a href=\"https:\/\/musescore.com\/user\/4810581\/scores\/25090201\/s\/L4_eRs\" target=\"_blank\" rel=\"noopener\">T\u00fa no eres racista t\u00edo &#8211; Estudio picado y re # oboe<\/a> by <a href=\"https:\/\/musescore.com\/user\/4810581\">oboeprofe<\/a><\/p>\n","protected":false},"excerpt":{"rendered":"<p>&nbsp; &nbsp; &nbsp; &nbsp; &nbsp; El mundo de la m\u00fasica es comprometido en general con todas las causas. Y dentro de este mundo, no hay gente tan directa como la gente del rap. Ten\u00eda muchas ganas de hacer este estudio, en el que os introduzco una melod\u00eda perteneciente a una fantas\u00eda de Telemann. Eso s\u00ed, [&hellip;]<\/p>\n","protected":false},"author":20013,"featured_media":0,"comment_status":"open","ping_status":"open","sticky":false,"template":"","format":"standard","meta":{"_exactmetrics_skip_tracking":false,"_exactmetrics_sitenote_active":false,"_exactmetrics_sitenote_note":"","_exactmetrics_sitenote_category":0,"footnotes":""},"categories":[8,11,13],"tags":[],"aioseo_notices":[],"post_mailing_queue_ids":[],"_links":{"self":[{"href":"https:\/\/blogsaverroes.juntadeandalucia.es\/fadehorca\/wp-json\/wp\/v2\/posts\/487"}],"collection":[{"href":"https:\/\/blogsaverroes.juntadeandalucia.es\/fadehorca\/wp-json\/wp\/v2\/posts"}],"about":[{"href":"https:\/\/blogsaverroes.juntadeandalucia.es\/fadehorca\/wp-json\/wp\/v2\/types\/post"}],"author":[{"embeddable":true,"href":"https:\/\/blogsaverroes.juntadeandalucia.es\/fadehorca\/wp-json\/wp\/v2\/users\/20013"}],"replies":[{"embeddable":true,"href":"https:\/\/blogsaverroes.juntadeandalucia.es\/fadehorca\/wp-json\/wp\/v2\/comments?post=487"}],"version-history":[{"count":2,"href":"https:\/\/blogsaverroes.juntadeandalucia.es\/fadehorca\/wp-json\/wp\/v2\/posts\/487\/revisions"}],"predecessor-version":[{"id":493,"href":"https:\/\/blogsaverroes.juntadeandalucia.es\/fadehorca\/wp-json\/wp\/v2\/posts\/487\/revisions\/493"}],"wp:attachment":[{"href":"https:\/\/blogsaverroes.juntadeandalucia.es\/fadehorca\/wp-json\/wp\/v2\/media?parent=487"}],"wp:term":[{"taxonomy":"category","embeddable":true,"href":"https:\/\/blogsaverroes.juntadeandalucia.es\/fadehorca\/wp-json\/wp\/v2\/categories?post=487"},{"taxonomy":"post_tag","embeddable":true,"href":"https:\/\/blogsaverroes.juntadeandalucia.es\/fadehorca\/wp-json\/wp\/v2\/tags?post=487"}],"curies":[{"name":"wp","href":"https:\/\/api.w.org\/{rel}","templated":true}]}}