{"id":532,"date":"2025-06-08T12:21:24","date_gmt":"2025-06-08T10:21:24","guid":{"rendered":"https:\/\/blogsaverroes.juntadeandalucia.es\/fadehorca\/?p=532"},"modified":"2025-06-08T12:21:24","modified_gmt":"2025-06-08T10:21:24","slug":"recuerdame-coco","status":"publish","type":"post","link":"https:\/\/blogsaverroes.juntadeandalucia.es\/fadehorca\/2025\/06\/08\/recuerdame-coco\/","title":{"rendered":"Recu\u00e9rdame (Coco)"},"content":{"rendered":"<p><img loading=\"lazy\" decoding=\"async\" class=\"alignleft wp-image-533\" src=\"https:\/\/blogsaverroes.juntadeandalucia.es\/fadehorca\/files\/2025\/06\/Captura-desde-2025-06-08-09-50-34-300x63.png\" alt=\"Recu\u00e9rdame T\u00edtulo\" width=\"424\" height=\"89\" srcset=\"https:\/\/blogsaverroes.juntadeandalucia.es\/fadehorca\/files\/2025\/06\/Captura-desde-2025-06-08-09-50-34-300x63.png 300w, https:\/\/blogsaverroes.juntadeandalucia.es\/fadehorca\/files\/2025\/06\/Captura-desde-2025-06-08-09-50-34-1024x215.png 1024w, https:\/\/blogsaverroes.juntadeandalucia.es\/fadehorca\/files\/2025\/06\/Captura-desde-2025-06-08-09-50-34-768x161.png 768w, https:\/\/blogsaverroes.juntadeandalucia.es\/fadehorca\/files\/2025\/06\/Captura-desde-2025-06-08-09-50-34.png 1048w\" sizes=\"(max-width: 424px) 100vw, 424px\" \/><\/p>\n<p>&nbsp;<\/p>\n<p>&nbsp;<\/p>\n<p>&nbsp;<\/p>\n<p>&nbsp;<\/p>\n<p>Por aqu\u00ed os dejo una melod\u00eda que os gusta mucho. Y no me extra\u00f1a, porque es ultra pegadiza, <span style=\"font-family: helvetica, arial, sans-serif;font-size: 18pt\"><strong>\u00a1cuidado, no se va de la cabeza!<\/strong><\/span><\/p>\n<p>F\u00e1cil y bonita. Os dejo un <span style=\"font-size: 18pt\"><strong>ejemplo<\/strong><\/span> de c\u00f3mo suena con oboe:<\/p>\n<div class=\"post-video\"><iframe loading=\"lazy\" title=\"Recu\u00e9rdame (Coco) - Versi\u00f3n oboe\" width=\"1165\" height=\"655\" src=\"https:\/\/www.youtube.com\/embed\/XVV6k_d1feQ?feature=oembed\" frameborder=\"0\" allow=\"accelerometer; autoplay; clipboard-write; encrypted-media; gyroscope; picture-in-picture; web-share\" referrerpolicy=\"strict-origin-when-cross-origin\" allowfullscreen><\/iframe><\/div>\n<p>\u00bfOs gusta? \u00a1Seguro que s\u00ed! <strong><span style=\"font-size: 24pt\">Aqu\u00ed os dejo la pista sin oboe<\/span><\/strong>, para que la disfrut\u00e9is a tope:<\/p>\n<div class=\"post-video\"><iframe loading=\"lazy\" title=\"Recu\u00e9rdame (Coco), Oboe - Pista de acompa\u00f1amiento\" width=\"1165\" height=\"655\" src=\"https:\/\/www.youtube.com\/embed\/EBqx7xTjtMQ?feature=oembed\" frameborder=\"0\" allow=\"accelerometer; autoplay; clipboard-write; encrypted-media; gyroscope; picture-in-picture; web-share\" referrerpolicy=\"strict-origin-when-cross-origin\" allowfullscreen><\/iframe><\/div>\n<p>Tambi\u00e9n os dejo el v\u00eddeo del cual he sacado la m\u00fasica de la canci\u00f3n, \u00a1ojo, en vuestra versi\u00f3n he cambiado el tono, aqu\u00ed suena un poco m\u00e1s grave!&#8230;<\/p>\n<div class=\"post-video\"><iframe loading=\"lazy\" title=\"Recu\u00e9rdame - Carlos Rivera (Coco) \/\/ Letra\" width=\"1165\" height=\"655\" src=\"https:\/\/www.youtube.com\/embed\/CNom1oaNxyU?feature=oembed\" frameborder=\"0\" allow=\"accelerometer; autoplay; clipboard-write; encrypted-media; gyroscope; picture-in-picture; web-share\" referrerpolicy=\"strict-origin-when-cross-origin\" allowfullscreen><\/iframe><\/div>\n<p>Y la partitura, en Musescore, por si os es \u00fatil:<\/p>\n<p><iframe loading=\"lazy\" src=\"https:\/\/musescore.com\/user\/4810581\/scores\/25650853\/embed\" width=\"100%\" height=\"394\" frameborder=\"0\"><\/iframe><\/p>\n<p><a href=\"https:\/\/musescore.com\/user\/4810581\/scores\/25650853\/s\/bE-bR1\" target=\"_blank\" rel=\"noopener\">Recu\u00e9rdame (Coco) &#8211; Oboe<\/a> by <a href=\"https:\/\/musescore.com\/user\/4810581\">oboeprofe<\/a><\/p>\n<p>\u00a1A tocarla bien bonita!<\/p>\n","protected":false},"excerpt":{"rendered":"<p>&nbsp; &nbsp; &nbsp; &nbsp; Por aqu\u00ed os dejo una melod\u00eda que os gusta mucho. Y no me extra\u00f1a, porque es ultra pegadiza, \u00a1cuidado, no se va de la cabeza! F\u00e1cil y bonita. Os dejo un ejemplo de c\u00f3mo suena con oboe: \u00bfOs gusta? \u00a1Seguro que s\u00ed! Aqu\u00ed os dejo la pista sin oboe, para que [&hellip;]<\/p>\n","protected":false},"author":20013,"featured_media":0,"comment_status":"open","ping_status":"open","sticky":false,"template":"","format":"standard","meta":{"_exactmetrics_skip_tracking":false,"_exactmetrics_sitenote_active":false,"_exactmetrics_sitenote_note":"","_exactmetrics_sitenote_category":0,"footnotes":""},"categories":[6,7,2],"tags":[],"aioseo_notices":[],"post_mailing_queue_ids":[],"_links":{"self":[{"href":"https:\/\/blogsaverroes.juntadeandalucia.es\/fadehorca\/wp-json\/wp\/v2\/posts\/532"}],"collection":[{"href":"https:\/\/blogsaverroes.juntadeandalucia.es\/fadehorca\/wp-json\/wp\/v2\/posts"}],"about":[{"href":"https:\/\/blogsaverroes.juntadeandalucia.es\/fadehorca\/wp-json\/wp\/v2\/types\/post"}],"author":[{"embeddable":true,"href":"https:\/\/blogsaverroes.juntadeandalucia.es\/fadehorca\/wp-json\/wp\/v2\/users\/20013"}],"replies":[{"embeddable":true,"href":"https:\/\/blogsaverroes.juntadeandalucia.es\/fadehorca\/wp-json\/wp\/v2\/comments?post=532"}],"version-history":[{"count":2,"href":"https:\/\/blogsaverroes.juntadeandalucia.es\/fadehorca\/wp-json\/wp\/v2\/posts\/532\/revisions"}],"predecessor-version":[{"id":535,"href":"https:\/\/blogsaverroes.juntadeandalucia.es\/fadehorca\/wp-json\/wp\/v2\/posts\/532\/revisions\/535"}],"wp:attachment":[{"href":"https:\/\/blogsaverroes.juntadeandalucia.es\/fadehorca\/wp-json\/wp\/v2\/media?parent=532"}],"wp:term":[{"taxonomy":"category","embeddable":true,"href":"https:\/\/blogsaverroes.juntadeandalucia.es\/fadehorca\/wp-json\/wp\/v2\/categories?post=532"},{"taxonomy":"post_tag","embeddable":true,"href":"https:\/\/blogsaverroes.juntadeandalucia.es\/fadehorca\/wp-json\/wp\/v2\/tags?post=532"}],"curies":[{"name":"wp","href":"https:\/\/api.w.org\/{rel}","templated":true}]}}