{"id":651,"date":"2025-09-22T13:14:44","date_gmt":"2025-09-22T11:14:44","guid":{"rendered":"https:\/\/blogsaverroes.juntadeandalucia.es\/fadehorca\/?p=651"},"modified":"2025-09-24T08:04:54","modified_gmt":"2025-09-24T06:04:54","slug":"the-spectre-1eb","status":"publish","type":"post","link":"https:\/\/blogsaverroes.juntadeandalucia.es\/fadehorca\/2025\/09\/22\/the-spectre-1eb\/","title":{"rendered":"The Spectre &#8211; 1EB"},"content":{"rendered":"<p><img loading=\"lazy\" decoding=\"async\" class=\"alignleft size-medium wp-image-652\" src=\"https:\/\/blogsaverroes.juntadeandalucia.es\/fadehorca\/files\/2025\/09\/Captura-desde-2025-09-22-07-41-58-300x199.png\" alt=\"Avi\u00f3n\" width=\"300\" height=\"199\" srcset=\"https:\/\/blogsaverroes.juntadeandalucia.es\/fadehorca\/files\/2025\/09\/Captura-desde-2025-09-22-07-41-58-300x199.png 300w, https:\/\/blogsaverroes.juntadeandalucia.es\/fadehorca\/files\/2025\/09\/Captura-desde-2025-09-22-07-41-58-1024x681.png 1024w, https:\/\/blogsaverroes.juntadeandalucia.es\/fadehorca\/files\/2025\/09\/Captura-desde-2025-09-22-07-41-58-768x511.png 768w, https:\/\/blogsaverroes.juntadeandalucia.es\/fadehorca\/files\/2025\/09\/Captura-desde-2025-09-22-07-41-58.png 1325w\" sizes=\"(max-width: 300px) 100vw, 300px\" \/><\/p>\n<p>&nbsp;<\/p>\n<p>&nbsp;<\/p>\n<p>&nbsp;<\/p>\n<p>&nbsp;<\/p>\n<p>&nbsp;<\/p>\n<p>&nbsp;<\/p>\n<p>\u00bfC\u00f3mo vais, <span style=\"font-size: 18pt\">nos divertimos un poco?<\/span> Aqu\u00ed va esta pieza tan marchosa para tocar en nuestras primeras clases de oboe<\/p>\n<div class=\"post-video\"><iframe loading=\"lazy\" title=\"The Spectre (Alan Walker) - 1EB Oboe\" width=\"1165\" height=\"655\" src=\"https:\/\/www.youtube.com\/embed\/eelTgEd0fj4?feature=oembed\" frameborder=\"0\" allow=\"accelerometer; autoplay; clipboard-write; encrypted-media; gyroscope; picture-in-picture; web-share\" referrerpolicy=\"strict-origin-when-cross-origin\" allowfullscreen><\/iframe><\/div>\n<p>Por aqu\u00ed os dejo la <a title=\"Partitura\" href=\"https:\/\/rebrand.ly\/ofnmavu\" target=\"_blank\" rel=\"noopener sponsored\"><span style=\"font-size: 36pt;font-family: 'trebuchet ms', geneva, sans-serif\">partitura<\/span><\/a><\/p>\n","protected":false},"excerpt":{"rendered":"<p>&nbsp; &nbsp; &nbsp; &nbsp; &nbsp; &nbsp; \u00bfC\u00f3mo vais, nos divertimos un poco? Aqu\u00ed va esta pieza tan marchosa para tocar en nuestras primeras clases de oboe Por aqu\u00ed os dejo la partitura<\/p>\n","protected":false},"author":20013,"featured_media":0,"comment_status":"open","ping_status":"open","sticky":false,"template":"","format":"standard","meta":{"_exactmetrics_skip_tracking":false,"_exactmetrics_sitenote_active":false,"_exactmetrics_sitenote_note":"","_exactmetrics_sitenote_category":0,"footnotes":""},"categories":[14,2],"tags":[],"aioseo_notices":[],"post_mailing_queue_ids":[],"_links":{"self":[{"href":"https:\/\/blogsaverroes.juntadeandalucia.es\/fadehorca\/wp-json\/wp\/v2\/posts\/651"}],"collection":[{"href":"https:\/\/blogsaverroes.juntadeandalucia.es\/fadehorca\/wp-json\/wp\/v2\/posts"}],"about":[{"href":"https:\/\/blogsaverroes.juntadeandalucia.es\/fadehorca\/wp-json\/wp\/v2\/types\/post"}],"author":[{"embeddable":true,"href":"https:\/\/blogsaverroes.juntadeandalucia.es\/fadehorca\/wp-json\/wp\/v2\/users\/20013"}],"replies":[{"embeddable":true,"href":"https:\/\/blogsaverroes.juntadeandalucia.es\/fadehorca\/wp-json\/wp\/v2\/comments?post=651"}],"version-history":[{"count":5,"href":"https:\/\/blogsaverroes.juntadeandalucia.es\/fadehorca\/wp-json\/wp\/v2\/posts\/651\/revisions"}],"predecessor-version":[{"id":667,"href":"https:\/\/blogsaverroes.juntadeandalucia.es\/fadehorca\/wp-json\/wp\/v2\/posts\/651\/revisions\/667"}],"wp:attachment":[{"href":"https:\/\/blogsaverroes.juntadeandalucia.es\/fadehorca\/wp-json\/wp\/v2\/media?parent=651"}],"wp:term":[{"taxonomy":"category","embeddable":true,"href":"https:\/\/blogsaverroes.juntadeandalucia.es\/fadehorca\/wp-json\/wp\/v2\/categories?post=651"},{"taxonomy":"post_tag","embeddable":true,"href":"https:\/\/blogsaverroes.juntadeandalucia.es\/fadehorca\/wp-json\/wp\/v2\/tags?post=651"}],"curies":[{"name":"wp","href":"https:\/\/api.w.org\/{rel}","templated":true}]}}