{"id":77,"date":"2024-10-21T13:55:33","date_gmt":"2024-10-21T11:55:33","guid":{"rendered":"https:\/\/blogsaverroes.juntadeandalucia.es\/fadehorca\/?p=77"},"modified":"2024-10-23T16:28:35","modified_gmt":"2024-10-23T14:28:35","slug":"documentos-post-tutoria-inicial","status":"publish","type":"post","link":"https:\/\/blogsaverroes.juntadeandalucia.es\/fadehorca\/2024\/10\/21\/documentos-post-tutoria-inicial\/","title":{"rendered":"Documentos post tutor\u00eda inicial"},"content":{"rendered":"<p><img loading=\"lazy\" decoding=\"async\" class=\"alignnone\" src=\"https:\/\/svgsilh.com\/svg\/1976101-009688.svg\" alt=\"Documentos\" width=\"167\" height=\"167\" \/><\/p>\n<p>Hola familias,<\/p>\n<p>Tras las tutor\u00edas iniciales que hemos mantenido en la segunda semana de octubre, os dejo en este post la documentaci\u00f3n que os puede resultar m\u00e1s \u00fatil:<\/p>\n<ul>\n<li>Pod\u00e9is acceder a la programaci\u00f3n a trav\u00e9s de la p\u00e1gina web del centro, en el apartado &#8220;Programaciones Did\u00e1cticas&#8221;. Os dejo un enlace directo:\u00a0<a title=\"Programaciones did\u00e1cticas\" href=\"https:\/\/www.cpmjaen.es\/blog\/programaciones-didacticas\/\" target=\"_blank\" rel=\"noopener\">Programaciones did\u00e1cticas<\/a>.<\/li>\n<li>El calendario escolar para este curso:\u00a0<a title=\"Calendario escolar\" href=\"https:\/\/drive.google.com\/file\/d\/1ZWHBDWdiu4VsKHpQ1sy2L0wvlnKJadAd\/view?usp=sharing\" target=\"_blank\" rel=\"noopener\">Calendario escolar.<\/a><\/li>\n<li>Para el alumnado de EP, el documento con instrucciones para reservar ensayos con las y los profesores pianistas acompa\u00f1antes:\u00a0<a title=\"Pianistas acompa\u00f1antes\" href=\"https:\/\/drive.google.com\/file\/d\/1qh7IdYY2p5grE5elsT8x5M5qGwVIZ8ce\/view?usp=sharing\" target=\"_blank\" rel=\"noopener\">Pianistas acompa\u00f1antes<\/a>.<\/li>\n<\/ul>\n<p>El horario de Tutor\u00eda de Atenci\u00f3n a las Familias es:<\/p>\n<ul>\n<li>Lunes de 4,30 a 5<\/li>\n<li>Mi\u00e9rcoles de 5 a 5,30<\/li>\n<\/ul>\n<p>No dud\u00e9is en contactar conmigo para comentar cualquier asunto que os preocupe, sugerencias, ideas&#8230;<\/p>\n<p>\u00a1Buen curso!<\/p>\n<p>Andr\u00e9s Parada<\/p>\n","protected":false},"excerpt":{"rendered":"<p>Hola familias, Tras las tutor\u00edas iniciales que hemos mantenido en la segunda semana de octubre, os dejo en este post la documentaci\u00f3n que os puede resultar m\u00e1s \u00fatil: Pod\u00e9is acceder a la programaci\u00f3n a trav\u00e9s de la p\u00e1gina web del centro, en el apartado &#8220;Programaciones Did\u00e1cticas&#8221;. Os dejo un enlace directo:\u00a0Programaciones did\u00e1cticas. El calendario escolar [&hellip;]<\/p>\n","protected":false},"author":20013,"featured_media":0,"comment_status":"open","ping_status":"open","sticky":false,"template":"","format":"standard","meta":{"_exactmetrics_skip_tracking":false,"_exactmetrics_sitenote_active":false,"_exactmetrics_sitenote_note":"","_exactmetrics_sitenote_category":0,"footnotes":""},"categories":[9,6,8,7,10,11,12,13],"tags":[],"aioseo_notices":[],"post_mailing_queue_ids":[],"_links":{"self":[{"href":"https:\/\/blogsaverroes.juntadeandalucia.es\/fadehorca\/wp-json\/wp\/v2\/posts\/77"}],"collection":[{"href":"https:\/\/blogsaverroes.juntadeandalucia.es\/fadehorca\/wp-json\/wp\/v2\/posts"}],"about":[{"href":"https:\/\/blogsaverroes.juntadeandalucia.es\/fadehorca\/wp-json\/wp\/v2\/types\/post"}],"author":[{"embeddable":true,"href":"https:\/\/blogsaverroes.juntadeandalucia.es\/fadehorca\/wp-json\/wp\/v2\/users\/20013"}],"replies":[{"embeddable":true,"href":"https:\/\/blogsaverroes.juntadeandalucia.es\/fadehorca\/wp-json\/wp\/v2\/comments?post=77"}],"version-history":[{"count":2,"href":"https:\/\/blogsaverroes.juntadeandalucia.es\/fadehorca\/wp-json\/wp\/v2\/posts\/77\/revisions"}],"predecessor-version":[{"id":105,"href":"https:\/\/blogsaverroes.juntadeandalucia.es\/fadehorca\/wp-json\/wp\/v2\/posts\/77\/revisions\/105"}],"wp:attachment":[{"href":"https:\/\/blogsaverroes.juntadeandalucia.es\/fadehorca\/wp-json\/wp\/v2\/media?parent=77"}],"wp:term":[{"taxonomy":"category","embeddable":true,"href":"https:\/\/blogsaverroes.juntadeandalucia.es\/fadehorca\/wp-json\/wp\/v2\/categories?post=77"},{"taxonomy":"post_tag","embeddable":true,"href":"https:\/\/blogsaverroes.juntadeandalucia.es\/fadehorca\/wp-json\/wp\/v2\/tags?post=77"}],"curies":[{"name":"wp","href":"https:\/\/api.w.org\/{rel}","templated":true}]}}