{"id":907,"date":"2025-11-13T08:01:39","date_gmt":"2025-11-13T07:01:39","guid":{"rendered":"https:\/\/blogsaverroes.juntadeandalucia.es\/fadehorca\/?p=907"},"modified":"2025-11-13T08:01:39","modified_gmt":"2025-11-13T07:01:39","slug":"soda-pop-mapa","status":"publish","type":"post","link":"https:\/\/blogsaverroes.juntadeandalucia.es\/fadehorca\/2025\/11\/13\/soda-pop-mapa\/","title":{"rendered":"Soda Pop &#8211; Mapa"},"content":{"rendered":"<p><img loading=\"lazy\" decoding=\"async\" class=\"alignnone \" src=\"https:\/\/c0.wallpaperflare.com\/preview\/777\/535\/719\/beverages-cold-colorful-colourful.jpg\" alt=\"Soda\" width=\"297\" height=\"198\" \/><\/p>\n<p>Aqu\u00ed ten\u00e9is una versi\u00f3n bien f\u00e1cil de la pieza. Est\u00e1 pensada <span style=\"font-size: 18pt\">para 1EB, o para que la gente de otros cursos disfrute de una pieza f\u00e1cil<\/span>, para calentar un poco.<\/p>\n<p><span style=\"font-size: 24pt\">\u2757<\/span>Ojo, solo podr\u00e9is tocarla junto al v\u00eddeo, porque <em><strong>he cambiado el tono<\/strong><\/em>.<\/p>\n<p>Os dejo el <span style=\"font-size: 18pt\"><strong>v\u00eddeo<\/strong><\/span>. Ver\u00e9is que se va coloreando en verde por d\u00f3nde va la canci\u00f3n, as\u00ed ten\u00e9is una ayuda en casa si est\u00e1is un poco perdidas\/os:<\/p>\n<div class=\"post-video\"><iframe loading=\"lazy\" title=\"Soda Pop. Mapa-Pista de acompa\u00f1amiento\" width=\"1165\" height=\"655\" src=\"https:\/\/www.youtube.com\/embed\/nD2zKklmIJ4?feature=oembed\" frameborder=\"0\" allow=\"accelerometer; autoplay; clipboard-write; encrypted-media; gyroscope; picture-in-picture; web-share\" referrerpolicy=\"strict-origin-when-cross-origin\" allowfullscreen><\/iframe><\/div>\n<p>Si no ten\u00e9is la partitura mapa, o la hab\u00e9is extraviado, por aqu\u00ed os la dejo:\u00a0<span style=\"font-size: 18pt\"><strong><span style=\"font-family: impact, sans-serif\"><a title=\"Soda Pop - Partitura Mapa\" href=\"https:\/\/rebrand.ly\/d58fp17\" target=\"_blank\" rel=\"noopener\">Soda Pop &#8211; Partitura Mapa<\/a><\/span><\/strong><\/span><\/p>\n<p>\u00a1A disfrutarla!<\/p>\n","protected":false},"excerpt":{"rendered":"<p>Aqu\u00ed ten\u00e9is una versi\u00f3n bien f\u00e1cil de la pieza. Est\u00e1 pensada para 1EB, o para que la gente de otros cursos disfrute de una pieza f\u00e1cil, para calentar un poco. \u2757Ojo, solo podr\u00e9is tocarla junto al v\u00eddeo, porque he cambiado el tono. Os dejo el v\u00eddeo. Ver\u00e9is que se va coloreando en verde por d\u00f3nde [&hellip;]<\/p>\n","protected":false},"author":20013,"featured_media":0,"comment_status":"open","ping_status":"open","sticky":false,"template":"","format":"standard","meta":{"_exactmetrics_skip_tracking":false,"_exactmetrics_sitenote_active":false,"_exactmetrics_sitenote_note":"","_exactmetrics_sitenote_category":0,"footnotes":""},"categories":[14,2],"tags":[],"aioseo_notices":[],"post_mailing_queue_ids":[],"_links":{"self":[{"href":"https:\/\/blogsaverroes.juntadeandalucia.es\/fadehorca\/wp-json\/wp\/v2\/posts\/907"}],"collection":[{"href":"https:\/\/blogsaverroes.juntadeandalucia.es\/fadehorca\/wp-json\/wp\/v2\/posts"}],"about":[{"href":"https:\/\/blogsaverroes.juntadeandalucia.es\/fadehorca\/wp-json\/wp\/v2\/types\/post"}],"author":[{"embeddable":true,"href":"https:\/\/blogsaverroes.juntadeandalucia.es\/fadehorca\/wp-json\/wp\/v2\/users\/20013"}],"replies":[{"embeddable":true,"href":"https:\/\/blogsaverroes.juntadeandalucia.es\/fadehorca\/wp-json\/wp\/v2\/comments?post=907"}],"version-history":[{"count":2,"href":"https:\/\/blogsaverroes.juntadeandalucia.es\/fadehorca\/wp-json\/wp\/v2\/posts\/907\/revisions"}],"predecessor-version":[{"id":910,"href":"https:\/\/blogsaverroes.juntadeandalucia.es\/fadehorca\/wp-json\/wp\/v2\/posts\/907\/revisions\/910"}],"wp:attachment":[{"href":"https:\/\/blogsaverroes.juntadeandalucia.es\/fadehorca\/wp-json\/wp\/v2\/media?parent=907"}],"wp:term":[{"taxonomy":"category","embeddable":true,"href":"https:\/\/blogsaverroes.juntadeandalucia.es\/fadehorca\/wp-json\/wp\/v2\/categories?post=907"},{"taxonomy":"post_tag","embeddable":true,"href":"https:\/\/blogsaverroes.juntadeandalucia.es\/fadehorca\/wp-json\/wp\/v2\/tags?post=907"}],"curies":[{"name":"wp","href":"https:\/\/api.w.org\/{rel}","templated":true}]}}