{"id":921,"date":"2025-11-21T17:19:57","date_gmt":"2025-11-21T16:19:57","guid":{"rendered":"https:\/\/blogsaverroes.juntadeandalucia.es\/fadehorca\/?p=921"},"modified":"2025-11-21T17:19:57","modified_gmt":"2025-11-21T16:19:57","slug":"es-de-maria","status":"publish","type":"post","link":"https:\/\/blogsaverroes.juntadeandalucia.es\/fadehorca\/2025\/11\/21\/es-de-maria\/","title":{"rendered":"Es de Mar\u00eda"},"content":{"rendered":"<p><img loading=\"lazy\" decoding=\"async\" class=\"alignnone \" src=\"https:\/\/cdn.pixabay.com\/photo\/2014\/10\/24\/08\/32\/duck-500911_960_720.jpg\" alt=\"Pato navide\u00f1o\" width=\"214\" height=\"169\" \/><\/p>\n<p>La Navidad llega cada a\u00f1o con m\u00e1s antelaci\u00f3n, y este no es una excepci\u00f3n. M\u00e1s de un obo\u00edsta y m\u00e1s de una obo\u00edsta est\u00e1 ya pensando en las deseadas vacaciones. Paciencia, \u00a1llegar\u00e1n!<\/p>\n<p>Mientras tanto, aparecen las <span style=\"font-size: 14pt\">primeras piezas navide\u00f1as<\/span> en vuestro repertorio, \u00a1aqu\u00ed una de ellas!<\/p>\n<p>Est\u00e1 en dos versiones, original y simple. Aqu\u00ed van los ejemplos:<\/p>\n<p><span style=\"font-size: 14pt\"><strong>Original<\/strong><\/span>:<\/p>\n<div class=\"post-video\"><iframe loading=\"lazy\" title=\"Es de Mar\u00eda, Coro Tajamar - Versi\u00f3n Oboe\" width=\"1165\" height=\"655\" src=\"https:\/\/www.youtube.com\/embed\/TegmDvEvIL0?feature=oembed\" frameborder=\"0\" allow=\"accelerometer; autoplay; clipboard-write; encrypted-media; gyroscope; picture-in-picture; web-share\" referrerpolicy=\"strict-origin-when-cross-origin\" allowfullscreen><\/iframe><\/div>\n<p><strong><span style=\"font-size: 14pt\">Simple<\/span><\/strong>:<\/p>\n<div class=\"post-video\"><iframe loading=\"lazy\" title=\"Es de Mar\u00eda, Coro Tajamar. Oboe \u2013 Versi\u00f3n Simplificada\" width=\"1165\" height=\"655\" src=\"https:\/\/www.youtube.com\/embed\/U-jv3dc3jUw?feature=oembed\" frameborder=\"0\" allow=\"accelerometer; autoplay; clipboard-write; encrypted-media; gyroscope; picture-in-picture; web-share\" referrerpolicy=\"strict-origin-when-cross-origin\" allowfullscreen><\/iframe><\/div>\n<p>El audio original que he utilizado es este:<\/p>\n<div class=\"post-video\"><iframe loading=\"lazy\" title=\"Villancico 2015 &quot;Es de Mar\u00eda&quot; - Coro de Tajamar con Los Secretos\" width=\"1165\" height=\"655\" src=\"https:\/\/www.youtube.com\/embed\/diBpYQB_Pj8?feature=oembed\" frameborder=\"0\" allow=\"accelerometer; autoplay; clipboard-write; encrypted-media; gyroscope; picture-in-picture; web-share\" referrerpolicy=\"strict-origin-when-cross-origin\" allowfullscreen><\/iframe><\/div>\n<p>Y por aqu\u00ed la <span style=\"font-size: 14pt\"><strong>partitura en musescore<\/strong><\/span>, pos si os hace falta:<\/p>\n<p><iframe loading=\"lazy\" src=\"https:\/\/musescore.com\/user\/4810581\/scores\/29440295\/embed\" width=\"100%\" height=\"394\" frameborder=\"0\"><\/iframe><\/p>\n<p><a href=\"https:\/\/musescore.com\/user\/4810581\/scores\/29440295\/s\/Dv9nP4\" target=\"_blank\" rel=\"noopener\">Es de Mar\u00eda, Coro de Tajamar &#8211; Oboe<\/a> by <a href=\"https:\/\/musescore.com\/user\/4810581\">oboeprofe<\/a><\/p>\n","protected":false},"excerpt":{"rendered":"<p>La Navidad llega cada a\u00f1o con m\u00e1s antelaci\u00f3n, y este no es una excepci\u00f3n. M\u00e1s de un obo\u00edsta y m\u00e1s de una obo\u00edsta est\u00e1 ya pensando en las deseadas vacaciones. Paciencia, \u00a1llegar\u00e1n! Mientras tanto, aparecen las primeras piezas navide\u00f1as en vuestro repertorio, \u00a1aqu\u00ed una de ellas! Est\u00e1 en dos versiones, original y simple. Aqu\u00ed van [&hellip;]<\/p>\n","protected":false},"author":20013,"featured_media":0,"comment_status":"open","ping_status":"open","sticky":false,"template":"","format":"standard","meta":{"_exactmetrics_skip_tracking":false,"_exactmetrics_sitenote_active":false,"_exactmetrics_sitenote_note":"","_exactmetrics_sitenote_category":0,"footnotes":""},"categories":[7,2],"tags":[],"aioseo_notices":[],"post_mailing_queue_ids":[],"_links":{"self":[{"href":"https:\/\/blogsaverroes.juntadeandalucia.es\/fadehorca\/wp-json\/wp\/v2\/posts\/921"}],"collection":[{"href":"https:\/\/blogsaverroes.juntadeandalucia.es\/fadehorca\/wp-json\/wp\/v2\/posts"}],"about":[{"href":"https:\/\/blogsaverroes.juntadeandalucia.es\/fadehorca\/wp-json\/wp\/v2\/types\/post"}],"author":[{"embeddable":true,"href":"https:\/\/blogsaverroes.juntadeandalucia.es\/fadehorca\/wp-json\/wp\/v2\/users\/20013"}],"replies":[{"embeddable":true,"href":"https:\/\/blogsaverroes.juntadeandalucia.es\/fadehorca\/wp-json\/wp\/v2\/comments?post=921"}],"version-history":[{"count":2,"href":"https:\/\/blogsaverroes.juntadeandalucia.es\/fadehorca\/wp-json\/wp\/v2\/posts\/921\/revisions"}],"predecessor-version":[{"id":923,"href":"https:\/\/blogsaverroes.juntadeandalucia.es\/fadehorca\/wp-json\/wp\/v2\/posts\/921\/revisions\/923"}],"wp:attachment":[{"href":"https:\/\/blogsaverroes.juntadeandalucia.es\/fadehorca\/wp-json\/wp\/v2\/media?parent=921"}],"wp:term":[{"taxonomy":"category","embeddable":true,"href":"https:\/\/blogsaverroes.juntadeandalucia.es\/fadehorca\/wp-json\/wp\/v2\/categories?post=921"},{"taxonomy":"post_tag","embeddable":true,"href":"https:\/\/blogsaverroes.juntadeandalucia.es\/fadehorca\/wp-json\/wp\/v2\/tags?post=921"}],"curies":[{"name":"wp","href":"https:\/\/api.w.org\/{rel}","templated":true}]}}