{"id":999,"date":"2026-01-08T07:36:47","date_gmt":"2026-01-08T06:36:47","guid":{"rendered":"https:\/\/blogsaverroes.juntadeandalucia.es\/fadehorca\/?p=999"},"modified":"2026-01-08T07:43:36","modified_gmt":"2026-01-08T06:43:36","slug":"paso-a-paso","status":"publish","type":"post","link":"https:\/\/blogsaverroes.juntadeandalucia.es\/fadehorca\/2026\/01\/08\/paso-a-paso\/","title":{"rendered":"Paso a paso"},"content":{"rendered":"<p><img loading=\"lazy\" decoding=\"async\" class=\"alignnone \" src=\"https:\/\/www.sophie-drinker-institut.de\/files\/Sammel-Ordner\/A-Z\/W\/Weinlich%20Portrait.jpg\" alt=\"Josephine Weinlich\" width=\"174\" height=\"247\" \/><\/p>\n<h1>Reto web para enero<\/h1>\n<p>Este a\u00f1o, el famoso concierto de a\u00f1o nuevo de la orquesta de Viena ha sido &#8220;revolucionario&#8221;. Y es que, entre otras cosas, se han interpretado piezas de dos mujeres compositoras. Algo que no deber\u00eda ser noticia, pensar\u00e9is; nada m\u00e1s lejos de la realidad.<\/p>\n<p>Por hiriente que nos parezca, la realidad es que hasta el a\u00f1o pasado no se interpret\u00f3 ninguna pieza compuesta por una mujer en este concierto, la amplia mayor\u00eda de sus int\u00e9rpretes son hombres y este concierto nunca lo ha dirigido una mujer (y parece que seguiremos as\u00ed al menos un a\u00f1o m\u00e1s)<\/p>\n<p>El caso es que s\u00ed es noticia, y s\u00ed es buena. Y tambi\u00e9n es cierto que nos queda much\u00edsimo camino que recorrer en cuanto a igualdad de g\u00e9nero nos referimos en el mundo de la m\u00fasica. Todas y todos podemos dar peque\u00f1os o grandes pasos.<\/p>\n<p>El vuestro puede ser el siguiente; como reto de enero, os invito a <strong>escribir un art\u00edculo en vuestro blog presentando a vuestra int\u00e9rprete, compositora, directora, profesora de m\u00fasica o estudiosa de la m\u00fasica favorita<\/strong>, Un reto bonito, \u00a1hacedlo con mimo!<\/p>\n","protected":false},"excerpt":{"rendered":"<p>Reto web para enero Este a\u00f1o, el famoso concierto de a\u00f1o nuevo de la orquesta de Viena ha sido &#8220;revolucionario&#8221;. Y es que, entre otras cosas, se han interpretado piezas de dos mujeres compositoras. Algo que no deber\u00eda ser noticia, pensar\u00e9is; nada m\u00e1s lejos de la realidad. Por hiriente que nos parezca, la realidad es [&hellip;]<\/p>\n","protected":false},"author":20013,"featured_media":0,"comment_status":"open","ping_status":"open","sticky":false,"template":"","format":"standard","meta":{"_exactmetrics_skip_tracking":false,"_exactmetrics_sitenote_active":false,"_exactmetrics_sitenote_note":"","_exactmetrics_sitenote_category":0,"footnotes":""},"categories":[9,8,10,11,12,13],"tags":[],"aioseo_notices":[],"post_mailing_queue_ids":[],"_links":{"self":[{"href":"https:\/\/blogsaverroes.juntadeandalucia.es\/fadehorca\/wp-json\/wp\/v2\/posts\/999"}],"collection":[{"href":"https:\/\/blogsaverroes.juntadeandalucia.es\/fadehorca\/wp-json\/wp\/v2\/posts"}],"about":[{"href":"https:\/\/blogsaverroes.juntadeandalucia.es\/fadehorca\/wp-json\/wp\/v2\/types\/post"}],"author":[{"embeddable":true,"href":"https:\/\/blogsaverroes.juntadeandalucia.es\/fadehorca\/wp-json\/wp\/v2\/users\/20013"}],"replies":[{"embeddable":true,"href":"https:\/\/blogsaverroes.juntadeandalucia.es\/fadehorca\/wp-json\/wp\/v2\/comments?post=999"}],"version-history":[{"count":5,"href":"https:\/\/blogsaverroes.juntadeandalucia.es\/fadehorca\/wp-json\/wp\/v2\/posts\/999\/revisions"}],"predecessor-version":[{"id":1004,"href":"https:\/\/blogsaverroes.juntadeandalucia.es\/fadehorca\/wp-json\/wp\/v2\/posts\/999\/revisions\/1004"}],"wp:attachment":[{"href":"https:\/\/blogsaverroes.juntadeandalucia.es\/fadehorca\/wp-json\/wp\/v2\/media?parent=999"}],"wp:term":[{"taxonomy":"category","embeddable":true,"href":"https:\/\/blogsaverroes.juntadeandalucia.es\/fadehorca\/wp-json\/wp\/v2\/categories?post=999"},{"taxonomy":"post_tag","embeddable":true,"href":"https:\/\/blogsaverroes.juntadeandalucia.es\/fadehorca\/wp-json\/wp\/v2\/tags?post=999"}],"curies":[{"name":"wp","href":"https:\/\/api.w.org\/{rel}","templated":true}]}}