{"id":1482,"date":"2024-10-01T20:18:38","date_gmt":"2024-10-01T18:18:38","guid":{"rendered":"https:\/\/blogsaverroes.juntadeandalucia.es\/feieramonycajal\/?p=1482"},"modified":"2024-10-10T20:20:46","modified_gmt":"2024-10-10T18:20:46","slug":"1482","status":"publish","type":"post","link":"https:\/\/blogsaverroes.juntadeandalucia.es\/feieramonycajal\/2024\/10\/01\/1482\/","title":{"rendered":"Competencia Digital Docente: \u00c1reas 5 y 6"},"content":{"rendered":"<p style=\"text-align: center\"><span style=\"font-size: 24pt;color: #ff6600\"><strong>DESARROLLA LA COMPETENCIA DIGITAL DOCENTE DE TU ALUMNADO<\/strong><\/span><\/p>\n<p style=\"text-align: center\"><span style=\"font-size: 24pt;color: #ff6600\"><strong>Y<\/strong><\/span><\/p>\n<p style=\"text-align: center\"><span style=\"font-size: 24pt;color: #ff6600\"><strong>EMPODERA A TU ALUMNADO<\/strong><\/span><\/p>\n<p>&nbsp;<\/p>\n<p style=\"text-align: center\"><strong><img decoding=\"async\" class=\"emoji emoji-image\" src=\"https:\/\/web.telegram.org\/k\/assets\/img\/emoji\/1f4e2.png\" alt=\"\ud83d\udce2\"><span style=\"color: #000080\"> Se ampl\u00eda el plazo de inscripci\u00f3n a los cursos \u00abDESARROLLA LA COMPETENCIA DIGITAL DE TU ALUMNADO\u00bb Y \u00abEMPODERA DIGITALMENTE A TU ALUMNADO\u00bb que completan las \u00e1reas 5 y 6 de la formaci\u00f3n CDD. <img decoding=\"async\" class=\"emoji emoji-image\" src=\"https:\/\/web.telegram.org\/k\/assets\/img\/emoji\/1f4c5.png\" alt=\"\ud83d\udcc5\"> Nuevas fechas de realizaci\u00f3n : del 21 de octubre al 24 de noviembre. Inscripci\u00f3n hasta el 15 de octubre. <img decoding=\"async\" class=\"emoji emoji-image\" src=\"https:\/\/web.telegram.org\/k\/assets\/img\/emoji\/1f3eb.png\" alt=\"\ud83c\udfeb\"> Lugar: Aula Virtual de Formaci\u00f3n del Profesorado. <img decoding=\"async\" class=\"emoji emoji-image\" src=\"https:\/\/web.telegram.org\/k\/assets\/img\/emoji\/1f517.png\" alt=\"\ud83d\udd17\"> M\u00e1s informaci\u00f3n e inscripci\u00f3n: <\/span><\/strong><\/p>\n<p style=\"text-align: center\"><span style=\"color: #000080\"><strong>\u00c1rea 5: <a class=\"anchor-url\" style=\"color: #000080\" href=\"https:\/\/www.juntadeandalucia.es\/educacion\/secretariavirtual\/consultaCEP\/actividad\/252923KPF532\/\" target=\"_blank\" rel=\"noopener noreferrer\" data-original-url=\"https:\/\/www.juntadeandalucia.es\/educacion\/secretariavirtual\/consultaCEP\/actividad\/252923KPF532\/\">https:\/\/www.juntadeandalucia.es\/educacion\/secretariavirtual\/consultaCEP\/actividad\/252923KPF532\/<\/a> <\/strong><\/span><\/p>\n<p style=\"text-align: center\"><span style=\"color: #000080\"><strong>\u00c1rea 6: <a class=\"anchor-url\" style=\"color: #000080\" href=\"https:\/\/www.juntadeandalucia.es\/educacion\/secretariavirtual\/consultaCEP\/actividad\/252923KPF531\/\" target=\"_blank\" rel=\"noopener noreferrer\">https:\/\/www.juntadeandalucia.es\/educacion\/secretariavirtual\/consultaCEP\/actividad\/252923KPF531\/<\/a><\/strong><\/span><\/p>\n<!--themify_builder_content-->\n<div id=\"themify_builder_content-1482\" data-postid=\"1482\" class=\"themify_builder_content themify_builder_content-1482 themify_builder tf_clear\">\n    <\/div>\n<!--\/themify_builder_content-->\n","protected":false},"excerpt":{"rendered":"<p>DESARROLLA LA COMPETENCIA DIGITAL DOCENTE DE TU ALUMNADO Y EMPODERA A TU ALUMNADO &nbsp; Se ampl\u00eda el plazo de inscripci\u00f3n a los cursos \u00abDESARROLLA LA COMPETENCIA DIGITAL DE TU ALUMNADO\u00bb Y \u00abEMPODERA DIGITALMENTE A TU ALUMNADO\u00bb que completan las \u00e1reas 5 y 6 de la formaci\u00f3n CDD. Nuevas fechas de realizaci\u00f3n : del 21 de [&hellip;]<\/p>\n","protected":false},"author":2391,"featured_media":0,"comment_status":"open","ping_status":"open","sticky":false,"template":"","format":"standard","meta":{"ngg_post_thumbnail":0,"footnotes":""},"categories":[1],"tags":[],"aioseo_notices":[],"_links":{"self":[{"href":"https:\/\/blogsaverroes.juntadeandalucia.es\/feieramonycajal\/wp-json\/wp\/v2\/posts\/1482"}],"collection":[{"href":"https:\/\/blogsaverroes.juntadeandalucia.es\/feieramonycajal\/wp-json\/wp\/v2\/posts"}],"about":[{"href":"https:\/\/blogsaverroes.juntadeandalucia.es\/feieramonycajal\/wp-json\/wp\/v2\/types\/post"}],"author":[{"embeddable":true,"href":"https:\/\/blogsaverroes.juntadeandalucia.es\/feieramonycajal\/wp-json\/wp\/v2\/users\/2391"}],"replies":[{"embeddable":true,"href":"https:\/\/blogsaverroes.juntadeandalucia.es\/feieramonycajal\/wp-json\/wp\/v2\/comments?post=1482"}],"version-history":[{"count":4,"href":"https:\/\/blogsaverroes.juntadeandalucia.es\/feieramonycajal\/wp-json\/wp\/v2\/posts\/1482\/revisions"}],"predecessor-version":[{"id":1486,"href":"https:\/\/blogsaverroes.juntadeandalucia.es\/feieramonycajal\/wp-json\/wp\/v2\/posts\/1482\/revisions\/1486"}],"wp:attachment":[{"href":"https:\/\/blogsaverroes.juntadeandalucia.es\/feieramonycajal\/wp-json\/wp\/v2\/media?parent=1482"}],"wp:term":[{"taxonomy":"category","embeddable":true,"href":"https:\/\/blogsaverroes.juntadeandalucia.es\/feieramonycajal\/wp-json\/wp\/v2\/categories?post=1482"},{"taxonomy":"post_tag","embeddable":true,"href":"https:\/\/blogsaverroes.juntadeandalucia.es\/feieramonycajal\/wp-json\/wp\/v2\/tags?post=1482"}],"curies":[{"name":"wp","href":"https:\/\/api.w.org\/{rel}","templated":true}]}}