{"id":1678,"date":"2025-01-15T13:58:42","date_gmt":"2025-01-15T12:58:42","guid":{"rendered":"https:\/\/blogsaverroes.juntadeandalucia.es\/feieramonycajal\/?p=1678"},"modified":"2025-01-17T14:00:29","modified_gmt":"2025-01-17T13:00:29","slug":"1678","status":"publish","type":"post","link":"https:\/\/blogsaverroes.juntadeandalucia.es\/feieramonycajal\/2025\/01\/15\/1678\/","title":{"rendered":"Curso a Distancia: Dise\u00f1o y Elaboraci\u00f3n de Pruebas de Certificaci\u00f3n de Lenguas"},"content":{"rendered":"<p style=\"text-align: center\"><a href=\"https:\/\/www.juntadeandalucia.es\/educacion\/secretariavirtual\/consultaCEP\/actividad\/259918KEO436\/\" target=\"_blank\" rel=\"noopener\"><span style=\"font-size: 24pt;color: #ff6600\"><strong>DISE\u00d1O Y ELABORACI\u00d3N DE PRUEBAS DE CERTIFICACI\u00d3N DE LENGUAS. ESTANDARIZACI\u00d3N DE NIVELES DEL MCERL.<\/strong><\/span><\/a><\/p>\n<!--themify_builder_content-->\n<div id=\"themify_builder_content-1678\" data-postid=\"1678\" class=\"themify_builder_content themify_builder_content-1678 themify_builder tf_clear\">\n    <\/div>\n<!--\/themify_builder_content-->\n","protected":false},"excerpt":{"rendered":"<p>DISE\u00d1O Y ELABORACI\u00d3N DE PRUEBAS DE CERTIFICACI\u00d3N DE LENGUAS. ESTANDARIZACI\u00d3N DE NIVELES DEL MCERL.<\/p>\n","protected":false},"author":2391,"featured_media":0,"comment_status":"open","ping_status":"open","sticky":false,"template":"","format":"standard","meta":{"ngg_post_thumbnail":0,"footnotes":""},"categories":[1],"tags":[],"aioseo_notices":[],"_links":{"self":[{"href":"https:\/\/blogsaverroes.juntadeandalucia.es\/feieramonycajal\/wp-json\/wp\/v2\/posts\/1678"}],"collection":[{"href":"https:\/\/blogsaverroes.juntadeandalucia.es\/feieramonycajal\/wp-json\/wp\/v2\/posts"}],"about":[{"href":"https:\/\/blogsaverroes.juntadeandalucia.es\/feieramonycajal\/wp-json\/wp\/v2\/types\/post"}],"author":[{"embeddable":true,"href":"https:\/\/blogsaverroes.juntadeandalucia.es\/feieramonycajal\/wp-json\/wp\/v2\/users\/2391"}],"replies":[{"embeddable":true,"href":"https:\/\/blogsaverroes.juntadeandalucia.es\/feieramonycajal\/wp-json\/wp\/v2\/comments?post=1678"}],"version-history":[{"count":3,"href":"https:\/\/blogsaverroes.juntadeandalucia.es\/feieramonycajal\/wp-json\/wp\/v2\/posts\/1678\/revisions"}],"predecessor-version":[{"id":1681,"href":"https:\/\/blogsaverroes.juntadeandalucia.es\/feieramonycajal\/wp-json\/wp\/v2\/posts\/1678\/revisions\/1681"}],"wp:attachment":[{"href":"https:\/\/blogsaverroes.juntadeandalucia.es\/feieramonycajal\/wp-json\/wp\/v2\/media?parent=1678"}],"wp:term":[{"taxonomy":"category","embeddable":true,"href":"https:\/\/blogsaverroes.juntadeandalucia.es\/feieramonycajal\/wp-json\/wp\/v2\/categories?post=1678"},{"taxonomy":"post_tag","embeddable":true,"href":"https:\/\/blogsaverroes.juntadeandalucia.es\/feieramonycajal\/wp-json\/wp\/v2\/tags?post=1678"}],"curies":[{"name":"wp","href":"https:\/\/api.w.org\/{rel}","templated":true}]}}