{"id":363,"date":"2022-10-22T18:52:22","date_gmt":"2022-10-22T16:52:22","guid":{"rendered":"https:\/\/blogsaverroes.juntadeandalucia.es\/feieramonycajal\/?p=363"},"modified":"2022-10-22T18:52:22","modified_gmt":"2022-10-22T16:52:22","slug":"curso-a-distancia-programacion-didactica-la-evaluacion-en-fp","status":"publish","type":"post","link":"https:\/\/blogsaverroes.juntadeandalucia.es\/feieramonycajal\/2022\/10\/22\/curso-a-distancia-programacion-didactica-la-evaluacion-en-fp\/","title":{"rendered":"Curso a Distancia: Programaci\u00f3n Did\u00e1ctica &#8211; La Evaluaci\u00f3n en FP"},"content":{"rendered":"<p style=\"text-align: center\"><a href=\"https:\/\/www.juntadeandalucia.es\/educacion\/secretariavirtual\/consultaCEP\/actividad\/231107FP010\/\" target=\"_blank\" rel=\"noopener noreferrer\"><span style=\"font-size: 14pt\"><strong>PROGRAMACI\u00d3N DID\u00c1CTICA: LA EVALUACI\u00d3N EN FP<\/strong><\/span><\/a><\/p>\n<!--themify_builder_content-->\n<div id=\"themify_builder_content-363\" data-postid=\"363\" class=\"themify_builder_content themify_builder_content-363 themify_builder tf_clear\">\n    <\/div>\n<!--\/themify_builder_content-->\n","protected":false},"excerpt":{"rendered":"<p>PROGRAMACI\u00d3N DID\u00c1CTICA: LA EVALUACI\u00d3N EN FP<\/p>\n","protected":false},"author":2391,"featured_media":0,"comment_status":"open","ping_status":"open","sticky":false,"template":"","format":"standard","meta":{"ngg_post_thumbnail":0,"footnotes":""},"categories":[1],"tags":[],"aioseo_notices":[],"_links":{"self":[{"href":"https:\/\/blogsaverroes.juntadeandalucia.es\/feieramonycajal\/wp-json\/wp\/v2\/posts\/363"}],"collection":[{"href":"https:\/\/blogsaverroes.juntadeandalucia.es\/feieramonycajal\/wp-json\/wp\/v2\/posts"}],"about":[{"href":"https:\/\/blogsaverroes.juntadeandalucia.es\/feieramonycajal\/wp-json\/wp\/v2\/types\/post"}],"author":[{"embeddable":true,"href":"https:\/\/blogsaverroes.juntadeandalucia.es\/feieramonycajal\/wp-json\/wp\/v2\/users\/2391"}],"replies":[{"embeddable":true,"href":"https:\/\/blogsaverroes.juntadeandalucia.es\/feieramonycajal\/wp-json\/wp\/v2\/comments?post=363"}],"version-history":[{"count":2,"href":"https:\/\/blogsaverroes.juntadeandalucia.es\/feieramonycajal\/wp-json\/wp\/v2\/posts\/363\/revisions"}],"predecessor-version":[{"id":365,"href":"https:\/\/blogsaverroes.juntadeandalucia.es\/feieramonycajal\/wp-json\/wp\/v2\/posts\/363\/revisions\/365"}],"wp:attachment":[{"href":"https:\/\/blogsaverroes.juntadeandalucia.es\/feieramonycajal\/wp-json\/wp\/v2\/media?parent=363"}],"wp:term":[{"taxonomy":"category","embeddable":true,"href":"https:\/\/blogsaverroes.juntadeandalucia.es\/feieramonycajal\/wp-json\/wp\/v2\/categories?post=363"},{"taxonomy":"post_tag","embeddable":true,"href":"https:\/\/blogsaverroes.juntadeandalucia.es\/feieramonycajal\/wp-json\/wp\/v2\/tags?post=363"}],"curies":[{"name":"wp","href":"https:\/\/api.w.org\/{rel}","templated":true}]}}