{"id":2244,"date":"2024-04-23T08:26:43","date_gmt":"2024-04-23T07:26:43","guid":{"rendered":"https:\/\/blogsaverroes.juntadeandalucia.es\/fgarcialorca\/?p=2244"},"modified":"2024-04-29T10:52:17","modified_gmt":"2024-04-29T09:52:17","slug":"semana-cultural","status":"publish","type":"post","link":"https:\/\/blogsaverroes.juntadeandalucia.es\/fgarcialorca\/semana-cultural\/","title":{"rendered":"Semana Cultural 2024 y D\u00eda del Libro"},"content":{"rendered":"<p><a href=\"https:\/\/blogsaverroes.juntadeandalucia.es\/fgarcialorca\/files\/2024\/04\/triptico-semana-cultural.png\"><img loading=\"lazy\" decoding=\"async\" class=\"aligncenter size-full wp-image-2239\" src=\"https:\/\/blogsaverroes.juntadeandalucia.es\/fgarcialorca\/files\/2024\/04\/triptico-semana-cultural.png\" alt=\"\" width=\"1870\" height=\"1322\" srcset=\"https:\/\/blogsaverroes.juntadeandalucia.es\/fgarcialorca\/files\/2024\/04\/triptico-semana-cultural.png 1870w, https:\/\/blogsaverroes.juntadeandalucia.es\/fgarcialorca\/files\/2024\/04\/triptico-semana-cultural-1280x905.png 1280w, https:\/\/blogsaverroes.juntadeandalucia.es\/fgarcialorca\/files\/2024\/04\/triptico-semana-cultural-980x693.png 980w, https:\/\/blogsaverroes.juntadeandalucia.es\/fgarcialorca\/files\/2024\/04\/triptico-semana-cultural-480x339.png 480w\" sizes=\"(min-width: 0px) and (max-width: 480px) 480px, (min-width: 481px) and (max-width: 980px) 980px, (min-width: 981px) and (max-width: 1280px) 1280px, (min-width: 1281px) 1870px, 100vw\" \/><\/a> <a href=\"https:\/\/blogsaverroes.juntadeandalucia.es\/fgarcialorca\/files\/2024\/04\/cronograma-semana-cultural.png\"><img loading=\"lazy\" decoding=\"async\" class=\"aligncenter size-full wp-image-2238\" src=\"https:\/\/blogsaverroes.juntadeandalucia.es\/fgarcialorca\/files\/2024\/04\/cronograma-semana-cultural.png\" alt=\"\" width=\"1866\" height=\"1316\" srcset=\"https:\/\/blogsaverroes.juntadeandalucia.es\/fgarcialorca\/files\/2024\/04\/cronograma-semana-cultural.png 1866w, https:\/\/blogsaverroes.juntadeandalucia.es\/fgarcialorca\/files\/2024\/04\/cronograma-semana-cultural-1280x903.png 1280w, https:\/\/blogsaverroes.juntadeandalucia.es\/fgarcialorca\/files\/2024\/04\/cronograma-semana-cultural-980x691.png 980w, https:\/\/blogsaverroes.juntadeandalucia.es\/fgarcialorca\/files\/2024\/04\/cronograma-semana-cultural-480x339.png 480w\" sizes=\"(min-width: 0px) and (max-width: 480px) 480px, (min-width: 481px) and (max-width: 980px) 980px, (min-width: 981px) and (max-width: 1280px) 1280px, (min-width: 1281px) 1866px, 100vw\" \/><\/a><a href=\"https:\/\/blogsaverroes.juntadeandalucia.es\/fgarcialorca\/files\/2024\/04\/programacion-semana-cultural.png\"><img loading=\"lazy\" decoding=\"async\" class=\"aligncenter size-full wp-image-2240\" src=\"https:\/\/blogsaverroes.juntadeandalucia.es\/fgarcialorca\/files\/2024\/04\/programacion-semana-cultural.png\" alt=\"\" width=\"1862\" height=\"1314\" srcset=\"https:\/\/blogsaverroes.juntadeandalucia.es\/fgarcialorca\/files\/2024\/04\/programacion-semana-cultural.png 1862w, https:\/\/blogsaverroes.juntadeandalucia.es\/fgarcialorca\/files\/2024\/04\/programacion-semana-cultural-1280x903.png 1280w, https:\/\/blogsaverroes.juntadeandalucia.es\/fgarcialorca\/files\/2024\/04\/programacion-semana-cultural-980x692.png 980w, https:\/\/blogsaverroes.juntadeandalucia.es\/fgarcialorca\/files\/2024\/04\/programacion-semana-cultural-480x339.png 480w\" sizes=\"(min-width: 0px) and (max-width: 480px) 480px, (min-width: 481px) and (max-width: 980px) 980px, (min-width: 981px) and (max-width: 1280px) 1280px, (min-width: 1281px) 1862px, 100vw\" \/><\/a>Esta semana viene marcada por nuestra semana cultural. En esta ocasi\u00f3n hemos elegido centrarla en torno a los <a href=\"https:\/\/www.un.org\/sustainabledevelopment\/es\/2015\/09\/la-asamblea-general-adopta-la-agenda-2030-para-el-desarrollo-sostenible\/\">Objetivos de Desarrollo Sostenible Agenda 2030<\/a>.<\/p>\n<p>Valores como la ecolog\u00eda, el cuidado del medio ambiente, la erradicaci\u00f3n de la pobreza y el buen uso de los recursos h\u00eddricos son la pieza central de nuestro puzzle cultural.&nbsp;<\/p>\n<p>Os dejo enlace al bolet\u00edn semanal, el cronograma de la semana y la distribuci\u00f3n de los distintos talleres por cursos. &nbsp;Agradecemos a toda la Comunidad Educativa su implicaci\u00f3n y esfuerzo generoso para sacar adelante este proyecto tan ilusionante.<\/p>\n<p>\u00a1Hola a todos\/as los amantes de los&nbsp; libros!<\/p>\n<p>Con el fin de celebrar la importancia de la lectura, nos reunimos muy emocionados y expectantes un a\u00f1o m\u00e1s, para compartir momentos lectores entre todo el alumnado y el profesorado.<\/p>\n<p>En nuestro colegio, reconocemos la importancia de fomentar el amor por la lectura desde peque\u00f1os. Nos&nbsp; encanta leer y compartir historias. Porque los libros no solo nos hacen m\u00e1s listos, \u00a1tambi\u00e9n nos hacen m\u00e1s felices! Leer aumenta la capacidad de comprensi\u00f3n, atenci\u00f3n y pensamiento cr\u00edtico a la par que estimula nuestra imaginaci\u00f3n y creatividad.<\/p>\n<p>Este amor por la lectura es avivado desde nuestras aulas y nuestra biblioteca: &#8220;Nos atrevemos a vivir sobre los \u00e1rboles, bajar al centro de la Tierra, hacernos de papel, relamernos los bigotes al comer jabal\u00ed, abrir el cofre del tesoro, entrar en una casita de chocolate y descubrir que Don Quijote no estaba loco&#8221;<\/p>\n<p>As\u00ed que hoy, y todos los d\u00edas, queremos decirle al mundo lo mucho que nos gustan los libros y que no olvidamos nunca, compartir nuestros libros favoritos, con todos nuestros amigos\/as. Porque cuando compartimos un libro, \u00a1compartimos un pedacito de magia!<span class=\"Apple-converted-space\">&nbsp;<\/span><\/p>\n<p>\u00a1Feliz D\u00eda del Libro, queridos amigos lectores!<\/p>\n<p>Equipo de Responsable de Biblioteca.<\/p>\n","protected":false},"excerpt":{"rendered":"<p>Esta semana viene marcada por nuestra semana cultural. En esta ocasi\u00f3n hemos elegido centrarla en torno a los Objetivos de Desarrollo Sostenible Agenda 2030.<\/p>\n","protected":false},"author":17518,"featured_media":0,"comment_status":"closed","ping_status":"open","sticky":false,"template":"","format":"standard","meta":{"_et_pb_use_builder":"","_et_pb_old_content":"","_et_gb_content_width":"","ngg_post_thumbnail":0,"footnotes":""},"categories":[2,23,1],"tags":[17,21,15,20,22,18,19,16],"aioseo_notices":[],"_links":{"self":[{"href":"https:\/\/blogsaverroes.juntadeandalucia.es\/fgarcialorca\/wp-json\/wp\/v2\/posts\/2244"}],"collection":[{"href":"https:\/\/blogsaverroes.juntadeandalucia.es\/fgarcialorca\/wp-json\/wp\/v2\/posts"}],"about":[{"href":"https:\/\/blogsaverroes.juntadeandalucia.es\/fgarcialorca\/wp-json\/wp\/v2\/types\/post"}],"author":[{"embeddable":true,"href":"https:\/\/blogsaverroes.juntadeandalucia.es\/fgarcialorca\/wp-json\/wp\/v2\/users\/17518"}],"replies":[{"embeddable":true,"href":"https:\/\/blogsaverroes.juntadeandalucia.es\/fgarcialorca\/wp-json\/wp\/v2\/comments?post=2244"}],"version-history":[{"count":4,"href":"https:\/\/blogsaverroes.juntadeandalucia.es\/fgarcialorca\/wp-json\/wp\/v2\/posts\/2244\/revisions"}],"predecessor-version":[{"id":2253,"href":"https:\/\/blogsaverroes.juntadeandalucia.es\/fgarcialorca\/wp-json\/wp\/v2\/posts\/2244\/revisions\/2253"}],"wp:attachment":[{"href":"https:\/\/blogsaverroes.juntadeandalucia.es\/fgarcialorca\/wp-json\/wp\/v2\/media?parent=2244"}],"wp:term":[{"taxonomy":"category","embeddable":true,"href":"https:\/\/blogsaverroes.juntadeandalucia.es\/fgarcialorca\/wp-json\/wp\/v2\/categories?post=2244"},{"taxonomy":"post_tag","embeddable":true,"href":"https:\/\/blogsaverroes.juntadeandalucia.es\/fgarcialorca\/wp-json\/wp\/v2\/tags?post=2244"}],"curies":[{"name":"wp","href":"https:\/\/api.w.org\/{rel}","templated":true}]}}