{"id":10188,"date":"2023-03-11T19:10:16","date_gmt":"2023-03-11T18:10:16","guid":{"rendered":"https:\/\/blogsaverroes.juntadeandalucia.es\/fglorca\/?p=10188"},"modified":"2024-12-08T20:09:52","modified_gmt":"2024-12-08T19:09:52","slug":"balada-interior","status":"publish","type":"post","link":"https:\/\/blogsaverroes.juntadeandalucia.es\/fglorca\/2023\/03\/11\/balada-interior\/","title":{"rendered":"Balada interior"},"content":{"rendered":"\t\t<div data-elementor-type=\"wp-post\" data-elementor-id=\"10188\" class=\"elementor elementor-10188\">\n\t\t\t\t\t\t<section class=\"elementor-section elementor-top-section elementor-element elementor-element-aa6011e elementor-section-boxed elementor-section-height-default elementor-section-height-default\" data-id=\"aa6011e\" data-element_type=\"section\">\n\t\t\t\t\t\t<div class=\"elementor-container elementor-column-gap-default\">\n\t\t\t\t\t<div class=\"elementor-column elementor-col-100 elementor-top-column elementor-element elementor-element-dae0dde\" data-id=\"dae0dde\" data-element_type=\"column\">\n\t\t\t<div class=\"elementor-widget-wrap elementor-element-populated\">\n\t\t\t\t\t\t<div class=\"elementor-element elementor-element-13e03786 elementor-widget elementor-widget-image\" data-id=\"13e03786\" data-element_type=\"widget\" data-widget_type=\"image.default\">\n\t\t\t\t<div class=\"elementor-widget-container\">\n\t\t\t\t\t\t\t\t\t\t\t\t\t\t\t<img fetchpriority=\"high\" decoding=\"async\" width=\"1024\" height=\"102\" src=\"https:\/\/blogsaverroes.juntadeandalucia.es\/fglorca\/files\/2023\/02\/Cartel-sembrando-poesi\u0301a-3400-\u00d7-340-px-1024x102.png\" class=\"attachment-large size-large wp-image-9974\" alt=\"\" srcset=\"https:\/\/blogsaverroes.juntadeandalucia.es\/fglorca\/files\/2023\/02\/Cartel-sembrando-poesi\u0301a-3400-\u00d7-340-px-1024x102.png 1024w, https:\/\/blogsaverroes.juntadeandalucia.es\/fglorca\/files\/2023\/02\/Cartel-sembrando-poesi\u0301a-3400-\u00d7-340-px-300x30.png 300w, https:\/\/blogsaverroes.juntadeandalucia.es\/fglorca\/files\/2023\/02\/Cartel-sembrando-poesi\u0301a-3400-\u00d7-340-px-768x77.png 768w, https:\/\/blogsaverroes.juntadeandalucia.es\/fglorca\/files\/2023\/02\/Cartel-sembrando-poesi\u0301a-3400-\u00d7-340-px-1536x154.png 1536w, https:\/\/blogsaverroes.juntadeandalucia.es\/fglorca\/files\/2023\/02\/Cartel-sembrando-poesi\u0301a-3400-\u00d7-340-px-2048x205.png 2048w, https:\/\/blogsaverroes.juntadeandalucia.es\/fglorca\/files\/2023\/02\/Cartel-sembrando-poesi\u0301a-3400-\u00d7-340-px-24x2.png 24w, https:\/\/blogsaverroes.juntadeandalucia.es\/fglorca\/files\/2023\/02\/Cartel-sembrando-poesi\u0301a-3400-\u00d7-340-px-36x4.png 36w, https:\/\/blogsaverroes.juntadeandalucia.es\/fglorca\/files\/2023\/02\/Cartel-sembrando-poesi\u0301a-3400-\u00d7-340-px-48x5.png 48w, https:\/\/blogsaverroes.juntadeandalucia.es\/fglorca\/files\/2023\/02\/Cartel-sembrando-poesi\u0301a-3400-\u00d7-340-px.png 1600w\" sizes=\"(max-width: 1024px) 100vw, 1024px\" \/>\t\t\t\t\t\t\t\t\t\t\t\t\t\t\t<\/div>\n\t\t\t\t<\/div>\n\t\t\t\t\t<\/div>\n\t\t<\/div>\n\t\t\t\t\t<\/div>\n\t\t<\/section>\n\t\t\t\t<section class=\"elementor-section elementor-top-section elementor-element elementor-element-d6aa181 elementor-section-boxed elementor-section-height-default elementor-section-height-default\" data-id=\"d6aa181\" data-element_type=\"section\">\n\t\t\t\t\t\t<div class=\"elementor-container elementor-column-gap-default\">\n\t\t\t\t\t<div class=\"elementor-column elementor-col-100 elementor-top-column elementor-element elementor-element-3b614992\" data-id=\"3b614992\" data-element_type=\"column\">\n\t\t\t<div class=\"elementor-widget-wrap elementor-element-populated\">\n\t\t\t\t\t\t<div class=\"elementor-element elementor-element-217dab59 elementor-widget elementor-widget-wp-widget-media_audio\" data-id=\"217dab59\" data-element_type=\"widget\" data-widget_type=\"wp-widget-media_audio.default\">\n\t\t\t\t<div class=\"elementor-widget-container\">\n\t\t\t\t\t<h5>BALADA INTERIOR. Federico Garc\u00eda Lorca.<\/h5><!--[if lt IE 9]><script>document.createElement('audio');<\/script><![endif]-->\n<audio class=\"wp-audio-shortcode\" id=\"audio-10188-1\" preload=\"none\" style=\"width: 100%;\" controls=\"controls\"><source type=\"audio\/mpeg\" src=\"https:\/\/blogsaverroes.juntadeandalucia.es\/fglorca\/files\/2023\/03\/16.-BALADA-INTERIOR-ALEJANDRO-5_3_23-19.49.mp3?_=1\" \/><source type=\"audio\/mpeg\" src=\"https:\/\/blogsaverroes.juntadeandalucia.es\/fglorca\/files\/2023\/03\/16.-BALADA-INTERIOR-ALEJANDRO-5_3_23-19.49.mp3?_=1\" \/><a href=\"https:\/\/blogsaverroes.juntadeandalucia.es\/fglorca\/files\/2023\/03\/16.-BALADA-INTERIOR-ALEJANDRO-5_3_23-19.49.mp3\">https:\/\/blogsaverroes.juntadeandalucia.es\/fglorca\/files\/2023\/03\/16.-BALADA-INTERIOR-ALEJANDRO-5_3_23-19.49.mp3<\/a><\/audio>\t\t\t\t<\/div>\n\t\t\t\t<\/div>\n\t\t\t\t\t<\/div>\n\t\t<\/div>\n\t\t\t\t\t<\/div>\n\t\t<\/section>\n\t\t\t\t<section class=\"elementor-section elementor-top-section elementor-element elementor-element-d119cba elementor-section-boxed elementor-section-height-default elementor-section-height-default\" data-id=\"d119cba\" data-element_type=\"section\">\n\t\t\t\t\t\t<div class=\"elementor-container elementor-column-gap-default\">\n\t\t\t\t\t<div class=\"elementor-column elementor-col-100 elementor-top-column elementor-element elementor-element-a6bd867\" data-id=\"a6bd867\" data-element_type=\"column\">\n\t\t\t<div class=\"elementor-widget-wrap elementor-element-populated\">\n\t\t\t\t\t\t<div class=\"elementor-element elementor-element-02b8b34 elementor-widget elementor-widget-text-editor\" data-id=\"02b8b34\" data-element_type=\"widget\" data-widget_type=\"text-editor.default\">\n\t\t\t\t<div class=\"elementor-widget-container\">\n\t\t\t\t\t\t\t\t\t<p style=\"text-align: center\"><strong>Alejandro de 2\u00ba de ESO<\/strong><strong>, nos recita este poema.<\/strong><\/p>\t\t\t\t\t\t\t\t<\/div>\n\t\t\t\t<\/div>\n\t\t\t\t\t<\/div>\n\t\t<\/div>\n\t\t\t\t\t<\/div>\n\t\t<\/section>\n\t\t\t\t<section class=\"elementor-section elementor-top-section elementor-element elementor-element-47ccddfd elementor-section-boxed elementor-section-height-default elementor-section-height-default\" data-id=\"47ccddfd\" data-element_type=\"section\">\n\t\t\t\t\t\t<div class=\"elementor-container elementor-column-gap-default\">\n\t\t\t\t\t<div class=\"elementor-column elementor-col-100 elementor-top-column elementor-element elementor-element-1d25838c\" data-id=\"1d25838c\" data-element_type=\"column\">\n\t\t\t<div class=\"elementor-widget-wrap elementor-element-populated\">\n\t\t\t\t\t\t<div class=\"elementor-element elementor-element-34be9647 elementor-widget elementor-widget-image\" data-id=\"34be9647\" data-element_type=\"widget\" data-widget_type=\"image.default\">\n\t\t\t\t<div class=\"elementor-widget-container\">\n\t\t\t\t\t\t\t\t\t\t\t\t\t\t\t<img decoding=\"async\" width=\"768\" height=\"1086\" src=\"https:\/\/blogsaverroes.juntadeandalucia.es\/fglorca\/files\/2023\/03\/Balada-interior-768x1086.jpg\" class=\"attachment-medium_large size-medium_large wp-image-10818\" alt=\"\" srcset=\"https:\/\/blogsaverroes.juntadeandalucia.es\/fglorca\/files\/2023\/03\/Balada-interior-768x1086.jpg 768w, https:\/\/blogsaverroes.juntadeandalucia.es\/fglorca\/files\/2023\/03\/Balada-interior-212x300.jpg 212w, https:\/\/blogsaverroes.juntadeandalucia.es\/fglorca\/files\/2023\/03\/Balada-interior-724x1024.jpg 724w, https:\/\/blogsaverroes.juntadeandalucia.es\/fglorca\/files\/2023\/03\/Balada-interior-17x24.jpg 17w, https:\/\/blogsaverroes.juntadeandalucia.es\/fglorca\/files\/2023\/03\/Balada-interior-25x36.jpg 25w, https:\/\/blogsaverroes.juntadeandalucia.es\/fglorca\/files\/2023\/03\/Balada-interior-34x48.jpg 34w, https:\/\/blogsaverroes.juntadeandalucia.es\/fglorca\/files\/2023\/03\/Balada-interior.jpg 884w\" sizes=\"(max-width: 768px) 100vw, 768px\" \/>\t\t\t\t\t\t\t\t\t\t\t\t\t\t\t<\/div>\n\t\t\t\t<\/div>\n\t\t\t\t<div class=\"elementor-element elementor-element-483a3116 elementor-align-center elementor-invisible elementor-widget elementor-widget-button\" data-id=\"483a3116\" data-element_type=\"widget\" data-settings=\"{&quot;_animation&quot;:&quot;fadeInDown&quot;}\" data-widget_type=\"button.default\">\n\t\t\t\t<div class=\"elementor-widget-container\">\n\t\t\t\t\t\t\t\t\t<div class=\"elementor-button-wrapper\">\n\t\t\t\t\t<a class=\"elementor-button elementor-button-link elementor-size-sm elementor-animation-pulse-grow\" href=\"https:\/\/blogsaverroes.juntadeandalucia.es\/fglorca\/radio-federico\/sembrando-poesia-21-de-marzo\/\">\n\t\t\t\t\t\t<span class=\"elementor-button-content-wrapper\">\n\t\t\t\t\t\t\t\t\t<span class=\"elementor-button-text\">Haz clic aqu\u00ed para escuchar todas las poes\u00edas de Sembrando Poes\u00eda<\/span>\n\t\t\t\t\t<\/span>\n\t\t\t\t\t<\/a>\n\t\t\t\t<\/div>\n\t\t\t\t\t\t\t\t<\/div>\n\t\t\t\t<\/div>\n\t\t\t\t\t<\/div>\n\t\t<\/div>\n\t\t\t\t\t<\/div>\n\t\t<\/section>\n\t\t\t\t<section class=\"elementor-section elementor-top-section elementor-element elementor-element-5efb247 elementor-section-boxed elementor-section-height-default elementor-section-height-default\" data-id=\"5efb247\" data-element_type=\"section\">\n\t\t\t\t\t\t<div class=\"elementor-container elementor-column-gap-default\">\n\t\t\t\t\t<div class=\"elementor-column elementor-col-100 elementor-top-column elementor-element elementor-element-8ce9d40\" data-id=\"8ce9d40\" data-element_type=\"column\">\n\t\t\t<div class=\"elementor-widget-wrap elementor-element-populated\">\n\t\t\t\t\t\t<div class=\"elementor-element elementor-element-4a04a350 elementor-widget elementor-widget-text-editor\" data-id=\"4a04a350\" data-element_type=\"widget\" data-widget_type=\"text-editor.default\">\n\t\t\t\t<div class=\"elementor-widget-container\">\n\t\t\t\t\t\t\t\t\t<p style=\"text-align: center\">Aqu\u00ed tienes todas en el canal de ivoox de Radio Federico.<\/p>\t\t\t\t\t\t\t\t<\/div>\n\t\t\t\t<\/div>\n\t\t\t\t\t<\/div>\n\t\t<\/div>\n\t\t\t\t\t<\/div>\n\t\t<\/section>\n\t\t\t\t<section class=\"elementor-section elementor-top-section elementor-element elementor-element-135d536e elementor-section-boxed elementor-section-height-default elementor-section-height-default\" data-id=\"135d536e\" data-element_type=\"section\">\n\t\t\t\t\t\t<div class=\"elementor-container elementor-column-gap-default\">\n\t\t\t\t\t<div class=\"elementor-column elementor-col-100 elementor-top-column elementor-element elementor-element-50035e51\" data-id=\"50035e51\" data-element_type=\"column\">\n\t\t\t<div class=\"elementor-widget-wrap elementor-element-populated\">\n\t\t\t\t\t\t<div class=\"elementor-element elementor-element-5d254374 elementor-widget elementor-widget-html\" data-id=\"5d254374\" data-element_type=\"widget\" data-widget_type=\"html.default\">\n\t\t\t\t<div class=\"elementor-widget-container\">\n\t\t\t\t\t<iframe src=\"https:\/\/www.ivoox.com\/player_es_podcast_1848257_zp_1.html?c1=eb8d2b\" width=\"100%\" height=\"400\" frameborder=\"0\" scrolling=\"no\"><\/iframe>\t\t\t\t<\/div>\n\t\t\t\t<\/div>\n\t\t\t\t\t<\/div>\n\t\t<\/div>\n\t\t\t\t\t<\/div>\n\t\t<\/section>\n\t\t\t\t<\/div>\n\t\t","protected":false},"excerpt":{"rendered":"<p>Alejandro de 2\u00ba de ESO, nos recita este poema. Haz clic aqu\u00ed para escuchar todas las poes\u00edas de Sembrando Poes\u00eda Aqu\u00ed tienes todas en el canal de ivoox de Radio Federico.<\/p>\n","protected":false},"author":13224,"featured_media":9994,"comment_status":"open","ping_status":"open","sticky":false,"template":"","format":"standard","meta":{"ngg_post_thumbnail":0,"footnotes":""},"categories":[1733884,307509,389296,386064,387987,1733906,1733912,1733809],"tags":[611306,1733905,387987,1733908],"aioseo_notices":[],"_links":{"self":[{"href":"https:\/\/blogsaverroes.juntadeandalucia.es\/fglorca\/wp-json\/wp\/v2\/posts\/10188"}],"collection":[{"href":"https:\/\/blogsaverroes.juntadeandalucia.es\/fglorca\/wp-json\/wp\/v2\/posts"}],"about":[{"href":"https:\/\/blogsaverroes.juntadeandalucia.es\/fglorca\/wp-json\/wp\/v2\/types\/post"}],"author":[{"embeddable":true,"href":"https:\/\/blogsaverroes.juntadeandalucia.es\/fglorca\/wp-json\/wp\/v2\/users\/13224"}],"replies":[{"embeddable":true,"href":"https:\/\/blogsaverroes.juntadeandalucia.es\/fglorca\/wp-json\/wp\/v2\/comments?post=10188"}],"version-history":[{"count":4,"href":"https:\/\/blogsaverroes.juntadeandalucia.es\/fglorca\/wp-json\/wp\/v2\/posts\/10188\/revisions"}],"predecessor-version":[{"id":11271,"href":"https:\/\/blogsaverroes.juntadeandalucia.es\/fglorca\/wp-json\/wp\/v2\/posts\/10188\/revisions\/11271"}],"wp:featuredmedia":[{"embeddable":true,"href":"https:\/\/blogsaverroes.juntadeandalucia.es\/fglorca\/wp-json\/wp\/v2\/media\/9994"}],"wp:attachment":[{"href":"https:\/\/blogsaverroes.juntadeandalucia.es\/fglorca\/wp-json\/wp\/v2\/media?parent=10188"}],"wp:term":[{"taxonomy":"category","embeddable":true,"href":"https:\/\/blogsaverroes.juntadeandalucia.es\/fglorca\/wp-json\/wp\/v2\/categories?post=10188"},{"taxonomy":"post_tag","embeddable":true,"href":"https:\/\/blogsaverroes.juntadeandalucia.es\/fglorca\/wp-json\/wp\/v2\/tags?post=10188"}],"curies":[{"name":"wp","href":"https:\/\/api.w.org\/{rel}","templated":true}]}}