{"id":10650,"date":"2023-03-15T23:12:17","date_gmt":"2023-03-15T22:12:17","guid":{"rendered":"https:\/\/blogsaverroes.juntadeandalucia.es\/fglorca\/?p=10650"},"modified":"2024-12-08T20:09:47","modified_gmt":"2024-12-08T19:09:47","slug":"alba","status":"publish","type":"post","link":"https:\/\/blogsaverroes.juntadeandalucia.es\/fglorca\/2023\/03\/15\/alba\/","title":{"rendered":"Alba"},"content":{"rendered":"\t\t<div data-elementor-type=\"wp-post\" data-elementor-id=\"10650\" class=\"elementor elementor-10650\">\n\t\t\t\t\t\t<section class=\"elementor-section elementor-top-section elementor-element elementor-element-524383e9 elementor-section-boxed elementor-section-height-default elementor-section-height-default\" data-id=\"524383e9\" data-element_type=\"section\">\n\t\t\t\t\t\t<div class=\"elementor-container elementor-column-gap-default\">\n\t\t\t\t\t<div class=\"elementor-column elementor-col-100 elementor-top-column elementor-element elementor-element-3c331993\" data-id=\"3c331993\" data-element_type=\"column\">\n\t\t\t<div class=\"elementor-widget-wrap elementor-element-populated\">\n\t\t\t\t\t\t<div class=\"elementor-element elementor-element-28909a2 elementor-widget elementor-widget-image\" data-id=\"28909a2\" data-element_type=\"widget\" data-widget_type=\"image.default\">\n\t\t\t\t<div class=\"elementor-widget-container\">\n\t\t\t\t\t\t\t\t\t\t\t\t\t\t\t<img fetchpriority=\"high\" decoding=\"async\" width=\"1024\" height=\"102\" src=\"https:\/\/blogsaverroes.juntadeandalucia.es\/fglorca\/files\/2023\/02\/Cartel-sembrando-poesi\u0301a-3400-\u00d7-340-px-1024x102.png\" class=\"attachment-large size-large wp-image-9974\" alt=\"\" srcset=\"https:\/\/blogsaverroes.juntadeandalucia.es\/fglorca\/files\/2023\/02\/Cartel-sembrando-poesi\u0301a-3400-\u00d7-340-px-1024x102.png 1024w, https:\/\/blogsaverroes.juntadeandalucia.es\/fglorca\/files\/2023\/02\/Cartel-sembrando-poesi\u0301a-3400-\u00d7-340-px-300x30.png 300w, https:\/\/blogsaverroes.juntadeandalucia.es\/fglorca\/files\/2023\/02\/Cartel-sembrando-poesi\u0301a-3400-\u00d7-340-px-768x77.png 768w, https:\/\/blogsaverroes.juntadeandalucia.es\/fglorca\/files\/2023\/02\/Cartel-sembrando-poesi\u0301a-3400-\u00d7-340-px-1536x154.png 1536w, https:\/\/blogsaverroes.juntadeandalucia.es\/fglorca\/files\/2023\/02\/Cartel-sembrando-poesi\u0301a-3400-\u00d7-340-px-2048x205.png 2048w, https:\/\/blogsaverroes.juntadeandalucia.es\/fglorca\/files\/2023\/02\/Cartel-sembrando-poesi\u0301a-3400-\u00d7-340-px-24x2.png 24w, https:\/\/blogsaverroes.juntadeandalucia.es\/fglorca\/files\/2023\/02\/Cartel-sembrando-poesi\u0301a-3400-\u00d7-340-px-36x4.png 36w, https:\/\/blogsaverroes.juntadeandalucia.es\/fglorca\/files\/2023\/02\/Cartel-sembrando-poesi\u0301a-3400-\u00d7-340-px-48x5.png 48w, https:\/\/blogsaverroes.juntadeandalucia.es\/fglorca\/files\/2023\/02\/Cartel-sembrando-poesi\u0301a-3400-\u00d7-340-px.png 1600w\" sizes=\"(max-width: 1024px) 100vw, 1024px\" \/>\t\t\t\t\t\t\t\t\t\t\t\t\t\t\t<\/div>\n\t\t\t\t<\/div>\n\t\t\t\t\t<\/div>\n\t\t<\/div>\n\t\t\t\t\t<\/div>\n\t\t<\/section>\n\t\t\t\t<section class=\"elementor-section elementor-top-section elementor-element elementor-element-3e65fe76 elementor-section-boxed elementor-section-height-default elementor-section-height-default\" data-id=\"3e65fe76\" data-element_type=\"section\">\n\t\t\t\t\t\t<div class=\"elementor-container elementor-column-gap-default\">\n\t\t\t\t\t<div class=\"elementor-column elementor-col-100 elementor-top-column elementor-element elementor-element-7e732a94\" data-id=\"7e732a94\" data-element_type=\"column\">\n\t\t\t<div class=\"elementor-widget-wrap elementor-element-populated\">\n\t\t\t\t\t\t<div class=\"elementor-element elementor-element-7ac2170c elementor-widget elementor-widget-wp-widget-media_audio\" data-id=\"7ac2170c\" data-element_type=\"widget\" data-widget_type=\"wp-widget-media_audio.default\">\n\t\t\t\t<div class=\"elementor-widget-container\">\n\t\t\t\t\t<h5>ALBA. Federico Garc\u00eda Lorca.<\/h5><!--[if lt IE 9]><script>document.createElement('audio');<\/script><![endif]-->\n<audio class=\"wp-audio-shortcode\" id=\"audio-10650-1\" preload=\"none\" style=\"width: 100%;\" controls=\"controls\"><source type=\"audio\/mpeg\" src=\"https:\/\/blogsaverroes.juntadeandalucia.es\/fglorca\/files\/2023\/03\/22.-ALBA.-MO\u0301NICA.mp3?_=1\" \/><source type=\"audio\/mpeg\" src=\"https:\/\/blogsaverroes.juntadeandalucia.es\/fglorca\/files\/2023\/03\/22.-ALBA.-MO\u0301NICA.mp3?_=1\" \/><a href=\"https:\/\/blogsaverroes.juntadeandalucia.es\/fglorca\/files\/2023\/03\/22.-ALBA.-MO\u0301NICA.mp3\">https:\/\/blogsaverroes.juntadeandalucia.es\/fglorca\/files\/2023\/03\/22.-ALBA.-MO\u0301NICA.mp3<\/a><\/audio>\t\t\t\t<\/div>\n\t\t\t\t<\/div>\n\t\t\t\t\t<\/div>\n\t\t<\/div>\n\t\t\t\t\t<\/div>\n\t\t<\/section>\n\t\t\t\t<section class=\"elementor-section elementor-top-section elementor-element elementor-element-76aee36 elementor-section-boxed elementor-section-height-default elementor-section-height-default\" data-id=\"76aee36\" data-element_type=\"section\">\n\t\t\t\t\t\t<div class=\"elementor-container elementor-column-gap-default\">\n\t\t\t\t\t<div class=\"elementor-column elementor-col-100 elementor-top-column elementor-element elementor-element-fded1c1\" data-id=\"fded1c1\" data-element_type=\"column\">\n\t\t\t<div class=\"elementor-widget-wrap elementor-element-populated\">\n\t\t\t\t\t\t<div class=\"elementor-element elementor-element-d15532e elementor-widget elementor-widget-text-editor\" data-id=\"d15532e\" data-element_type=\"widget\" data-widget_type=\"text-editor.default\">\n\t\t\t\t<div class=\"elementor-widget-container\">\n\t\t\t\t\t\t\t\t\t<p style=\"text-align: center\"><strong>M\u00f3nica de 2\u00ba de ESO<\/strong><strong>, nos recita este poema.<\/strong><\/p>\t\t\t\t\t\t\t\t<\/div>\n\t\t\t\t<\/div>\n\t\t\t\t\t<\/div>\n\t\t<\/div>\n\t\t\t\t\t<\/div>\n\t\t<\/section>\n\t\t\t\t<section class=\"elementor-section elementor-top-section elementor-element elementor-element-1a734a0d elementor-section-boxed elementor-section-height-default elementor-section-height-default\" data-id=\"1a734a0d\" data-element_type=\"section\">\n\t\t\t\t\t\t<div class=\"elementor-container elementor-column-gap-default\">\n\t\t\t\t\t<div class=\"elementor-column elementor-col-100 elementor-top-column elementor-element elementor-element-77d72a5d\" data-id=\"77d72a5d\" data-element_type=\"column\">\n\t\t\t<div class=\"elementor-widget-wrap elementor-element-populated\">\n\t\t\t\t\t\t<div class=\"elementor-element elementor-element-44a960ae elementor-widget elementor-widget-image\" data-id=\"44a960ae\" data-element_type=\"widget\" data-widget_type=\"image.default\">\n\t\t\t\t<div class=\"elementor-widget-container\">\n\t\t\t\t\t\t\t\t\t\t\t\t\t\t\t<img decoding=\"async\" width=\"768\" height=\"1086\" src=\"https:\/\/blogsaverroes.juntadeandalucia.es\/fglorca\/files\/2023\/03\/Alba-768x1086.jpg\" class=\"attachment-medium_large size-medium_large wp-image-10811\" alt=\"\" srcset=\"https:\/\/blogsaverroes.juntadeandalucia.es\/fglorca\/files\/2023\/03\/Alba-768x1086.jpg 768w, https:\/\/blogsaverroes.juntadeandalucia.es\/fglorca\/files\/2023\/03\/Alba-212x300.jpg 212w, https:\/\/blogsaverroes.juntadeandalucia.es\/fglorca\/files\/2023\/03\/Alba-724x1024.jpg 724w, https:\/\/blogsaverroes.juntadeandalucia.es\/fglorca\/files\/2023\/03\/Alba-17x24.jpg 17w, https:\/\/blogsaverroes.juntadeandalucia.es\/fglorca\/files\/2023\/03\/Alba-25x36.jpg 25w, https:\/\/blogsaverroes.juntadeandalucia.es\/fglorca\/files\/2023\/03\/Alba-34x48.jpg 34w, https:\/\/blogsaverroes.juntadeandalucia.es\/fglorca\/files\/2023\/03\/Alba.jpg 884w\" sizes=\"(max-width: 768px) 100vw, 768px\" \/>\t\t\t\t\t\t\t\t\t\t\t\t\t\t\t<\/div>\n\t\t\t\t<\/div>\n\t\t\t\t<div class=\"elementor-element elementor-element-23736b67 elementor-align-center elementor-invisible elementor-widget elementor-widget-button\" data-id=\"23736b67\" data-element_type=\"widget\" data-settings=\"{&quot;_animation&quot;:&quot;fadeInDown&quot;}\" data-widget_type=\"button.default\">\n\t\t\t\t<div class=\"elementor-widget-container\">\n\t\t\t\t\t\t\t\t\t<div class=\"elementor-button-wrapper\">\n\t\t\t\t\t<a class=\"elementor-button elementor-button-link elementor-size-sm elementor-animation-pulse-grow\" href=\"https:\/\/blogsaverroes.juntadeandalucia.es\/fglorca\/radio-federico\/sembrando-poesia-21-de-marzo\/\">\n\t\t\t\t\t\t<span class=\"elementor-button-content-wrapper\">\n\t\t\t\t\t\t\t\t\t<span class=\"elementor-button-text\">Haz clic aqu\u00ed para escuchar todas las poes\u00edas de Sembrando Poes\u00eda<\/span>\n\t\t\t\t\t<\/span>\n\t\t\t\t\t<\/a>\n\t\t\t\t<\/div>\n\t\t\t\t\t\t\t\t<\/div>\n\t\t\t\t<\/div>\n\t\t\t\t\t<\/div>\n\t\t<\/div>\n\t\t\t\t\t<\/div>\n\t\t<\/section>\n\t\t\t\t<section class=\"elementor-section elementor-top-section elementor-element elementor-element-758a90b7 elementor-section-boxed elementor-section-height-default elementor-section-height-default\" data-id=\"758a90b7\" data-element_type=\"section\">\n\t\t\t\t\t\t<div class=\"elementor-container elementor-column-gap-default\">\n\t\t\t\t\t<div class=\"elementor-column elementor-col-100 elementor-top-column elementor-element elementor-element-151266a0\" data-id=\"151266a0\" data-element_type=\"column\">\n\t\t\t<div class=\"elementor-widget-wrap elementor-element-populated\">\n\t\t\t\t\t\t<div class=\"elementor-element elementor-element-69324627 elementor-widget elementor-widget-text-editor\" data-id=\"69324627\" data-element_type=\"widget\" data-widget_type=\"text-editor.default\">\n\t\t\t\t<div class=\"elementor-widget-container\">\n\t\t\t\t\t\t\t\t\t<p style=\"text-align: center\">Aqu\u00ed tienes todas en el canal de ivoox de Radio Federico.<\/p>\t\t\t\t\t\t\t\t<\/div>\n\t\t\t\t<\/div>\n\t\t\t\t\t<\/div>\n\t\t<\/div>\n\t\t\t\t\t<\/div>\n\t\t<\/section>\n\t\t\t\t<section class=\"elementor-section elementor-top-section elementor-element elementor-element-321ef272 elementor-section-boxed elementor-section-height-default elementor-section-height-default\" data-id=\"321ef272\" data-element_type=\"section\">\n\t\t\t\t\t\t<div class=\"elementor-container elementor-column-gap-default\">\n\t\t\t\t\t<div class=\"elementor-column elementor-col-100 elementor-top-column elementor-element elementor-element-34379703\" data-id=\"34379703\" data-element_type=\"column\">\n\t\t\t<div class=\"elementor-widget-wrap elementor-element-populated\">\n\t\t\t\t\t\t<div class=\"elementor-element elementor-element-17f8d5da elementor-widget elementor-widget-html\" data-id=\"17f8d5da\" data-element_type=\"widget\" data-widget_type=\"html.default\">\n\t\t\t\t<div class=\"elementor-widget-container\">\n\t\t\t\t\t<iframe src=\"https:\/\/www.ivoox.com\/player_es_podcast_1848257_zp_1.html?c1=eb8d2b\" width=\"100%\" height=\"400\" frameborder=\"0\" scrolling=\"no\"><\/iframe>\t\t\t\t<\/div>\n\t\t\t\t<\/div>\n\t\t\t\t\t<\/div>\n\t\t<\/div>\n\t\t\t\t\t<\/div>\n\t\t<\/section>\n\t\t\t\t<\/div>\n\t\t","protected":false},"excerpt":{"rendered":"<p>M\u00f3nica de 2\u00ba de ESO, nos recita este poema. Haz clic aqu\u00ed para escuchar todas las poes\u00edas de Sembrando Poes\u00eda Aqu\u00ed tienes todas en el canal de ivoox de Radio Federico.<\/p>\n","protected":false},"author":13224,"featured_media":9994,"comment_status":"open","ping_status":"open","sticky":false,"template":"","format":"standard","meta":{"ngg_post_thumbnail":0,"footnotes":""},"categories":[1733884,307509,386064,387987,1733906,1733809],"tags":[611306,1733905,387987,1733908],"aioseo_notices":[],"_links":{"self":[{"href":"https:\/\/blogsaverroes.juntadeandalucia.es\/fglorca\/wp-json\/wp\/v2\/posts\/10650"}],"collection":[{"href":"https:\/\/blogsaverroes.juntadeandalucia.es\/fglorca\/wp-json\/wp\/v2\/posts"}],"about":[{"href":"https:\/\/blogsaverroes.juntadeandalucia.es\/fglorca\/wp-json\/wp\/v2\/types\/post"}],"author":[{"embeddable":true,"href":"https:\/\/blogsaverroes.juntadeandalucia.es\/fglorca\/wp-json\/wp\/v2\/users\/13224"}],"replies":[{"embeddable":true,"href":"https:\/\/blogsaverroes.juntadeandalucia.es\/fglorca\/wp-json\/wp\/v2\/comments?post=10650"}],"version-history":[{"count":4,"href":"https:\/\/blogsaverroes.juntadeandalucia.es\/fglorca\/wp-json\/wp\/v2\/posts\/10650\/revisions"}],"predecessor-version":[{"id":11161,"href":"https:\/\/blogsaverroes.juntadeandalucia.es\/fglorca\/wp-json\/wp\/v2\/posts\/10650\/revisions\/11161"}],"wp:featuredmedia":[{"embeddable":true,"href":"https:\/\/blogsaverroes.juntadeandalucia.es\/fglorca\/wp-json\/wp\/v2\/media\/9994"}],"wp:attachment":[{"href":"https:\/\/blogsaverroes.juntadeandalucia.es\/fglorca\/wp-json\/wp\/v2\/media?parent=10650"}],"wp:term":[{"taxonomy":"category","embeddable":true,"href":"https:\/\/blogsaverroes.juntadeandalucia.es\/fglorca\/wp-json\/wp\/v2\/categories?post=10650"},{"taxonomy":"post_tag","embeddable":true,"href":"https:\/\/blogsaverroes.juntadeandalucia.es\/fglorca\/wp-json\/wp\/v2\/tags?post=10650"}],"curies":[{"name":"wp","href":"https:\/\/api.w.org\/{rel}","templated":true}]}}