{"id":10733,"date":"2023-03-16T00:14:57","date_gmt":"2023-03-15T23:14:57","guid":{"rendered":"https:\/\/blogsaverroes.juntadeandalucia.es\/fglorca\/?p=10733"},"modified":"2024-12-08T20:09:45","modified_gmt":"2024-12-08T19:09:45","slug":"cafe-cantante","status":"publish","type":"post","link":"https:\/\/blogsaverroes.juntadeandalucia.es\/fglorca\/2023\/03\/16\/cafe-cantante\/","title":{"rendered":"Caf\u00e9 cantante"},"content":{"rendered":"\t\t<div data-elementor-type=\"wp-post\" data-elementor-id=\"10733\" class=\"elementor elementor-10733\">\n\t\t\t\t\t\t<section class=\"elementor-section elementor-top-section elementor-element elementor-element-6d4de80d elementor-section-boxed elementor-section-height-default elementor-section-height-default\" data-id=\"6d4de80d\" data-element_type=\"section\">\n\t\t\t\t\t\t<div class=\"elementor-container elementor-column-gap-default\">\n\t\t\t\t\t<div class=\"elementor-column elementor-col-100 elementor-top-column elementor-element elementor-element-24fd2d1\" data-id=\"24fd2d1\" data-element_type=\"column\">\n\t\t\t<div class=\"elementor-widget-wrap elementor-element-populated\">\n\t\t\t\t\t\t<div class=\"elementor-element elementor-element-6daf4d62 elementor-widget elementor-widget-image\" data-id=\"6daf4d62\" data-element_type=\"widget\" data-widget_type=\"image.default\">\n\t\t\t\t<div class=\"elementor-widget-container\">\n\t\t\t\t\t\t\t\t\t\t\t\t\t\t\t<img fetchpriority=\"high\" decoding=\"async\" width=\"1024\" height=\"102\" src=\"https:\/\/blogsaverroes.juntadeandalucia.es\/fglorca\/files\/2023\/02\/Cartel-sembrando-poesi\u0301a-3400-\u00d7-340-px-1024x102.png\" class=\"attachment-large size-large wp-image-9974\" alt=\"\" srcset=\"https:\/\/blogsaverroes.juntadeandalucia.es\/fglorca\/files\/2023\/02\/Cartel-sembrando-poesi\u0301a-3400-\u00d7-340-px-1024x102.png 1024w, https:\/\/blogsaverroes.juntadeandalucia.es\/fglorca\/files\/2023\/02\/Cartel-sembrando-poesi\u0301a-3400-\u00d7-340-px-300x30.png 300w, https:\/\/blogsaverroes.juntadeandalucia.es\/fglorca\/files\/2023\/02\/Cartel-sembrando-poesi\u0301a-3400-\u00d7-340-px-768x77.png 768w, https:\/\/blogsaverroes.juntadeandalucia.es\/fglorca\/files\/2023\/02\/Cartel-sembrando-poesi\u0301a-3400-\u00d7-340-px-1536x154.png 1536w, https:\/\/blogsaverroes.juntadeandalucia.es\/fglorca\/files\/2023\/02\/Cartel-sembrando-poesi\u0301a-3400-\u00d7-340-px-2048x205.png 2048w, https:\/\/blogsaverroes.juntadeandalucia.es\/fglorca\/files\/2023\/02\/Cartel-sembrando-poesi\u0301a-3400-\u00d7-340-px-24x2.png 24w, https:\/\/blogsaverroes.juntadeandalucia.es\/fglorca\/files\/2023\/02\/Cartel-sembrando-poesi\u0301a-3400-\u00d7-340-px-36x4.png 36w, https:\/\/blogsaverroes.juntadeandalucia.es\/fglorca\/files\/2023\/02\/Cartel-sembrando-poesi\u0301a-3400-\u00d7-340-px-48x5.png 48w, https:\/\/blogsaverroes.juntadeandalucia.es\/fglorca\/files\/2023\/02\/Cartel-sembrando-poesi\u0301a-3400-\u00d7-340-px.png 1600w\" sizes=\"(max-width: 1024px) 100vw, 1024px\" \/>\t\t\t\t\t\t\t\t\t\t\t\t\t\t\t<\/div>\n\t\t\t\t<\/div>\n\t\t\t\t\t<\/div>\n\t\t<\/div>\n\t\t\t\t\t<\/div>\n\t\t<\/section>\n\t\t\t\t<section class=\"elementor-section elementor-top-section elementor-element elementor-element-5c6dcf3b elementor-section-boxed elementor-section-height-default elementor-section-height-default\" data-id=\"5c6dcf3b\" data-element_type=\"section\">\n\t\t\t\t\t\t<div class=\"elementor-container elementor-column-gap-default\">\n\t\t\t\t\t<div class=\"elementor-column elementor-col-100 elementor-top-column elementor-element elementor-element-4afa7d1b\" data-id=\"4afa7d1b\" data-element_type=\"column\">\n\t\t\t<div class=\"elementor-widget-wrap elementor-element-populated\">\n\t\t\t\t\t\t<div class=\"elementor-element elementor-element-4fb42551 elementor-widget elementor-widget-wp-widget-media_audio\" data-id=\"4fb42551\" data-element_type=\"widget\" data-widget_type=\"wp-widget-media_audio.default\">\n\t\t\t\t<div class=\"elementor-widget-container\">\n\t\t\t\t\t<h5>CAF\u00c9 CANTANTE. Federico Garc\u00eda Lorca.<\/h5><!--[if lt IE 9]><script>document.createElement('audio');<\/script><![endif]-->\n<audio class=\"wp-audio-shortcode\" id=\"audio-10733-1\" preload=\"none\" style=\"width: 100%;\" controls=\"controls\"><source type=\"audio\/mpeg\" src=\"https:\/\/blogsaverroes.juntadeandalucia.es\/fglorca\/files\/2023\/03\/30.-CAF\u00c9-CANTANTE.-NAGORE.mp3?_=1\" \/><source type=\"audio\/mpeg\" src=\"https:\/\/blogsaverroes.juntadeandalucia.es\/fglorca\/files\/2023\/03\/30.-CAF\u00c9-CANTANTE.-NAGORE.mp3?_=1\" \/><a href=\"https:\/\/blogsaverroes.juntadeandalucia.es\/fglorca\/files\/2023\/03\/30.-CAF\u00c9-CANTANTE.-NAGORE.mp3\">https:\/\/blogsaverroes.juntadeandalucia.es\/fglorca\/files\/2023\/03\/30.-CAF\u00c9-CANTANTE.-NAGORE.mp3<\/a><\/audio>\t\t\t\t<\/div>\n\t\t\t\t<\/div>\n\t\t\t\t\t<\/div>\n\t\t<\/div>\n\t\t\t\t\t<\/div>\n\t\t<\/section>\n\t\t\t\t<section class=\"elementor-section elementor-top-section elementor-element elementor-element-4159c78 elementor-section-boxed elementor-section-height-default elementor-section-height-default\" data-id=\"4159c78\" data-element_type=\"section\">\n\t\t\t\t\t\t<div class=\"elementor-container elementor-column-gap-default\">\n\t\t\t\t\t<div class=\"elementor-column elementor-col-100 elementor-top-column elementor-element elementor-element-e4e53e7\" data-id=\"e4e53e7\" data-element_type=\"column\">\n\t\t\t<div class=\"elementor-widget-wrap elementor-element-populated\">\n\t\t\t\t\t\t<div class=\"elementor-element elementor-element-64a5c74 elementor-widget elementor-widget-text-editor\" data-id=\"64a5c74\" data-element_type=\"widget\" data-widget_type=\"text-editor.default\">\n\t\t\t\t<div class=\"elementor-widget-container\">\n\t\t\t\t\t\t\t\t\t<p style=\"text-align: center\"><strong>Nagore de 2\u00ba de ESO<\/strong><strong>, nos recita este poema.<\/strong><\/p>\t\t\t\t\t\t\t\t<\/div>\n\t\t\t\t<\/div>\n\t\t\t\t\t<\/div>\n\t\t<\/div>\n\t\t\t\t\t<\/div>\n\t\t<\/section>\n\t\t\t\t<section class=\"elementor-section elementor-top-section elementor-element elementor-element-2003704d elementor-section-boxed elementor-section-height-default elementor-section-height-default\" data-id=\"2003704d\" data-element_type=\"section\">\n\t\t\t\t\t\t<div class=\"elementor-container elementor-column-gap-default\">\n\t\t\t\t\t<div class=\"elementor-column elementor-col-100 elementor-top-column elementor-element elementor-element-6af87016\" data-id=\"6af87016\" data-element_type=\"column\">\n\t\t\t<div class=\"elementor-widget-wrap elementor-element-populated\">\n\t\t\t\t\t\t<div class=\"elementor-element elementor-element-5a321788 elementor-widget elementor-widget-image\" data-id=\"5a321788\" data-element_type=\"widget\" data-widget_type=\"image.default\">\n\t\t\t\t<div class=\"elementor-widget-container\">\n\t\t\t\t\t\t\t\t\t\t\t\t\t\t\t<img decoding=\"async\" width=\"768\" height=\"1086\" src=\"https:\/\/blogsaverroes.juntadeandalucia.es\/fglorca\/files\/2023\/03\/Cafe\u0301-cantante-768x1086.jpg\" class=\"attachment-medium_large size-medium_large wp-image-10819\" alt=\"\" srcset=\"https:\/\/blogsaverroes.juntadeandalucia.es\/fglorca\/files\/2023\/03\/Cafe\u0301-cantante-768x1086.jpg 768w, https:\/\/blogsaverroes.juntadeandalucia.es\/fglorca\/files\/2023\/03\/Cafe\u0301-cantante-212x300.jpg 212w, https:\/\/blogsaverroes.juntadeandalucia.es\/fglorca\/files\/2023\/03\/Cafe\u0301-cantante-724x1024.jpg 724w, https:\/\/blogsaverroes.juntadeandalucia.es\/fglorca\/files\/2023\/03\/Cafe\u0301-cantante-17x24.jpg 17w, https:\/\/blogsaverroes.juntadeandalucia.es\/fglorca\/files\/2023\/03\/Cafe\u0301-cantante-25x36.jpg 25w, https:\/\/blogsaverroes.juntadeandalucia.es\/fglorca\/files\/2023\/03\/Cafe\u0301-cantante-34x48.jpg 34w, https:\/\/blogsaverroes.juntadeandalucia.es\/fglorca\/files\/2023\/03\/Cafe\u0301-cantante.jpg 884w\" sizes=\"(max-width: 768px) 100vw, 768px\" \/>\t\t\t\t\t\t\t\t\t\t\t\t\t\t\t<\/div>\n\t\t\t\t<\/div>\n\t\t\t\t<div class=\"elementor-element elementor-element-9c615ab elementor-align-center elementor-invisible elementor-widget elementor-widget-button\" data-id=\"9c615ab\" data-element_type=\"widget\" data-settings=\"{&quot;_animation&quot;:&quot;fadeInDown&quot;}\" data-widget_type=\"button.default\">\n\t\t\t\t<div class=\"elementor-widget-container\">\n\t\t\t\t\t\t\t\t\t<div class=\"elementor-button-wrapper\">\n\t\t\t\t\t<a class=\"elementor-button elementor-button-link elementor-size-sm elementor-animation-pulse-grow\" href=\"https:\/\/blogsaverroes.juntadeandalucia.es\/fglorca\/radio-federico\/sembrando-poesia-21-de-marzo\/\">\n\t\t\t\t\t\t<span class=\"elementor-button-content-wrapper\">\n\t\t\t\t\t\t\t\t\t<span class=\"elementor-button-text\">Haz clic aqu\u00ed para escuchar todas las poes\u00edas de Sembrando Poes\u00eda<\/span>\n\t\t\t\t\t<\/span>\n\t\t\t\t\t<\/a>\n\t\t\t\t<\/div>\n\t\t\t\t\t\t\t\t<\/div>\n\t\t\t\t<\/div>\n\t\t\t\t\t<\/div>\n\t\t<\/div>\n\t\t\t\t\t<\/div>\n\t\t<\/section>\n\t\t\t\t<section class=\"elementor-section elementor-top-section elementor-element elementor-element-6a72432b elementor-section-boxed elementor-section-height-default elementor-section-height-default\" data-id=\"6a72432b\" data-element_type=\"section\">\n\t\t\t\t\t\t<div class=\"elementor-container elementor-column-gap-default\">\n\t\t\t\t\t<div class=\"elementor-column elementor-col-100 elementor-top-column elementor-element elementor-element-451f9202\" data-id=\"451f9202\" data-element_type=\"column\">\n\t\t\t<div class=\"elementor-widget-wrap elementor-element-populated\">\n\t\t\t\t\t\t<div class=\"elementor-element elementor-element-50d817fb elementor-widget elementor-widget-text-editor\" data-id=\"50d817fb\" data-element_type=\"widget\" data-widget_type=\"text-editor.default\">\n\t\t\t\t<div class=\"elementor-widget-container\">\n\t\t\t\t\t\t\t\t\t<p style=\"text-align: center\">Aqu\u00ed tienes todas en el canal de ivoox de Radio Federico.<\/p>\t\t\t\t\t\t\t\t<\/div>\n\t\t\t\t<\/div>\n\t\t\t\t\t<\/div>\n\t\t<\/div>\n\t\t\t\t\t<\/div>\n\t\t<\/section>\n\t\t\t\t<section class=\"elementor-section elementor-top-section elementor-element elementor-element-327a5824 elementor-section-boxed elementor-section-height-default elementor-section-height-default\" data-id=\"327a5824\" data-element_type=\"section\">\n\t\t\t\t\t\t<div class=\"elementor-container elementor-column-gap-default\">\n\t\t\t\t\t<div class=\"elementor-column elementor-col-100 elementor-top-column elementor-element elementor-element-45b2ec6a\" data-id=\"45b2ec6a\" data-element_type=\"column\">\n\t\t\t<div class=\"elementor-widget-wrap elementor-element-populated\">\n\t\t\t\t\t\t<div class=\"elementor-element elementor-element-3b8a3eab elementor-widget elementor-widget-html\" data-id=\"3b8a3eab\" data-element_type=\"widget\" data-widget_type=\"html.default\">\n\t\t\t\t<div class=\"elementor-widget-container\">\n\t\t\t\t\t<iframe src=\"https:\/\/www.ivoox.com\/player_es_podcast_1848257_zp_1.html?c1=eb8d2b\" width=\"100%\" height=\"400\" frameborder=\"0\" scrolling=\"no\"><\/iframe>\t\t\t\t<\/div>\n\t\t\t\t<\/div>\n\t\t\t\t\t<\/div>\n\t\t<\/div>\n\t\t\t\t\t<\/div>\n\t\t<\/section>\n\t\t\t\t<\/div>\n\t\t","protected":false},"excerpt":{"rendered":"<p>Nagore de 2\u00ba de ESO, nos recita este poema. Haz clic aqu\u00ed para escuchar todas las poes\u00edas de Sembrando Poes\u00eda Aqu\u00ed tienes todas en el canal de ivoox de Radio Federico.<\/p>\n","protected":false},"author":13224,"featured_media":9994,"comment_status":"open","ping_status":"open","sticky":false,"template":"","format":"standard","meta":{"ngg_post_thumbnail":0,"footnotes":""},"categories":[1733884,307509,386064,387987,1733906,1733809],"tags":[611306,1733905,387987,1733908],"aioseo_notices":[],"_links":{"self":[{"href":"https:\/\/blogsaverroes.juntadeandalucia.es\/fglorca\/wp-json\/wp\/v2\/posts\/10733"}],"collection":[{"href":"https:\/\/blogsaverroes.juntadeandalucia.es\/fglorca\/wp-json\/wp\/v2\/posts"}],"about":[{"href":"https:\/\/blogsaverroes.juntadeandalucia.es\/fglorca\/wp-json\/wp\/v2\/types\/post"}],"author":[{"embeddable":true,"href":"https:\/\/blogsaverroes.juntadeandalucia.es\/fglorca\/wp-json\/wp\/v2\/users\/13224"}],"replies":[{"embeddable":true,"href":"https:\/\/blogsaverroes.juntadeandalucia.es\/fglorca\/wp-json\/wp\/v2\/comments?post=10733"}],"version-history":[{"count":4,"href":"https:\/\/blogsaverroes.juntadeandalucia.es\/fglorca\/wp-json\/wp\/v2\/posts\/10733\/revisions"}],"predecessor-version":[{"id":11111,"href":"https:\/\/blogsaverroes.juntadeandalucia.es\/fglorca\/wp-json\/wp\/v2\/posts\/10733\/revisions\/11111"}],"wp:featuredmedia":[{"embeddable":true,"href":"https:\/\/blogsaverroes.juntadeandalucia.es\/fglorca\/wp-json\/wp\/v2\/media\/9994"}],"wp:attachment":[{"href":"https:\/\/blogsaverroes.juntadeandalucia.es\/fglorca\/wp-json\/wp\/v2\/media?parent=10733"}],"wp:term":[{"taxonomy":"category","embeddable":true,"href":"https:\/\/blogsaverroes.juntadeandalucia.es\/fglorca\/wp-json\/wp\/v2\/categories?post=10733"},{"taxonomy":"post_tag","embeddable":true,"href":"https:\/\/blogsaverroes.juntadeandalucia.es\/fglorca\/wp-json\/wp\/v2\/tags?post=10733"}],"curies":[{"name":"wp","href":"https:\/\/api.w.org\/{rel}","templated":true}]}}