{"id":13154,"date":"2023-09-01T08:30:29","date_gmt":"2023-09-01T07:30:29","guid":{"rendered":"https:\/\/blogsaverroes.juntadeandalucia.es\/fglorca\/?p=13154"},"modified":"2025-05-03T11:04:31","modified_gmt":"2025-05-03T10:04:31","slug":"bonificaciones-servicios-complementarios-2023-24-del-1-al-7-de-septiembre","status":"publish","type":"post","link":"https:\/\/blogsaverroes.juntadeandalucia.es\/fglorca\/2023\/09\/01\/bonificaciones-servicios-complementarios-2023-24-del-1-al-7-de-septiembre\/","title":{"rendered":"Bonificaciones Servicios Complementarios 2023\/24. Del 1 al 7 de septiembre."},"content":{"rendered":"\t\t<div data-elementor-type=\"wp-post\" data-elementor-id=\"13154\" class=\"elementor elementor-13154\">\n\t\t\t\t\t\t<section class=\"elementor-section elementor-top-section elementor-element elementor-element-05c0ccc elementor-section-boxed elementor-section-height-default elementor-section-height-default\" data-id=\"05c0ccc\" data-element_type=\"section\">\n\t\t\t\t\t\t<div class=\"elementor-container elementor-column-gap-default\">\n\t\t\t\t\t<div class=\"elementor-column elementor-col-100 elementor-top-column elementor-element elementor-element-97e9cd7\" data-id=\"97e9cd7\" data-element_type=\"column\">\n\t\t\t<div class=\"elementor-widget-wrap elementor-element-populated\">\n\t\t\t\t\t\t<div class=\"elementor-element elementor-element-c8b1d9e elementor-widget elementor-widget-heading\" data-id=\"c8b1d9e\" data-element_type=\"widget\" data-widget_type=\"heading.default\">\n\t\t\t\t<div class=\"elementor-widget-container\">\n\t\t\t\t\t<h2 class=\"elementor-heading-title elementor-size-default\">\u00a1MUY IMPORTANTE!<\/h2>\t\t\t\t<\/div>\n\t\t\t\t<\/div>\n\t\t\t\t\t<\/div>\n\t\t<\/div>\n\t\t\t\t\t<\/div>\n\t\t<\/section>\n\t\t\t\t<section class=\"elementor-section elementor-top-section elementor-element elementor-element-230c6f2 elementor-section-boxed elementor-section-height-default elementor-section-height-default\" data-id=\"230c6f2\" data-element_type=\"section\">\n\t\t\t\t\t\t<div class=\"elementor-container elementor-column-gap-default\">\n\t\t\t\t\t<div class=\"elementor-column elementor-col-100 elementor-top-column elementor-element elementor-element-7337d8a\" data-id=\"7337d8a\" data-element_type=\"column\">\n\t\t\t<div class=\"elementor-widget-wrap elementor-element-populated\">\n\t\t\t\t\t\t<div class=\"elementor-element elementor-element-4addb6c elementor-widget elementor-widget-text-editor\" data-id=\"4addb6c\" data-element_type=\"widget\" data-widget_type=\"text-editor.default\">\n\t\t\t\t<div class=\"elementor-widget-container\">\n\t\t\t\t\t\t\t\t\t<p>1) Las familias del alumnado que ha sido admitido\/a\u00a0<u>en alg\u00fan servicio complementario<\/u>\u00a0para el curso <strong>2023\/2024<\/strong> pueden solicitar la\u00a0<strong>bonificaci\u00f3n\/gratuidad<\/strong>\u00a0en el precio de los servicios en los que ha sido admitido\/a.<\/p><p>El plazo comienza hoy, 1 de septiembre, y finaliza el 7 de septiembre (inclusive).<\/p><p>Dicha bonificaci\u00f3n, por tanto, se realizar\u00e1 por todas las familias de los alumnos\/as que hayan sido admitidos en alguno de los servicios complementarios solicitados (aunque hayan quedado como suplentes en otros).<\/p><p>2)<strong>\u00a0Las solicitudes de bonificaci\u00f3n se realizar\u00e1n<\/strong>\u00a0<strong>telem\u00e1ticamente<\/strong>\u00a0<strong>a trav\u00e9s de la Secretar\u00eda Virtual de los Centros<\/strong>, para lo cual se habilitar\u00e1 un tr\u00e1mite que estar\u00e1 disponible sin interrupci\u00f3n\u00a0<u>desde el 1 de<\/u>\u00a0<u>septiembre<\/u>:<\/p><p>Las personas solicitantes dispondr\u00e1n de la consulta teletramitada personalizada.\u00a0<\/p><p><strong>\u00a0<\/strong><strong><u><a href=\"https:\/\/www.juntadeandalucia.es\/educacion\/secretariavirtual\/accesoTramite\/381\/\">ACCESO AL TR\u00c1MITE<\/a><\/u><\/strong><\/p><p>El tr\u00e1mite es sencillo y se realiza con el usuario y clave iANDe, que tienen \u201canclado\u201d como mensaje en la bandeja de entrada de IPasen.<\/p><p>Ya saben que en estos primeros d\u00edas puede que la web de la Consejer\u00eda d\u00e9 alg\u00fan problema, al intentar realizar el tr\u00e1mite muchas familias en toda Andaluc\u00eda, por lo que les pedimos un poco de paciencia.<\/p><p>Tambi\u00e9n pueden <strong>dirigirse al Centro<\/strong> donde les facilitaremos el impreso de bonificaci\u00f3n:<\/p><p><strong><u><a href=\"https:\/\/drive.google.com\/file\/d\/1cjFpLcFQ5SoZxkruP6b_VijO_zFJTFdj\/view?usp=drive_link\">Anexo V.- Bonificaci\u00f3n servicios complementarios<\/a><\/u><\/strong><\/p><p><strong>\u00a0<\/strong>3) La direcci\u00f3n del centro deber\u00e1 grabar los datos de<strong>\u00a0todos los miembros de la unidad familiar,<\/strong>\u00a0<strong>incluido el\/la menor solicitante.<\/strong>\u00a0Comprobar\u00e1, por tanto, que en la solicitud de bonificaci\u00f3n\/gratuidad todos los miembros de la unidad familiar\u00a0mayores de 16 a\u00f1os a fecha de 31 de diciembre de 2022,\u00a0identificados por su NIF o NIE, han autorizado a la Consejer\u00eda competente en materia de educaci\u00f3n para obtener de la AEAT la informaci\u00f3n de car\u00e1cter tributario necesaria.\u00a0<\/p><p>En ausencia de alguna de las autorizaciones o NIF\/NIE de los mayores de 16 a\u00f1os,\u00a0 el sistema de informaci\u00f3n S\u00e9neca le asignar\u00e1 bonificaci\u00f3n 0<\/p><p>4)Todos los datos, tanto de ingresos como de situaciones familiares o miembros de la unidad familiar, estar\u00e1n\u00a0<strong>referidos a 31 de diciembre de 2022<\/strong>. De esta forma, el sistema no permitir\u00e1 la grabaci\u00f3n de nacidos con posterioridad al d\u00eda indicado.<\/p><p>5) Todas las circunstancias que figuran en el apartado Solicitud de Bonificaci\u00f3n\u00a0<strong>deber\u00e1n estar documentadas<\/strong>\u00a0para su posterior comprobaci\u00f3n si llegara el caso. La documentaci\u00f3n acreditativa correspondiente a cada circunstancia puede consultarse en el ANEXO I.<\/p><p>6) La informaci\u00f3n correspondiente a dificultad social extrema o\u00a0<strong>SYGA<\/strong>\u00a0se actualizar\u00e1 a partir de las certificaciones aportadas por los Servicios Sociales Comunitarios para el curso 23\/24.<\/p><p>\u00a0<\/p>\t\t\t\t\t\t\t\t<\/div>\n\t\t\t\t<\/div>\n\t\t\t\t\t<\/div>\n\t\t<\/div>\n\t\t\t\t\t<\/div>\n\t\t<\/section>\n\t\t\t\t<\/div>\n\t\t","protected":false},"excerpt":{"rendered":"<p>\u00a1MUY IMPORTANTE! 1) Las familias del alumnado que ha sido admitido\/a\u00a0en alg\u00fan servicio complementario\u00a0para el curso 2023\/2024 pueden solicitar la\u00a0bonificaci\u00f3n\/gratuidad\u00a0en el precio de los servicios en los que ha sido admitido\/a. El plazo comienza&#46;&#46;&#46;<\/p>\n","protected":false},"author":2224,"featured_media":8257,"comment_status":"open","ping_status":"open","sticky":false,"template":"","format":"standard","meta":{"ngg_post_thumbnail":0,"footnotes":""},"categories":[1733936,33,364259,526,307440,1733910,385749,388594,5257,389187,1733809],"tags":[1733937,611323,307558,611315,597,1733929],"aioseo_notices":[],"_links":{"self":[{"href":"https:\/\/blogsaverroes.juntadeandalucia.es\/fglorca\/wp-json\/wp\/v2\/posts\/13154"}],"collection":[{"href":"https:\/\/blogsaverroes.juntadeandalucia.es\/fglorca\/wp-json\/wp\/v2\/posts"}],"about":[{"href":"https:\/\/blogsaverroes.juntadeandalucia.es\/fglorca\/wp-json\/wp\/v2\/types\/post"}],"author":[{"embeddable":true,"href":"https:\/\/blogsaverroes.juntadeandalucia.es\/fglorca\/wp-json\/wp\/v2\/users\/2224"}],"replies":[{"embeddable":true,"href":"https:\/\/blogsaverroes.juntadeandalucia.es\/fglorca\/wp-json\/wp\/v2\/comments?post=13154"}],"version-history":[{"count":4,"href":"https:\/\/blogsaverroes.juntadeandalucia.es\/fglorca\/wp-json\/wp\/v2\/posts\/13154\/revisions"}],"predecessor-version":[{"id":13159,"href":"https:\/\/blogsaverroes.juntadeandalucia.es\/fglorca\/wp-json\/wp\/v2\/posts\/13154\/revisions\/13159"}],"wp:featuredmedia":[{"embeddable":true,"href":"https:\/\/blogsaverroes.juntadeandalucia.es\/fglorca\/wp-json\/wp\/v2\/media\/8257"}],"wp:attachment":[{"href":"https:\/\/blogsaverroes.juntadeandalucia.es\/fglorca\/wp-json\/wp\/v2\/media?parent=13154"}],"wp:term":[{"taxonomy":"category","embeddable":true,"href":"https:\/\/blogsaverroes.juntadeandalucia.es\/fglorca\/wp-json\/wp\/v2\/categories?post=13154"},{"taxonomy":"post_tag","embeddable":true,"href":"https:\/\/blogsaverroes.juntadeandalucia.es\/fglorca\/wp-json\/wp\/v2\/tags?post=13154"}],"curies":[{"name":"wp","href":"https:\/\/api.w.org\/{rel}","templated":true}]}}