{"id":16800,"date":"2024-12-09T10:24:43","date_gmt":"2024-12-09T09:24:43","guid":{"rendered":"https:\/\/blogsaverroes.juntadeandalucia.es\/fglorca\/?p=16800"},"modified":"2025-07-25T19:28:53","modified_gmt":"2025-07-25T18:28:53","slug":"18-el-cambio","status":"publish","type":"post","link":"https:\/\/blogsaverroes.juntadeandalucia.es\/fglorca\/2024\/12\/09\/18-el-cambio\/","title":{"rendered":"18. EL CAMBIO NAVIDE\u00d1O"},"content":{"rendered":"\t\t<div data-elementor-type=\"wp-post\" data-elementor-id=\"16800\" class=\"elementor elementor-16800\">\n\t\t\t\t\t\t<section class=\"elementor-section elementor-top-section elementor-element elementor-element-627e4cc9 elementor-section-boxed elementor-section-height-default elementor-section-height-default\" data-id=\"627e4cc9\" data-element_type=\"section\">\n\t\t\t\t\t\t<div class=\"elementor-container elementor-column-gap-default\">\n\t\t\t\t\t<div class=\"elementor-column elementor-col-100 elementor-top-column elementor-element elementor-element-53f60857\" data-id=\"53f60857\" data-element_type=\"column\">\n\t\t\t<div class=\"elementor-widget-wrap elementor-element-populated\">\n\t\t\t\t\t\t<div class=\"elementor-element elementor-element-6244ab0d elementor-widget elementor-widget-image\" data-id=\"6244ab0d\" data-element_type=\"widget\" data-widget_type=\"image.default\">\n\t\t\t\t<div class=\"elementor-widget-container\">\n\t\t\t\t\t\t\t\t\t\t\t\t\t\t\t<img fetchpriority=\"high\" decoding=\"async\" width=\"1000\" height=\"250\" src=\"https:\/\/blogsaverroes.juntadeandalucia.es\/fglorca\/files\/2024\/12\/Copia-de-I-CONCURSO-DE-CUENTOS-NAVIDENOS.jpg\" class=\"attachment-large size-large wp-image-16417\" alt=\"\" srcset=\"https:\/\/blogsaverroes.juntadeandalucia.es\/fglorca\/files\/2024\/12\/Copia-de-I-CONCURSO-DE-CUENTOS-NAVIDENOS.jpg 1000w, https:\/\/blogsaverroes.juntadeandalucia.es\/fglorca\/files\/2024\/12\/Copia-de-I-CONCURSO-DE-CUENTOS-NAVIDENOS-300x75.jpg 300w, https:\/\/blogsaverroes.juntadeandalucia.es\/fglorca\/files\/2024\/12\/Copia-de-I-CONCURSO-DE-CUENTOS-NAVIDENOS-768x192.jpg 768w\" sizes=\"(max-width: 1000px) 100vw, 1000px\" \/>\t\t\t\t\t\t\t\t\t\t\t\t\t\t\t<\/div>\n\t\t\t\t<\/div>\n\t\t\t\t\t<\/div>\n\t\t<\/div>\n\t\t\t\t\t<\/div>\n\t\t<\/section>\n\t\t\t\t<section class=\"elementor-section elementor-top-section elementor-element elementor-element-3bf848ac elementor-section-boxed elementor-section-height-default elementor-section-height-default\" data-id=\"3bf848ac\" data-element_type=\"section\">\n\t\t\t\t\t\t<div class=\"elementor-container elementor-column-gap-default\">\n\t\t\t\t\t<div class=\"elementor-column elementor-col-100 elementor-top-column elementor-element elementor-element-76280e32\" data-id=\"76280e32\" data-element_type=\"column\">\n\t\t\t<div class=\"elementor-widget-wrap elementor-element-populated\">\n\t\t\t\t\t\t<div class=\"elementor-element elementor-element-2d359f4 elementor-widget elementor-widget-text-editor\" data-id=\"2d359f4\" data-element_type=\"widget\" data-widget_type=\"text-editor.default\">\n\t\t\t\t<div class=\"elementor-widget-container\">\n\t\t\t\t\t\t\t\t\t<p>Este audio cuento forma parte de una colecci\u00f3n de los 24 ganadores dentro del Primer Concurso de Cuentos de Navidad. Estos cuentos se insertan en unas tarjetas navide\u00f1as, junto con su ilustraci\u00f3n, para colaborar en la decoraci\u00f3n de los \u00c1rboles de Navidad del Hospital de El Poniente y en su Aula Hospitalaria. <br \/>En esta ocasi\u00f3n, Mohamed de 1\u00ba de ESO B , nos presenta este relato. <br \/>Ilustraci\u00f3n a cargo de Pablo de 2\u00ba A.<\/p><ul><li>Edici\u00f3n de audio,\u00a0 Maestro Juan Carlos.<\/li><li>Edici\u00f3n y correcci\u00f3n de textos, Maestro Juan Antonio.<\/li><li>Asesor\u00eda TDE y maquetaci\u00f3n web. Maestro Agust\u00edn.<\/li><li>Edici\u00f3n Canva, Maestra Montse.<\/li><li>Colaboradores, docentes de cada una de las clases.<\/li><li>Coordinaci\u00f3n General Maestra Ainhoa.<\/li><\/ul>\t\t\t\t\t\t\t\t<\/div>\n\t\t\t\t<\/div>\n\t\t\t\t\t<\/div>\n\t\t<\/div>\n\t\t\t\t\t<\/div>\n\t\t<\/section>\n\t\t\t\t<section class=\"elementor-section elementor-top-section elementor-element elementor-element-18dcb5a4 elementor-section-boxed elementor-section-height-default elementor-section-height-default\" data-id=\"18dcb5a4\" data-element_type=\"section\">\n\t\t\t\t\t\t<div class=\"elementor-container elementor-column-gap-default\">\n\t\t\t\t\t<div class=\"elementor-column elementor-col-100 elementor-top-column elementor-element elementor-element-18227b3f\" data-id=\"18227b3f\" data-element_type=\"column\">\n\t\t\t<div class=\"elementor-widget-wrap elementor-element-populated\">\n\t\t\t\t\t\t<div class=\"elementor-element elementor-element-7eb82e10 elementor-widget elementor-widget-text-editor\" data-id=\"7eb82e10\" data-element_type=\"widget\" data-widget_type=\"text-editor.default\">\n\t\t\t\t<div class=\"elementor-widget-container\">\n\t\t\t\t\t\t\t\t\t<p>EL CAMBIO NAVIDE\u00d1O<\/p><p><!--[if lt IE 9]><script>document.createElement('audio');<\/script><![endif]-->\n<audio class=\"wp-audio-shortcode\" id=\"audio-16800-1\" preload=\"none\" style=\"width: 100%;\" controls=\"controls\"><source type=\"audio\/mpeg\" src=\"https:\/\/blogsaverroes.juntadeandalucia.es\/fglorca\/files\/2024\/12\/El_Cambio_Navideno_Mohamed_1oB_ESO.mp3?_=1\" \/><a href=\"https:\/\/blogsaverroes.juntadeandalucia.es\/fglorca\/files\/2024\/12\/El_Cambio_Navideno_Mohamed_1oB_ESO.mp3\">https:\/\/blogsaverroes.juntadeandalucia.es\/fglorca\/files\/2024\/12\/El_Cambio_Navideno_Mohamed_1oB_ESO.mp3<\/a><\/audio><\/p>\t\t\t\t\t\t\t\t<\/div>\n\t\t\t\t<\/div>\n\t\t\t\t\t<\/div>\n\t\t<\/div>\n\t\t\t\t\t<\/div>\n\t\t<\/section>\n\t\t\t\t<section class=\"elementor-section elementor-top-section elementor-element elementor-element-2803f298 elementor-section-boxed elementor-section-height-default elementor-section-height-default\" data-id=\"2803f298\" data-element_type=\"section\">\n\t\t\t\t\t\t<div class=\"elementor-container elementor-column-gap-default\">\n\t\t\t\t\t<div class=\"elementor-column elementor-col-100 elementor-top-column elementor-element elementor-element-3b95a10c\" data-id=\"3b95a10c\" data-element_type=\"column\">\n\t\t\t<div class=\"elementor-widget-wrap elementor-element-populated\">\n\t\t\t\t\t\t<div class=\"elementor-element elementor-element-5e2cbc11 elementor-widget elementor-widget-html\" data-id=\"5e2cbc11\" data-element_type=\"widget\" data-widget_type=\"html.default\">\n\t\t\t\t<div class=\"elementor-widget-container\">\n\t\t\t\t\t<iframe src=\"https:\/\/www.ivoox.com\/player_ej_136680574_6_1.html?c1=e32400\" width=\"100%\" height=\"200\" frameborder=\"0\" scrolling=\"no\"><\/iframe>\t\t\t\t<\/div>\n\t\t\t\t<\/div>\n\t\t\t\t\t<\/div>\n\t\t<\/div>\n\t\t\t\t\t<\/div>\n\t\t<\/section>\n\t\t\t\t<section class=\"elementor-section elementor-top-section elementor-element elementor-element-64601af6 elementor-section-boxed elementor-section-height-default elementor-section-height-default\" data-id=\"64601af6\" data-element_type=\"section\">\n\t\t\t\t\t\t<div class=\"elementor-container elementor-column-gap-default\">\n\t\t\t\t\t<div class=\"elementor-column elementor-col-100 elementor-top-column elementor-element elementor-element-333b0344\" data-id=\"333b0344\" data-element_type=\"column\">\n\t\t\t<div class=\"elementor-widget-wrap elementor-element-populated\">\n\t\t\t\t\t\t<div class=\"elementor-element elementor-element-17699f7f elementor-widget elementor-widget-heading\" data-id=\"17699f7f\" data-element_type=\"widget\" data-widget_type=\"heading.default\">\n\t\t\t\t<div class=\"elementor-widget-container\">\n\t\t\t\t\t<h2 class=\"elementor-heading-title elementor-size-default\">TODOS LOS CUENTOS EN IVOOX<\/h2>\t\t\t\t<\/div>\n\t\t\t\t<\/div>\n\t\t\t\t\t<\/div>\n\t\t<\/div>\n\t\t\t\t\t<\/div>\n\t\t<\/section>\n\t\t\t\t<section class=\"elementor-section elementor-top-section elementor-element elementor-element-49bc2f99 elementor-section-boxed elementor-section-height-default elementor-section-height-default\" data-id=\"49bc2f99\" data-element_type=\"section\">\n\t\t\t\t\t\t<div class=\"elementor-container elementor-column-gap-default\">\n\t\t\t\t\t<div class=\"elementor-column elementor-col-100 elementor-top-column elementor-element elementor-element-5cf9db93\" data-id=\"5cf9db93\" data-element_type=\"column\">\n\t\t\t<div class=\"elementor-widget-wrap elementor-element-populated\">\n\t\t\t\t\t\t<div class=\"elementor-element elementor-element-2830c23c elementor-widget elementor-widget-html\" data-id=\"2830c23c\" data-element_type=\"widget\" data-widget_type=\"html.default\">\n\t\t\t\t<div class=\"elementor-widget-container\">\n\t\t\t\t\t<iframe src=\"https:\/\/www.ivoox.com\/player_es_podcast_2490508_zp_1.html?c1=e32400\" width=\"100%\" height=\"400\" frameborder=\"0\" scrolling=\"no\"><\/iframe>\t\t\t\t<\/div>\n\t\t\t\t<\/div>\n\t\t\t\t\t<\/div>\n\t\t<\/div>\n\t\t\t\t\t<\/div>\n\t\t<\/section>\n\t\t\t\t<section class=\"elementor-section elementor-top-section elementor-element elementor-element-2e0eb09c elementor-section-boxed elementor-section-height-default elementor-section-height-default\" data-id=\"2e0eb09c\" data-element_type=\"section\">\n\t\t\t\t\t\t<div class=\"elementor-container elementor-column-gap-default\">\n\t\t\t\t\t<div class=\"elementor-column elementor-col-100 elementor-top-column elementor-element elementor-element-486eea03\" data-id=\"486eea03\" data-element_type=\"column\">\n\t\t\t<div class=\"elementor-widget-wrap elementor-element-populated\">\n\t\t\t\t\t\t<div class=\"elementor-element elementor-element-381890a0 elementor-widget elementor-widget-wp-widget-alxtabs\" data-id=\"381890a0\" data-element_type=\"widget\" data-widget_type=\"wp-widget-alxtabs.default\">\n\t\t\t\t<div class=\"elementor-widget-container\">\n\t\t\t\t\t\n<h5>M\u00c1S DE RADIO FEDERICO<\/h5><ul class=\"alx-tabs-nav group tab-count-3\"><li class=\"alx-tab tab-recent\"><a href=\"#tab-recent-REPLACE_TO_ID\" title=\"Entradas recientes\"><i class=\"far fa-clock\"><\/i><span>Entradas recientes<\/span><\/a><\/li><li class=\"alx-tab tab-popular\"><a href=\"#tab-popular-REPLACE_TO_ID\" title=\"Populares\"><i class=\"fas fa-star\"><\/i><span>Populares<\/span><\/a><\/li><li class=\"alx-tab tab-tags\"><a href=\"#tab-tags-REPLACE_TO_ID\" title=\"Etiquetas\"><i class=\"fas fa-tags\"><\/i><span>Etiquetas<\/span><\/a><\/li><\/ul>\r\n\t<div class=\"alx-tabs-container\">\r\n\r\n\r\n\t\t\r\n\t\t\t\r\n\t\t\t<ul id=\"tab-recent-REPLACE_TO_ID\" class=\"alx-tab group thumbs-enabled\">\r\n        \t\t\t\t\t\t\t\t<li>\r\n\r\n\t\t\t\t\t\t\t\t\t\t<div class=\"tab-item-thumbnail\">\r\n\t\t\t\t\t\t<a href=\"https:\/\/blogsaverroes.juntadeandalucia.es\/fglorca\/2025\/07\/15\/cuando-la-radio-une-generaciones-en-el-iii-encuentro-en-la-ual\/\">\r\n\t\t\t\t\t\t\t<img decoding=\"async\" width=\"80\" height=\"80\" src=\"https:\/\/blogsaverroes.juntadeandalucia.es\/fglorca\/files\/2025\/07\/20250514_122740-80x80.jpg\" class=\"attachment-thumb-small size-thumb-small wp-post-image\" alt=\"\" \/>\t\t\t\t\t\t\t\t\t\t\t\t\t\t\t\t\t\t\t\t\t\t\t\t\t\t\t<\/a>\r\n\t\t\t\t\t<\/div>\r\n\t\t\t\t\t\r\n\t\t\t\t\t<div class=\"tab-item-inner group\">\r\n\t\t\t\t\t\t\t\t\t\t\t\t<p class=\"tab-item-title\"><a href=\"https:\/\/blogsaverroes.juntadeandalucia.es\/fglorca\/2025\/07\/15\/cuando-la-radio-une-generaciones-en-el-iii-encuentro-en-la-ual\/\" rel=\"bookmark\">Cuando la radio une generaciones en el III Encuentro en la UAL<\/a><\/p>\r\n\t\t\t\t\t\t<p class=\"tab-item-date\">15 julio, 2025<\/p>\t\t\t\t\t<\/div>\r\n\r\n\t\t\t\t<\/li>\r\n\t\t\t\t\t\t\t\t<li>\r\n\r\n\t\t\t\t\t\t\t\t\t\t<div class=\"tab-item-thumbnail\">\r\n\t\t\t\t\t\t<a href=\"https:\/\/blogsaverroes.juntadeandalucia.es\/fglorca\/2025\/06\/30\/baul-sonoro-abre-con-luz-el-faro-de-carboneras-nos-habla\/\">\r\n\t\t\t\t\t\t\t<img decoding=\"async\" width=\"80\" height=\"80\" src=\"https:\/\/blogsaverroes.juntadeandalucia.es\/fglorca\/files\/2025\/07\/IMG_8915-80x80.jpg\" class=\"attachment-thumb-small size-thumb-small wp-post-image\" alt=\"\" \/>\t\t\t\t\t\t\t\t\t\t\t\t\t\t\t\t\t\t\t\t\t\t\t\t\t\t\t<\/a>\r\n\t\t\t\t\t<\/div>\r\n\t\t\t\t\t\r\n\t\t\t\t\t<div class=\"tab-item-inner group\">\r\n\t\t\t\t\t\t\t\t\t\t\t\t<p class=\"tab-item-title\"><a href=\"https:\/\/blogsaverroes.juntadeandalucia.es\/fglorca\/2025\/06\/30\/baul-sonoro-abre-con-luz-el-faro-de-carboneras-nos-habla\/\" rel=\"bookmark\">Ba\u00fal Sonoro abre con luz: El Faro de Carboneras nos habla<\/a><\/p>\r\n\t\t\t\t\t\t<p class=\"tab-item-date\">30 junio, 2025<\/p>\t\t\t\t\t<\/div>\r\n\r\n\t\t\t\t<\/li>\r\n\t\t\t\t\t\t\t\t<li>\r\n\r\n\t\t\t\t\t\t\t\t\t\t<div class=\"tab-item-thumbnail\">\r\n\t\t\t\t\t\t<a href=\"https:\/\/blogsaverroes.juntadeandalucia.es\/fglorca\/2025\/06\/12\/%f0%9f%8e%ad-uniendo-bibliotecas\/\">\r\n\t\t\t\t\t\t\t<img loading=\"lazy\" decoding=\"async\" width=\"80\" height=\"80\" src=\"https:\/\/blogsaverroes.juntadeandalucia.es\/fglorca\/files\/2025\/06\/97b2987c-8eb4-48c8-a888-570cbe1021d5-80x80.jpg\" class=\"attachment-thumb-small size-thumb-small wp-post-image\" alt=\"\" \/>\t\t\t\t\t\t\t\t\t\t\t\t\t\t\t\t\t\t\t\t\t\t\t\t\t\t\t<\/a>\r\n\t\t\t\t\t<\/div>\r\n\t\t\t\t\t\r\n\t\t\t\t\t<div class=\"tab-item-inner group\">\r\n\t\t\t\t\t\t\t\t\t\t\t\t<p class=\"tab-item-title\"><a href=\"https:\/\/blogsaverroes.juntadeandalucia.es\/fglorca\/2025\/06\/12\/%f0%9f%8e%ad-uniendo-bibliotecas\/\" rel=\"bookmark\">\ud83c\udfad  UNIENDO BIBLIOTECAS<\/a><\/p>\r\n\t\t\t\t\t\t<p class=\"tab-item-date\">12 junio, 2025<\/p>\t\t\t\t\t<\/div>\r\n\r\n\t\t\t\t<\/li>\r\n\t\t\t\t\t\t\t\t<li>\r\n\r\n\t\t\t\t\t\t\t\t\t\t<div class=\"tab-item-thumbnail\">\r\n\t\t\t\t\t\t<a href=\"https:\/\/blogsaverroes.juntadeandalucia.es\/fglorca\/2025\/05\/29\/exploradores-en-el-paraje-punta-entina-sabinar\/\">\r\n\t\t\t\t\t\t\t<img loading=\"lazy\" decoding=\"async\" width=\"80\" height=\"80\" src=\"https:\/\/blogsaverroes.juntadeandalucia.es\/fglorca\/files\/2025\/06\/IMG_0789-80x80.jpg\" class=\"attachment-thumb-small size-thumb-small wp-post-image\" alt=\"\" \/>\t\t\t\t\t\t\t\t\t\t\t\t\t\t\t\t\t\t\t\t\t\t\t\t\t\t\t<\/a>\r\n\t\t\t\t\t<\/div>\r\n\t\t\t\t\t\r\n\t\t\t\t\t<div class=\"tab-item-inner group\">\r\n\t\t\t\t\t\t\t\t\t\t\t\t<p class=\"tab-item-title\"><a href=\"https:\/\/blogsaverroes.juntadeandalucia.es\/fglorca\/2025\/05\/29\/exploradores-en-el-paraje-punta-entina-sabinar\/\" rel=\"bookmark\">\u00a1Exploradores en el paraje Punta Entina-Sabinar!<\/a><\/p>\r\n\t\t\t\t\t\t<p class=\"tab-item-date\">29 mayo, 2025<\/p>\t\t\t\t\t<\/div>\r\n\r\n\t\t\t\t<\/li>\r\n\t\t\t\t\t\t\t\t<li>\r\n\r\n\t\t\t\t\t\t\t\t\t\t<div class=\"tab-item-thumbnail\">\r\n\t\t\t\t\t\t<a href=\"https:\/\/blogsaverroes.juntadeandalucia.es\/fglorca\/2025\/05\/22\/puerta-de-acceso-a-nuestra-radio-escolar\/\">\r\n\t\t\t\t\t\t\t<img loading=\"lazy\" decoding=\"async\" width=\"80\" height=\"80\" src=\"https:\/\/blogsaverroes.juntadeandalucia.es\/fglorca\/files\/2025\/05\/Puerta-radio-80x80.png\" class=\"attachment-thumb-small size-thumb-small wp-post-image\" alt=\"\" \/>\t\t\t\t\t\t\t\t\t\t\t\t\t\t\t\t\t\t\t\t\t\t\t\t\t\t\t<\/a>\r\n\t\t\t\t\t<\/div>\r\n\t\t\t\t\t\r\n\t\t\t\t\t<div class=\"tab-item-inner group\">\r\n\t\t\t\t\t\t\t\t\t\t\t\t<p class=\"tab-item-title\"><a href=\"https:\/\/blogsaverroes.juntadeandalucia.es\/fglorca\/2025\/05\/22\/puerta-de-acceso-a-nuestra-radio-escolar\/\" rel=\"bookmark\">Puerta de acceso a nuestra Radio Escolar<\/a><\/p>\r\n\t\t\t\t\t\t<p class=\"tab-item-date\">22 mayo, 2025<\/p>\t\t\t\t\t<\/div>\r\n\r\n\t\t\t\t<\/li>\r\n\t\t\t\t\t\t\t\t        \t\t\t<\/ul><!--\/.alx-tab-->\r\n\r\n\t\t\r\n\r\n\t\t\r\n\t\t\t\t\t\t<ul id=\"tab-popular-REPLACE_TO_ID\" class=\"alx-tab group thumbs-enabled\">\r\n        \t\t\t\t\t\t\t\t<li>\r\n\r\n\t\t\t\t\t\t\t\t\t\t<div class=\"tab-item-thumbnail\">\r\n\t\t\t\t\t\t<a href=\"https:\/\/blogsaverroes.juntadeandalucia.es\/fglorca\/2024\/03\/21\/nueva-edicion-de-sembrando-poesia\/\">\r\n\t\t\t\t\t\t\t<img loading=\"lazy\" decoding=\"async\" width=\"80\" height=\"80\" src=\"https:\/\/blogsaverroes.juntadeandalucia.es\/fglorca\/files\/2024\/03\/Sembrando-Cole-2-80x80.jpg\" class=\"attachment-thumb-small size-thumb-small wp-post-image\" alt=\"\" \/>\t\t\t\t\t\t\t\t\t\t\t\t\t\t\t\t\t\t\t\t\t\t\t\t\t\t\t<\/a>\r\n\t\t\t\t\t<\/div>\r\n\t\t\t\t\t\r\n\t\t\t\t\t<div class=\"tab-item-inner group\">\r\n\t\t\t\t\t\t\t\t\t\t\t\t<p class=\"tab-item-title\"><a href=\"https:\/\/blogsaverroes.juntadeandalucia.es\/fglorca\/2024\/03\/21\/nueva-edicion-de-sembrando-poesia\/\" rel=\"bookmark\">Nueva edici\u00f3n de \u00abSembrando Poes\u00eda\u00bb<\/a><\/p>\r\n\t\t\t\t\t\t<p class=\"tab-item-date\">21 marzo, 2024<\/p>\t\t\t\t\t<\/div>\r\n\r\n\t\t\t\t<\/li>\r\n\t\t\t\t\t\t\t\t<li>\r\n\r\n\t\t\t\t\t\t\t\t\t\t<div class=\"tab-item-thumbnail\">\r\n\t\t\t\t\t\t<a href=\"https:\/\/blogsaverroes.juntadeandalucia.es\/fglorca\/2023\/03\/21\/21-de-marzo-dia-mundial-de-la-poesia-sembrando-poesia\/\">\r\n\t\t\t\t\t\t\t<img loading=\"lazy\" decoding=\"async\" width=\"80\" height=\"80\" src=\"https:\/\/blogsaverroes.juntadeandalucia.es\/fglorca\/files\/2023\/02\/Cartel-sembrando-poesi\u0301a-1400-\u00d7-1400-px-80x80.png\" class=\"attachment-thumb-small size-thumb-small wp-post-image\" alt=\"\" srcset=\"https:\/\/blogsaverroes.juntadeandalucia.es\/fglorca\/files\/2023\/02\/Cartel-sembrando-poesi\u0301a-1400-\u00d7-1400-px-80x80.png 80w, https:\/\/blogsaverroes.juntadeandalucia.es\/fglorca\/files\/2023\/02\/Cartel-sembrando-poesi\u0301a-1400-\u00d7-1400-px-24x24.png 24w, https:\/\/blogsaverroes.juntadeandalucia.es\/fglorca\/files\/2023\/02\/Cartel-sembrando-poesi\u0301a-1400-\u00d7-1400-px-36x36.png 36w, https:\/\/blogsaverroes.juntadeandalucia.es\/fglorca\/files\/2023\/02\/Cartel-sembrando-poesi\u0301a-1400-\u00d7-1400-px-48x48.png 48w\" sizes=\"(max-width: 80px) 100vw, 80px\" \/>\t\t\t\t\t\t\t\t\t\t\t\t\t\t\t\t\t\t\t\t\t\t\t\t\t\t\t<\/a>\r\n\t\t\t\t\t<\/div>\r\n\t\t\t\t\t\r\n\t\t\t\t\t<div class=\"tab-item-inner group\">\r\n\t\t\t\t\t\t\t\t\t\t\t\t<p class=\"tab-item-title\"><a href=\"https:\/\/blogsaverroes.juntadeandalucia.es\/fglorca\/2023\/03\/21\/21-de-marzo-dia-mundial-de-la-poesia-sembrando-poesia\/\" rel=\"bookmark\">21 de marzo. D\u00eda Mundial de la Poes\u00eda. Sembrando Poes\u00eda<\/a><\/p>\r\n\t\t\t\t\t\t<p class=\"tab-item-date\">21 marzo, 2023<\/p>\t\t\t\t\t<\/div>\r\n\r\n\t\t\t\t<\/li>\r\n\t\t\t\t\t\t\t\t<li>\r\n\r\n\t\t\t\t\t\t\t\t\t\t<div class=\"tab-item-thumbnail\">\r\n\t\t\t\t\t\t<a href=\"https:\/\/blogsaverroes.juntadeandalucia.es\/fglorca\/2023\/03\/11\/baile\/\">\r\n\t\t\t\t\t\t\t<img loading=\"lazy\" decoding=\"async\" width=\"80\" height=\"80\" src=\"https:\/\/blogsaverroes.juntadeandalucia.es\/fglorca\/files\/2023\/02\/Cartel-sembrando-poesi\u0301a-1400-\u00d7-1400-px-80x80.png\" class=\"attachment-thumb-small size-thumb-small wp-post-image\" alt=\"\" srcset=\"https:\/\/blogsaverroes.juntadeandalucia.es\/fglorca\/files\/2023\/02\/Cartel-sembrando-poesi\u0301a-1400-\u00d7-1400-px-80x80.png 80w, https:\/\/blogsaverroes.juntadeandalucia.es\/fglorca\/files\/2023\/02\/Cartel-sembrando-poesi\u0301a-1400-\u00d7-1400-px-24x24.png 24w, https:\/\/blogsaverroes.juntadeandalucia.es\/fglorca\/files\/2023\/02\/Cartel-sembrando-poesi\u0301a-1400-\u00d7-1400-px-36x36.png 36w, https:\/\/blogsaverroes.juntadeandalucia.es\/fglorca\/files\/2023\/02\/Cartel-sembrando-poesi\u0301a-1400-\u00d7-1400-px-48x48.png 48w\" sizes=\"(max-width: 80px) 100vw, 80px\" \/>\t\t\t\t\t\t\t\t\t\t\t\t\t\t\t\t\t\t\t\t\t\t\t\t\t\t\t<\/a>\r\n\t\t\t\t\t<\/div>\r\n\t\t\t\t\t\r\n\t\t\t\t\t<div class=\"tab-item-inner group\">\r\n\t\t\t\t\t\t\t\t\t\t\t\t<p class=\"tab-item-title\"><a href=\"https:\/\/blogsaverroes.juntadeandalucia.es\/fglorca\/2023\/03\/11\/baile\/\" rel=\"bookmark\">Baile<\/a><\/p>\r\n\t\t\t\t\t\t<p class=\"tab-item-date\">11 marzo, 2023<\/p>\t\t\t\t\t<\/div>\r\n\r\n\t\t\t\t<\/li>\r\n\t\t\t\t\t\t\t\t<li>\r\n\r\n\t\t\t\t\t\t\t\t\t\t<div class=\"tab-item-thumbnail\">\r\n\t\t\t\t\t\t<a href=\"https:\/\/blogsaverroes.juntadeandalucia.es\/fglorca\/2023\/03\/15\/las-tres-hojas-2\/\">\r\n\t\t\t\t\t\t\t<img loading=\"lazy\" decoding=\"async\" width=\"80\" height=\"80\" src=\"https:\/\/blogsaverroes.juntadeandalucia.es\/fglorca\/files\/2023\/02\/Cartel-sembrando-poesi\u0301a-1400-\u00d7-1400-px-80x80.png\" class=\"attachment-thumb-small size-thumb-small wp-post-image\" alt=\"\" srcset=\"https:\/\/blogsaverroes.juntadeandalucia.es\/fglorca\/files\/2023\/02\/Cartel-sembrando-poesi\u0301a-1400-\u00d7-1400-px-80x80.png 80w, https:\/\/blogsaverroes.juntadeandalucia.es\/fglorca\/files\/2023\/02\/Cartel-sembrando-poesi\u0301a-1400-\u00d7-1400-px-24x24.png 24w, https:\/\/blogsaverroes.juntadeandalucia.es\/fglorca\/files\/2023\/02\/Cartel-sembrando-poesi\u0301a-1400-\u00d7-1400-px-36x36.png 36w, https:\/\/blogsaverroes.juntadeandalucia.es\/fglorca\/files\/2023\/02\/Cartel-sembrando-poesi\u0301a-1400-\u00d7-1400-px-48x48.png 48w\" sizes=\"(max-width: 80px) 100vw, 80px\" \/>\t\t\t\t\t\t\t\t\t\t\t\t\t\t\t\t\t\t\t\t\t\t\t\t\t\t\t<\/a>\r\n\t\t\t\t\t<\/div>\r\n\t\t\t\t\t\r\n\t\t\t\t\t<div class=\"tab-item-inner group\">\r\n\t\t\t\t\t\t\t\t\t\t\t\t<p class=\"tab-item-title\"><a href=\"https:\/\/blogsaverroes.juntadeandalucia.es\/fglorca\/2023\/03\/15\/las-tres-hojas-2\/\" rel=\"bookmark\">Las tres hojas<\/a><\/p>\r\n\t\t\t\t\t\t<p class=\"tab-item-date\">15 marzo, 2023<\/p>\t\t\t\t\t<\/div>\r\n\r\n\t\t\t\t<\/li>\r\n\t\t\t\t\t\t\t\t<li>\r\n\r\n\t\t\t\t\t\t\t\t\t\t<div class=\"tab-item-thumbnail\">\r\n\t\t\t\t\t\t<a href=\"https:\/\/blogsaverroes.juntadeandalucia.es\/fglorca\/2023\/03\/16\/los-mozos-de-monleon\/\">\r\n\t\t\t\t\t\t\t<img loading=\"lazy\" decoding=\"async\" width=\"80\" height=\"80\" src=\"https:\/\/blogsaverroes.juntadeandalucia.es\/fglorca\/files\/2023\/02\/Cartel-sembrando-poesi\u0301a-1400-\u00d7-1400-px-80x80.png\" class=\"attachment-thumb-small size-thumb-small wp-post-image\" alt=\"\" srcset=\"https:\/\/blogsaverroes.juntadeandalucia.es\/fglorca\/files\/2023\/02\/Cartel-sembrando-poesi\u0301a-1400-\u00d7-1400-px-80x80.png 80w, https:\/\/blogsaverroes.juntadeandalucia.es\/fglorca\/files\/2023\/02\/Cartel-sembrando-poesi\u0301a-1400-\u00d7-1400-px-24x24.png 24w, https:\/\/blogsaverroes.juntadeandalucia.es\/fglorca\/files\/2023\/02\/Cartel-sembrando-poesi\u0301a-1400-\u00d7-1400-px-36x36.png 36w, https:\/\/blogsaverroes.juntadeandalucia.es\/fglorca\/files\/2023\/02\/Cartel-sembrando-poesi\u0301a-1400-\u00d7-1400-px-48x48.png 48w\" sizes=\"(max-width: 80px) 100vw, 80px\" \/>\t\t\t\t\t\t\t\t\t\t\t\t\t\t\t\t\t\t\t\t\t\t\t\t\t\t\t<\/a>\r\n\t\t\t\t\t<\/div>\r\n\t\t\t\t\t\r\n\t\t\t\t\t<div class=\"tab-item-inner group\">\r\n\t\t\t\t\t\t\t\t\t\t\t\t<p class=\"tab-item-title\"><a href=\"https:\/\/blogsaverroes.juntadeandalucia.es\/fglorca\/2023\/03\/16\/los-mozos-de-monleon\/\" rel=\"bookmark\">Los mozos de Monle\u00f3n<\/a><\/p>\r\n\t\t\t\t\t\t<p class=\"tab-item-date\">16 marzo, 2023<\/p>\t\t\t\t\t<\/div>\r\n\r\n\t\t\t\t<\/li>\r\n\t\t\t\t\t\t\t\t        \t\t\t<\/ul><!--\/.alx-tab-->\r\n\r\n\t\t\r\n\r\n\t\t\r\n\t\t\r\n\t\t\t<ul id=\"tab-tags-REPLACE_TO_ID\" class=\"alx-tab group\">\r\n\t\t\t\t<li>\r\n\t\t\t\t\t<a href=\"https:\/\/blogsaverroes.juntadeandalucia.es\/fglorca\/tag\/20182019\/\" class=\"tag-cloud-link tag-link-911479 tag-link-position-1\" style=\"font-size: 10.986666666667pt;\" aria-label=\"2018\/2019 (26 elementos)\">2018\/2019<\/a>\n<a href=\"https:\/\/blogsaverroes.juntadeandalucia.es\/fglorca\/tag\/20192020\/\" class=\"tag-cloud-link tag-link-1699205 tag-link-position-2\" style=\"font-size: 12.2pt;\" aria-label=\"2019\/2020 (35 elementos)\">2019\/2020<\/a>\n<a href=\"https:\/\/blogsaverroes.juntadeandalucia.es\/fglorca\/tag\/aldea\/\" class=\"tag-cloud-link tag-link-1699195 tag-link-position-3\" style=\"font-size: 12.573333333333pt;\" aria-label=\"aldea (39 elementos)\">aldea<\/a>\n<a href=\"https:\/\/blogsaverroes.juntadeandalucia.es\/fglorca\/tag\/ampa-2\/\" class=\"tag-cloud-link tag-link-379625 tag-link-position-4\" style=\"font-size: 10.333333333333pt;\" aria-label=\"ampa (22 elementos)\">ampa<\/a>\n<a href=\"https:\/\/blogsaverroes.juntadeandalucia.es\/fglorca\/tag\/antorcha-de-las-letras\/\" class=\"tag-cloud-link tag-link-389280 tag-link-position-5\" style=\"font-size: 8pt;\" aria-label=\"antorcha de las letras (12 elementos)\">antorcha de las letras<\/a>\n<a href=\"https:\/\/blogsaverroes.juntadeandalucia.es\/fglorca\/tag\/biblioteca\/\" class=\"tag-cloud-link tag-link-611306 tag-link-position-6\" style=\"font-size: 22pt;\" aria-label=\"Biblioteca (402 elementos)\">Biblioteca<\/a>\n<a href=\"https:\/\/blogsaverroes.juntadeandalucia.es\/fglorca\/tag\/bilinguismo\/\" class=\"tag-cloud-link tag-link-140 tag-link-position-7\" style=\"font-size: 10.333333333333pt;\" aria-label=\"Biling\u00fcismo (22 elementos)\">Biling\u00fcismo<\/a>\n<a href=\"https:\/\/blogsaverroes.juntadeandalucia.es\/fglorca\/tag\/carnaval\/\" class=\"tag-cloud-link tag-link-288 tag-link-position-8\" style=\"font-size: 9.5866666666667pt;\" aria-label=\"carnaval (18 elementos)\">carnaval<\/a>\n<a href=\"https:\/\/blogsaverroes.juntadeandalucia.es\/fglorca\/tag\/cima\/\" class=\"tag-cloud-link tag-link-1733981 tag-link-position-9\" style=\"font-size: 14.533333333333pt;\" aria-label=\"CIMA (63 elementos)\">CIMA<\/a>\n<a href=\"https:\/\/blogsaverroes.juntadeandalucia.es\/fglorca\/tag\/coeducacion\/\" class=\"tag-cloud-link tag-link-287 tag-link-position-10\" style=\"font-size: 10.8pt;\" aria-label=\"coeducaci\u00f3n (25 elementos)\">coeducaci\u00f3n<\/a>\n<a href=\"https:\/\/blogsaverroes.juntadeandalucia.es\/fglorca\/tag\/comunica\/\" class=\"tag-cloud-link tag-link-1699197 tag-link-position-11\" style=\"font-size: 10.986666666667pt;\" aria-label=\"ComunicA (26 elementos)\">ComunicA<\/a>\n<a href=\"https:\/\/blogsaverroes.juntadeandalucia.es\/fglorca\/tag\/convivencia\/\" class=\"tag-cloud-link tag-link-3987 tag-link-position-12\" style=\"font-size: 10.333333333333pt;\" aria-label=\"convivencia (22 elementos)\">convivencia<\/a>\n<a href=\"https:\/\/blogsaverroes.juntadeandalucia.es\/fglorca\/tag\/covid-19\/\" class=\"tag-cloud-link tag-link-1733788 tag-link-position-13\" style=\"font-size: 9.4pt;\" aria-label=\"covid-19 (17 elementos)\">covid-19<\/a>\n<a href=\"https:\/\/blogsaverroes.juntadeandalucia.es\/fglorca\/tag\/dia-de-la-paz\/\" class=\"tag-cloud-link tag-link-175 tag-link-position-14\" style=\"font-size: 8.6533333333333pt;\" aria-label=\"d\u00eda de la paz (14 elementos)\">d\u00eda de la paz<\/a>\n<a href=\"https:\/\/blogsaverroes.juntadeandalucia.es\/fglorca\/tag\/dia-del-libro\/\" class=\"tag-cloud-link tag-link-267 tag-link-position-15\" style=\"font-size: 9.5866666666667pt;\" aria-label=\"d\u00eda del libro (18 elementos)\">d\u00eda del libro<\/a>\n<a href=\"https:\/\/blogsaverroes.juntadeandalucia.es\/fglorca\/tag\/escuela-espacio-de-paz\/\" class=\"tag-cloud-link tag-link-3981 tag-link-position-16\" style=\"font-size: 13.133333333333pt;\" aria-label=\"Escuela Espacio de Paz (45 elementos)\">Escuela Espacio de Paz<\/a>\n<a href=\"https:\/\/blogsaverroes.juntadeandalucia.es\/fglorca\/tag\/escuela-tic-2-0\/\" class=\"tag-cloud-link tag-link-307407 tag-link-position-17\" style=\"font-size: 8pt;\" aria-label=\"escuela tic 2.0 (12 elementos)\">escuela tic 2.0<\/a>\n<a href=\"https:\/\/blogsaverroes.juntadeandalucia.es\/fglorca\/tag\/eso\/\" class=\"tag-cloud-link tag-link-768 tag-link-position-18\" style=\"font-size: 9.4pt;\" aria-label=\"eso (17 elementos)\">eso<\/a>\n<a href=\"https:\/\/blogsaverroes.juntadeandalucia.es\/fglorca\/tag\/fgl2021\/\" class=\"tag-cloud-link tag-link-1733823 tag-link-position-19\" style=\"font-size: 10.52pt;\" aria-label=\"FGL2021 (23 elementos)\">FGL2021<\/a>\n<a href=\"https:\/\/blogsaverroes.juntadeandalucia.es\/fglorca\/tag\/fgl2022\/\" class=\"tag-cloud-link tag-link-1733855 tag-link-position-20\" style=\"font-size: 11.733333333333pt;\" aria-label=\"FGL2022 (31 elementos)\">FGL2022<\/a>\n<a href=\"https:\/\/blogsaverroes.juntadeandalucia.es\/fglorca\/tag\/fgl-2023\/\" class=\"tag-cloud-link tag-link-1733905 tag-link-position-21\" style=\"font-size: 16.4pt;\" aria-label=\"FGL 2023 (102 elementos)\">FGL 2023<\/a>\n<a href=\"https:\/\/blogsaverroes.juntadeandalucia.es\/fglorca\/tag\/fgl2024\/\" class=\"tag-cloud-link tag-link-1733953 tag-link-position-22\" style=\"font-size: 16.773333333333pt;\" aria-label=\"FGL2024 (112 elementos)\">FGL2024<\/a>\n<a href=\"https:\/\/blogsaverroes.juntadeandalucia.es\/fglorca\/tag\/fgl2025\/\" class=\"tag-cloud-link tag-link-1733998 tag-link-position-23\" style=\"font-size: 15.466666666667pt;\" aria-label=\"FGL2025 (81 elementos)\">FGL2025<\/a>\n<a href=\"https:\/\/blogsaverroes.juntadeandalucia.es\/fglorca\/tag\/fgl2026\/\" class=\"tag-cloud-link tag-link-1734061 tag-link-position-24\" style=\"font-size: 8.84pt;\" aria-label=\"FGL2026 (15 elementos)\">FGL2026<\/a>\n<a href=\"https:\/\/blogsaverroes.juntadeandalucia.es\/fglorca\/tag\/fglorca\/\" class=\"tag-cloud-link tag-link-307620 tag-link-position-25\" style=\"font-size: 10.333333333333pt;\" aria-label=\"fglorca (22 elementos)\">fglorca<\/a>\n<a href=\"https:\/\/blogsaverroes.juntadeandalucia.es\/fglorca\/tag\/fglorca2019\/\" class=\"tag-cloud-link tag-link-1699201 tag-link-position-26\" style=\"font-size: 11.546666666667pt;\" aria-label=\"fglorca2019 (30 elementos)\">fglorca2019<\/a>\n<a href=\"https:\/\/blogsaverroes.juntadeandalucia.es\/fglorca\/tag\/fglorca2020\/\" class=\"tag-cloud-link tag-link-1733765 tag-link-position-27\" style=\"font-size: 11.733333333333pt;\" aria-label=\"FGLorca2020 (31 elementos)\">FGLorca2020<\/a>\n<a href=\"https:\/\/blogsaverroes.juntadeandalucia.es\/fglorca\/tag\/fglorca2021\/\" class=\"tag-cloud-link tag-link-1733818 tag-link-position-28\" style=\"font-size: 9.5866666666667pt;\" aria-label=\"FGLorca2021 (18 elementos)\">FGLorca2021<\/a>\n<a href=\"https:\/\/blogsaverroes.juntadeandalucia.es\/fglorca\/tag\/fomento-lectura\/\" class=\"tag-cloud-link tag-link-1733960 tag-link-position-29\" style=\"font-size: 9.5866666666667pt;\" aria-label=\"Fomento lectura (18 elementos)\">Fomento lectura<\/a>\n<a href=\"https:\/\/blogsaverroes.juntadeandalucia.es\/fglorca\/tag\/infantil\/\" class=\"tag-cloud-link tag-link-1852 tag-link-position-30\" style=\"font-size: 15.466666666667pt;\" aria-label=\"infantil (80 elementos)\">infantil<\/a>\n<a href=\"https:\/\/blogsaverroes.juntadeandalucia.es\/fglorca\/tag\/informacion-2\/\" class=\"tag-cloud-link tag-link-209161 tag-link-position-31\" style=\"font-size: 8.6533333333333pt;\" aria-label=\"informaci\u00f3n (14 elementos)\">informaci\u00f3n<\/a>\n<a href=\"https:\/\/blogsaverroes.juntadeandalucia.es\/fglorca\/category\/padresmadres\/ipasen\/\" class=\"tag-cloud-link tag-link-307646 tag-link-position-32\" style=\"font-size: 8.84pt;\" aria-label=\"ipasen (15 elementos)\">ipasen<\/a>\n<a href=\"https:\/\/blogsaverroes.juntadeandalucia.es\/fglorca\/tag\/naturaleza\/\" class=\"tag-cloud-link tag-link-1110 tag-link-position-33\" style=\"font-size: 9.96pt;\" aria-label=\"Naturaleza (20 elementos)\">Naturaleza<\/a>\n<a href=\"https:\/\/blogsaverroes.juntadeandalucia.es\/fglorca\/tag\/navidad\/\" class=\"tag-cloud-link tag-link-476 tag-link-position-34\" style=\"font-size: 9.4pt;\" aria-label=\"navidad (17 elementos)\">navidad<\/a>\n<a href=\"https:\/\/blogsaverroes.juntadeandalucia.es\/fglorca\/tag\/ampa\/\" class=\"tag-cloud-link tag-link-611310 tag-link-position-35\" style=\"font-size: 10.333333333333pt;\" aria-label=\"Noticias AMPA (22 elementos)\">Noticias AMPA<\/a>\n<a href=\"https:\/\/blogsaverroes.juntadeandalucia.es\/fglorca\/tag\/prodig\/\" class=\"tag-cloud-link tag-link-1699200 tag-link-position-36\" style=\"font-size: 16.586666666667pt;\" aria-label=\"PRODIG (105 elementos)\">PRODIG<\/a>\n<a href=\"https:\/\/blogsaverroes.juntadeandalucia.es\/fglorca\/tag\/radio-federico\/\" class=\"tag-cloud-link tag-link-387987 tag-link-position-37\" style=\"font-size: 20.413333333333pt;\" aria-label=\"Radio Federico (275 elementos)\">Radio Federico<\/a>\n<a href=\"https:\/\/blogsaverroes.juntadeandalucia.es\/fglorca\/tag\/secretaria\/\" class=\"tag-cloud-link tag-link-4441 tag-link-position-38\" style=\"font-size: 9.96pt;\" aria-label=\"secretar\u00eda (20 elementos)\">secretar\u00eda<\/a>\n<a href=\"https:\/\/blogsaverroes.juntadeandalucia.es\/fglorca\/tag\/sembrando-poesia-iii\/\" class=\"tag-cloud-link tag-link-1734007 tag-link-position-39\" style=\"font-size: 13.786666666667pt;\" aria-label=\"SEMBRANDO POES\u00cdA III (53 elementos)\">SEMBRANDO POES\u00cdA III<\/a>\n<a href=\"https:\/\/blogsaverroes.juntadeandalucia.es\/fglorca\/tag\/sembrando-poesia\/\" class=\"tag-cloud-link tag-link-1733908 tag-link-position-40\" style=\"font-size: 18.733333333333pt;\" aria-label=\"Sembrando Poes\u00eda (182 elementos)\">Sembrando Poes\u00eda<\/a>\n<a href=\"https:\/\/blogsaverroes.juntadeandalucia.es\/fglorca\/tag\/tde\/\" class=\"tag-cloud-link tag-link-1733816 tag-link-position-41\" style=\"font-size: 18.546666666667pt;\" aria-label=\"TDE (172 elementos)\">TDE<\/a>\n<a href=\"https:\/\/blogsaverroes.juntadeandalucia.es\/fglorca\/tag\/viaje-de-estudios\/\" class=\"tag-cloud-link tag-link-307714 tag-link-position-42\" style=\"font-size: 8.84pt;\" aria-label=\"viaje de estudios (15 elementos)\">viaje de estudios<\/a>\n<a href=\"https:\/\/blogsaverroes.juntadeandalucia.es\/fglorca\/tag\/vicar\/\" class=\"tag-cloud-link tag-link-307715 tag-link-position-43\" style=\"font-size: 8pt;\" aria-label=\"v\u00edcar (12 elementos)\">v\u00edcar<\/a>\n<a href=\"https:\/\/blogsaverroes.juntadeandalucia.es\/fglorca\/tag\/video\/\" class=\"tag-cloud-link tag-link-246 tag-link-position-44\" style=\"font-size: 9.5866666666667pt;\" aria-label=\"v\u00eddeo (18 elementos)\">v\u00eddeo<\/a>\n<a href=\"https:\/\/blogsaverroes.juntadeandalucia.es\/fglorca\/tag\/videos\/\" class=\"tag-cloud-link tag-link-611307 tag-link-position-45\" style=\"font-size: 10.8pt;\" aria-label=\"V\u00eddeos (25 elementos)\">V\u00eddeos<\/a>\t\t\t\t<\/li>\r\n\t\t\t<\/ul><!--\/.alx-tab-->\r\n\r\n\t\t\t<\/div>\r\n\r\n\n\t\t\t\t<\/div>\n\t\t\t\t<\/div>\n\t\t\t\t\t<\/div>\n\t\t<\/div>\n\t\t\t\t\t<\/div>\n\t\t<\/section>\n\t\t\t\t<\/div>\n\t\t","protected":false},"excerpt":{"rendered":"<p>Este audio cuento forma parte de una colecci\u00f3n de los 24 ganadores dentro del Primer Concurso de Cuentos de Navidad. Estos cuentos se insertan en unas tarjetas navide\u00f1as, junto con su ilustraci\u00f3n, para colaborar&#46;&#46;&#46;<\/p>\n","protected":false},"author":2224,"featured_media":16500,"comment_status":"open","ping_status":"open","sticky":false,"template":"","format":"standard","meta":{"ngg_post_thumbnail":0,"footnotes":""},"categories":[1733962,1733876,307509,1733899,485,1733975,386064,307535,1733911,1733809],"tags":[611306,1733953,387987,1733816],"aioseo_notices":[],"_links":{"self":[{"href":"https:\/\/blogsaverroes.juntadeandalucia.es\/fglorca\/wp-json\/wp\/v2\/posts\/16800"}],"collection":[{"href":"https:\/\/blogsaverroes.juntadeandalucia.es\/fglorca\/wp-json\/wp\/v2\/posts"}],"about":[{"href":"https:\/\/blogsaverroes.juntadeandalucia.es\/fglorca\/wp-json\/wp\/v2\/types\/post"}],"author":[{"embeddable":true,"href":"https:\/\/blogsaverroes.juntadeandalucia.es\/fglorca\/wp-json\/wp\/v2\/users\/2224"}],"replies":[{"embeddable":true,"href":"https:\/\/blogsaverroes.juntadeandalucia.es\/fglorca\/wp-json\/wp\/v2\/comments?post=16800"}],"version-history":[{"count":4,"href":"https:\/\/blogsaverroes.juntadeandalucia.es\/fglorca\/wp-json\/wp\/v2\/posts\/16800\/revisions"}],"predecessor-version":[{"id":16808,"href":"https:\/\/blogsaverroes.juntadeandalucia.es\/fglorca\/wp-json\/wp\/v2\/posts\/16800\/revisions\/16808"}],"wp:featuredmedia":[{"embeddable":true,"href":"https:\/\/blogsaverroes.juntadeandalucia.es\/fglorca\/wp-json\/wp\/v2\/media\/16500"}],"wp:attachment":[{"href":"https:\/\/blogsaverroes.juntadeandalucia.es\/fglorca\/wp-json\/wp\/v2\/media?parent=16800"}],"wp:term":[{"taxonomy":"category","embeddable":true,"href":"https:\/\/blogsaverroes.juntadeandalucia.es\/fglorca\/wp-json\/wp\/v2\/categories?post=16800"},{"taxonomy":"post_tag","embeddable":true,"href":"https:\/\/blogsaverroes.juntadeandalucia.es\/fglorca\/wp-json\/wp\/v2\/tags?post=16800"}],"curies":[{"name":"wp","href":"https:\/\/api.w.org\/{rel}","templated":true}]}}