{"id":17100,"date":"2024-12-22T21:23:20","date_gmt":"2024-12-22T20:23:20","guid":{"rendered":"https:\/\/blogsaverroes.juntadeandalucia.es\/fglorca\/?p=17100"},"modified":"2025-03-02T17:32:17","modified_gmt":"2025-03-02T16:32:17","slug":"campana-de-ayuda-solidaria","status":"publish","type":"post","link":"https:\/\/blogsaverroes.juntadeandalucia.es\/fglorca\/2024\/12\/22\/campana-de-ayuda-solidaria\/","title":{"rendered":"Campa\u00f1a de ayuda solidaria"},"content":{"rendered":"\t\t<div data-elementor-type=\"wp-post\" data-elementor-id=\"17100\" class=\"elementor elementor-17100\">\n\t\t\t\t\t\t<section class=\"elementor-section elementor-top-section elementor-element elementor-element-e80ab46 elementor-section-boxed elementor-section-height-default elementor-section-height-default\" data-id=\"e80ab46\" data-element_type=\"section\">\n\t\t\t\t\t\t<div class=\"elementor-container elementor-column-gap-default\">\n\t\t\t\t\t<div class=\"elementor-column elementor-col-100 elementor-top-column elementor-element elementor-element-f32c23c\" data-id=\"f32c23c\" data-element_type=\"column\">\n\t\t\t<div class=\"elementor-widget-wrap elementor-element-populated\">\n\t\t\t\t\t\t<div class=\"elementor-element elementor-element-82569bf elementor-invisible elementor-widget elementor-widget-heading\" data-id=\"82569bf\" data-element_type=\"widget\" data-settings=\"{&quot;_animation&quot;:&quot;fadeIn&quot;}\" data-widget_type=\"heading.default\">\n\t\t\t\t<div class=\"elementor-widget-container\">\n\t\t\t\t\t<h2 class=\"elementor-heading-title elementor-size-default\">\"DESDE EL AMOR RENACEN LAS AULAS\"<\/h2>\t\t\t\t<\/div>\n\t\t\t\t<\/div>\n\t\t\t\t\t<\/div>\n\t\t<\/div>\n\t\t\t\t\t<\/div>\n\t\t<\/section>\n\t\t\t\t<section class=\"elementor-section elementor-top-section elementor-element elementor-element-17a746e elementor-section-boxed elementor-section-height-default elementor-section-height-default\" data-id=\"17a746e\" data-element_type=\"section\">\n\t\t\t\t\t\t<div class=\"elementor-container elementor-column-gap-default\">\n\t\t\t\t\t<div class=\"elementor-column elementor-col-100 elementor-top-column elementor-element elementor-element-aa3b6c3\" data-id=\"aa3b6c3\" data-element_type=\"column\">\n\t\t\t<div class=\"elementor-widget-wrap elementor-element-populated\">\n\t\t\t\t\t\t<div class=\"elementor-element elementor-element-43abf86 elementor-widget elementor-widget-text-editor\" data-id=\"43abf86\" data-element_type=\"widget\" data-widget_type=\"text-editor.default\">\n\t\t\t\t<div class=\"elementor-widget-container\">\n\t\t\t\t\t\t\t\t\t<p>Nuestro colegio, con la colaboraci\u00f3n de AMPA \u00abLas Caba\u00f1uelas\u00bb y el ayuntamiento de V\u00edcar, se uni\u00f3 al movimiento solidario que surge desde @renacen_las_aulas (centros andaluces unidos para recuperar las aulas valencianas afectadas por la Dana).<\/p><p>Os podemos confirmar que&#8230;<\/p><p><strong>\u00a1\u00a1La campa\u00f1a de recogida de material escolar, desde Almer\u00eda, ha sido un \u00e9xito rotundo!!<\/strong><\/p><p>El viernes, 20 de diciembre, salieron dos furgonetas grandes cargadas de material escolar, juegos educativos, mensajes de apoyo y solidaridad, para los centros educativos de Catarroja afectados por la DANA.\u00a0<\/p><p>Nuestra se\u00f1o Maria Jos\u00e9 (Mary Jo) ha sido la coordinadora de esta gran labor, llena de amor y solidaridad. Con la ayuda de sus peques, cada ma\u00f1ana, se ha encargado de recibir las donaciones, nos han regalado corazones llenos de bonitos mensajes. Y esa ilusi\u00f3n se ha contagiado a peque\u00f1os y grandes.<\/p><p>Por las tardes, con la colaboraci\u00f3n de mamis de nuestra Ampa, han inventariado, organizado y recibido las donaciones de otros centros.<\/p><p>Mil gracias se\u00f1o, sabemos que has dedicado muchas horas de tu tiempo libre en ello y tambi\u00e9n sabemos que lo has hecho de coraz\u00f3n y con much\u00edsima ilusi\u00f3n.<\/p><p style=\"text-align: center\"><span style=\"font-size: 16pt\"><strong>\u00abDesde el amor renacen las aulas\u00bb<\/strong><\/span><\/p>\t\t\t\t\t\t\t\t<\/div>\n\t\t\t\t<\/div>\n\t\t\t\t\t<\/div>\n\t\t<\/div>\n\t\t\t\t\t<\/div>\n\t\t<\/section>\n\t\t\t\t<section class=\"elementor-section elementor-top-section elementor-element elementor-element-aff5616 elementor-section-boxed elementor-section-height-default elementor-section-height-default\" data-id=\"aff5616\" data-element_type=\"section\">\n\t\t\t\t\t\t<div class=\"elementor-container elementor-column-gap-default\">\n\t\t\t\t\t<div class=\"elementor-column elementor-col-100 elementor-top-column elementor-element elementor-element-8eb0fbe\" data-id=\"8eb0fbe\" data-element_type=\"column\">\n\t\t\t<div class=\"elementor-widget-wrap elementor-element-populated\">\n\t\t\t\t\t\t<div class=\"elementor-element elementor-element-c70f0d6 elementor-arrows-position-outside elementor-pagination-position-outside elementor-widget elementor-widget-image-carousel\" data-id=\"c70f0d6\" data-element_type=\"widget\" data-settings=\"{&quot;slides_to_show&quot;:&quot;1&quot;,&quot;navigation&quot;:&quot;both&quot;,&quot;autoplay&quot;:&quot;yes&quot;,&quot;pause_on_hover&quot;:&quot;yes&quot;,&quot;pause_on_interaction&quot;:&quot;yes&quot;,&quot;autoplay_speed&quot;:5000,&quot;infinite&quot;:&quot;yes&quot;,&quot;effect&quot;:&quot;slide&quot;,&quot;speed&quot;:500}\" data-widget_type=\"image-carousel.default\">\n\t\t\t\t<div class=\"elementor-widget-container\">\n\t\t\t\t\t\t\t<div class=\"elementor-image-carousel-wrapper swiper\" role=\"region\" aria-roledescription=\"carousel\" aria-label=\"Carrusel de im\u00e1genes\" dir=\"ltr\">\n\t\t\t<div class=\"elementor-image-carousel swiper-wrapper\" aria-live=\"off\">\n\t\t\t\t\t\t\t\t<div class=\"swiper-slide\" role=\"group\" aria-roledescription=\"slide\" aria-label=\"1 de 13\"><figure class=\"swiper-slide-inner\"><img decoding=\"async\" class=\"swiper-slide-image\" src=\"https:\/\/blogsaverroes.juntadeandalucia.es\/fglorca\/files\/2024\/12\/Desde-el-amor-renacen-las-aulas-1024x749.jpeg\" alt=\"Desde el amor renacen las aulas\" \/><\/figure><\/div><div class=\"swiper-slide\" role=\"group\" aria-roledescription=\"slide\" aria-label=\"2 de 13\"><figure class=\"swiper-slide-inner\"><img decoding=\"async\" class=\"swiper-slide-image\" src=\"https:\/\/blogsaverroes.juntadeandalucia.es\/fglorca\/files\/2024\/12\/Desde-el-amor-renacen-las-aulas0-1024x737.jpeg\" alt=\"Desde el amor renacen las aulas0\" \/><\/figure><\/div><div class=\"swiper-slide\" role=\"group\" aria-roledescription=\"slide\" aria-label=\"3 de 13\"><figure class=\"swiper-slide-inner\"><img decoding=\"async\" class=\"swiper-slide-image\" src=\"https:\/\/blogsaverroes.juntadeandalucia.es\/fglorca\/files\/2024\/12\/Desde-el-amor-renacen-las-aulas1-1024x760.jpeg\" alt=\"Desde el amor renacen las aulas1\" \/><\/figure><\/div><div class=\"swiper-slide\" role=\"group\" aria-roledescription=\"slide\" aria-label=\"4 de 13\"><figure class=\"swiper-slide-inner\"><img decoding=\"async\" class=\"swiper-slide-image\" src=\"https:\/\/blogsaverroes.juntadeandalucia.es\/fglorca\/files\/2024\/12\/Desde-el-amor-renacen-las-aulas2-1024x693.jpeg\" alt=\"Desde el amor renacen las aulas2\" \/><\/figure><\/div><div class=\"swiper-slide\" role=\"group\" aria-roledescription=\"slide\" aria-label=\"5 de 13\"><figure class=\"swiper-slide-inner\"><img decoding=\"async\" class=\"swiper-slide-image\" src=\"https:\/\/blogsaverroes.juntadeandalucia.es\/fglorca\/files\/2024\/12\/Desde-el-amor-renacen-las-aulas3-1024x742.jpeg\" alt=\"Desde el amor renacen las aulas3\" \/><\/figure><\/div><div class=\"swiper-slide\" role=\"group\" aria-roledescription=\"slide\" aria-label=\"6 de 13\"><figure class=\"swiper-slide-inner\"><img decoding=\"async\" class=\"swiper-slide-image\" src=\"https:\/\/blogsaverroes.juntadeandalucia.es\/fglorca\/files\/2024\/12\/Desde-el-amor-renacen-las-aulas4-1024x716.jpeg\" alt=\"Desde el amor renacen las aulas4\" \/><\/figure><\/div><div class=\"swiper-slide\" role=\"group\" aria-roledescription=\"slide\" aria-label=\"7 de 13\"><figure class=\"swiper-slide-inner\"><img decoding=\"async\" class=\"swiper-slide-image\" src=\"https:\/\/blogsaverroes.juntadeandalucia.es\/fglorca\/files\/2024\/12\/Desde-el-amor-renacen-las-aulas5-1024x703.jpeg\" alt=\"Desde el amor renacen las aulas5\" \/><\/figure><\/div><div class=\"swiper-slide\" role=\"group\" aria-roledescription=\"slide\" aria-label=\"8 de 13\"><figure class=\"swiper-slide-inner\"><img decoding=\"async\" class=\"swiper-slide-image\" src=\"https:\/\/blogsaverroes.juntadeandalucia.es\/fglorca\/files\/2024\/12\/Desde-el-amor-renacen-las-aulas6-1024x742.jpeg\" alt=\"Desde el amor renacen las aulas6\" \/><\/figure><\/div><div class=\"swiper-slide\" role=\"group\" aria-roledescription=\"slide\" aria-label=\"9 de 13\"><figure class=\"swiper-slide-inner\"><img decoding=\"async\" class=\"swiper-slide-image\" src=\"https:\/\/blogsaverroes.juntadeandalucia.es\/fglorca\/files\/2024\/12\/Desde-el-amor-renacen-las-aulas7-1024x726.jpeg\" alt=\"Desde el amor renacen las aulas7\" \/><\/figure><\/div><div class=\"swiper-slide\" role=\"group\" aria-roledescription=\"slide\" aria-label=\"10 de 13\"><figure class=\"swiper-slide-inner\"><img decoding=\"async\" class=\"swiper-slide-image\" src=\"https:\/\/blogsaverroes.juntadeandalucia.es\/fglorca\/files\/2024\/12\/Desde-el-amor-renacen-las-aulas8-1024x732.jpeg\" alt=\"Desde el amor renacen las aulas8\" \/><\/figure><\/div><div class=\"swiper-slide\" role=\"group\" aria-roledescription=\"slide\" aria-label=\"11 de 13\"><figure class=\"swiper-slide-inner\"><img decoding=\"async\" class=\"swiper-slide-image\" src=\"https:\/\/blogsaverroes.juntadeandalucia.es\/fglorca\/files\/2024\/12\/Desde-el-amor-renacen-las-aulas9.jpeg\" alt=\"Desde el amor renacen las aulas9\" \/><\/figure><\/div><div class=\"swiper-slide\" role=\"group\" aria-roledescription=\"slide\" aria-label=\"12 de 13\"><figure class=\"swiper-slide-inner\"><img decoding=\"async\" class=\"swiper-slide-image\" src=\"https:\/\/blogsaverroes.juntadeandalucia.es\/fglorca\/files\/2024\/12\/Desde-el-amor-renacen-las-aulas10.jpeg\" alt=\"Desde el amor renacen las aulas10\" \/><\/figure><\/div><div class=\"swiper-slide\" role=\"group\" aria-roledescription=\"slide\" aria-label=\"13 de 13\"><figure class=\"swiper-slide-inner\"><img decoding=\"async\" class=\"swiper-slide-image\" src=\"https:\/\/blogsaverroes.juntadeandalucia.es\/fglorca\/files\/2024\/12\/Desde-el-amor-renacen-las-aulas11.jpeg\" alt=\"Desde el amor renacen las aulas11\" \/><\/figure><\/div>\t\t\t<\/div>\n\t\t\t\t\t\t\t\t\t\t\t\t<div class=\"elementor-swiper-button elementor-swiper-button-prev\" role=\"button\" tabindex=\"0\">\n\t\t\t\t\t\t<i aria-hidden=\"true\" class=\"eicon-chevron-left\"><\/i>\t\t\t\t\t<\/div>\n\t\t\t\t\t<div class=\"elementor-swiper-button elementor-swiper-button-next\" role=\"button\" tabindex=\"0\">\n\t\t\t\t\t\t<i aria-hidden=\"true\" class=\"eicon-chevron-right\"><\/i>\t\t\t\t\t<\/div>\n\t\t\t\t\n\t\t\t\t\t\t\t\t\t<div class=\"swiper-pagination\"><\/div>\n\t\t\t\t\t\t\t\t\t<\/div>\n\t\t\t\t\t\t<\/div>\n\t\t\t\t<\/div>\n\t\t\t\t\t<\/div>\n\t\t<\/div>\n\t\t\t\t\t<\/div>\n\t\t<\/section>\n\t\t\t\t<section class=\"elementor-section elementor-top-section elementor-element elementor-element-84923cf elementor-section-boxed elementor-section-height-default elementor-section-height-default\" data-id=\"84923cf\" data-element_type=\"section\">\n\t\t\t\t\t\t<div class=\"elementor-container elementor-column-gap-default\">\n\t\t\t\t\t<div class=\"elementor-column elementor-col-100 elementor-top-column elementor-element elementor-element-854a2c2\" data-id=\"854a2c2\" data-element_type=\"column\">\n\t\t\t<div class=\"elementor-widget-wrap elementor-element-populated\">\n\t\t\t\t\t\t<div class=\"elementor-element elementor-element-497ccc8 elementor-arrows-position-inside elementor-pagination-position-outside elementor-widget elementor-widget-image-carousel\" data-id=\"497ccc8\" data-element_type=\"widget\" data-settings=\"{&quot;slides_to_show&quot;:&quot;1&quot;,&quot;navigation&quot;:&quot;both&quot;,&quot;autoplay&quot;:&quot;yes&quot;,&quot;pause_on_hover&quot;:&quot;yes&quot;,&quot;pause_on_interaction&quot;:&quot;yes&quot;,&quot;autoplay_speed&quot;:5000,&quot;infinite&quot;:&quot;yes&quot;,&quot;effect&quot;:&quot;slide&quot;,&quot;speed&quot;:500}\" data-widget_type=\"image-carousel.default\">\n\t\t\t\t<div class=\"elementor-widget-container\">\n\t\t\t\t\t\t\t<div class=\"elementor-image-carousel-wrapper swiper\" role=\"region\" aria-roledescription=\"carousel\" aria-label=\"Carrusel de im\u00e1genes\" dir=\"ltr\">\n\t\t\t<div class=\"elementor-image-carousel swiper-wrapper\" aria-live=\"off\">\n\t\t\t\t\t\t\t\t<div class=\"swiper-slide\" role=\"group\" aria-roledescription=\"slide\" aria-label=\"1 de 4\"><figure class=\"swiper-slide-inner\"><img decoding=\"async\" class=\"swiper-slide-image\" src=\"https:\/\/blogsaverroes.juntadeandalucia.es\/fglorca\/files\/2024\/12\/Desde-el-amor-renacen-las-aulas-v-738x1024.jpeg\" alt=\"Desde el amor renacen las aulas-v\" \/><\/figure><\/div><div class=\"swiper-slide\" role=\"group\" aria-roledescription=\"slide\" aria-label=\"2 de 4\"><figure class=\"swiper-slide-inner\"><img decoding=\"async\" class=\"swiper-slide-image\" src=\"https:\/\/blogsaverroes.juntadeandalucia.es\/fglorca\/files\/2024\/12\/Desde-el-amor-renacen-las-aulas-v1-678x1024.jpeg\" alt=\"Desde el amor renacen las aulas-v1\" \/><\/figure><\/div><div class=\"swiper-slide\" role=\"group\" aria-roledescription=\"slide\" aria-label=\"3 de 4\"><figure class=\"swiper-slide-inner\"><img decoding=\"async\" class=\"swiper-slide-image\" src=\"https:\/\/blogsaverroes.juntadeandalucia.es\/fglorca\/files\/2024\/12\/Desde-el-amor-renacen-las-aulas-v2-710x1024.jpeg\" alt=\"Desde el amor renacen las aulas-v2\" \/><\/figure><\/div><div class=\"swiper-slide\" role=\"group\" aria-roledescription=\"slide\" aria-label=\"4 de 4\"><figure class=\"swiper-slide-inner\"><img decoding=\"async\" class=\"swiper-slide-image\" src=\"https:\/\/blogsaverroes.juntadeandalucia.es\/fglorca\/files\/2024\/12\/Desde-el-amor-renacen-las-aulas-v3-712x1024.jpeg\" alt=\"Desde el amor renacen las aulas-v3\" \/><\/figure><\/div>\t\t\t<\/div>\n\t\t\t\t\t\t\t\t\t\t\t\t<div class=\"elementor-swiper-button elementor-swiper-button-prev\" role=\"button\" tabindex=\"0\">\n\t\t\t\t\t\t<i aria-hidden=\"true\" class=\"eicon-chevron-left\"><\/i>\t\t\t\t\t<\/div>\n\t\t\t\t\t<div class=\"elementor-swiper-button elementor-swiper-button-next\" role=\"button\" tabindex=\"0\">\n\t\t\t\t\t\t<i aria-hidden=\"true\" class=\"eicon-chevron-right\"><\/i>\t\t\t\t\t<\/div>\n\t\t\t\t\n\t\t\t\t\t\t\t\t\t<div class=\"swiper-pagination\"><\/div>\n\t\t\t\t\t\t\t\t\t<\/div>\n\t\t\t\t\t\t<\/div>\n\t\t\t\t<\/div>\n\t\t\t\t\t<\/div>\n\t\t<\/div>\n\t\t\t\t\t<\/div>\n\t\t<\/section>\n\t\t\t\t<section class=\"elementor-section elementor-top-section elementor-element elementor-element-36a51f6 elementor-section-boxed elementor-section-height-default elementor-section-height-default\" data-id=\"36a51f6\" data-element_type=\"section\">\n\t\t\t\t\t\t<div class=\"elementor-container elementor-column-gap-default\">\n\t\t\t\t\t<div class=\"elementor-column elementor-col-100 elementor-top-column elementor-element elementor-element-6b949c7\" data-id=\"6b949c7\" data-element_type=\"column\">\n\t\t\t<div class=\"elementor-widget-wrap elementor-element-populated\">\n\t\t\t\t\t\t<div class=\"elementor-element elementor-element-268e8d8 elementor-widget elementor-widget-text-editor\" data-id=\"268e8d8\" data-element_type=\"widget\" data-widget_type=\"text-editor.default\">\n\t\t\t\t<div class=\"elementor-widget-container\">\n\t\t\t\t\t\t\t\t\t<p>Queremos agradecer de coraz\u00f3n a todos los colaboradores de toda la provincia, desde Poniente a Levante:<\/p><ul><li>CEIP Federico Garc\u00eda Lorca, V\u00edcar<\/li><li>CEIP Saramago, V\u00edcar<\/li><li>CEIP Gin\u00e9s Morata, Almer\u00eda<\/li><li>Librer\u00eda Papyros, El Parador (Roquetas de Mar)<\/li><li>CEIP Torrequebrada, Aguadulce<\/li><li>EI Palomares, Palomares<\/li><li>FAAM Centro Ocupacional, Hu\u00e9rcal Overa<\/li><li>EI Luis Siret, Cuevas de Almanzora<\/li><li>EI La Pernera, Antas<\/li><li>CEIP Miguel Servet, Balerma<\/li><li>CEIP Rodr\u00edguez de la Fuente, Llanos de V\u00edcar<\/li><li>Valdeserra International School, Vera<\/li><li>CEIP Virgen de la Paz, V\u00edcar<\/li><li>IES Entresierras, Purchena<\/li><li>EI Garabatos, Purchena<\/li><li>CEIP San Gin\u00e9s, Purchena<\/li><li>Maestras jubiladas de Aguadulce<\/li><li>Papeler\u00eda Libra, Aguadulce<\/li><li>CEIP Biling\u00fce Almerimar, El Ejido<\/li><\/ul><p>Un agradecimiento especial al voluntariado del AMPA y personal docente del CEIP Federico Garc\u00eda Lorca por su labor inmensa en la log\u00edstica desde V\u00edcar, y a la ayuda indispensable del Ayuntamiento de V\u00edcar, ofreciendo punto de recogida para toda la provincia y facilitando el transporte del material a su destino.<\/p><p style=\"text-align: center\"><strong>\u00abDesde el amor renacen las aulas\u00bb<\/strong><\/p><p style=\"text-align: center\"><strong>\u00a1Feliz D\u00eda Internacional de la Solidaridad Humana, 20 de diciembre!<\/strong><\/p>\t\t\t\t\t\t\t\t<\/div>\n\t\t\t\t<\/div>\n\t\t\t\t\t<\/div>\n\t\t<\/div>\n\t\t\t\t\t<\/div>\n\t\t<\/section>\n\t\t\t\t<\/div>\n\t\t","protected":false},"excerpt":{"rendered":"<p>\u00abDESDE EL AMOR RENACEN LAS AULAS\u00bb Nuestro colegio, con la colaboraci\u00f3n de AMPA \u00abLas Caba\u00f1uelas\u00bb y el ayuntamiento de V\u00edcar, se uni\u00f3 al movimiento solidario que surge desde @renacen_las_aulas (centros andaluces unidos para recuperar&#46;&#46;&#46;<\/p>\n","protected":false},"author":3347,"featured_media":17124,"comment_status":"open","ping_status":"open","sticky":false,"template":"","format":"standard","meta":{"ngg_post_thumbnail":0,"footnotes":""},"categories":[1733962,1733910],"tags":[379625,3981,1733953,31],"aioseo_notices":[],"_links":{"self":[{"href":"https:\/\/blogsaverroes.juntadeandalucia.es\/fglorca\/wp-json\/wp\/v2\/posts\/17100"}],"collection":[{"href":"https:\/\/blogsaverroes.juntadeandalucia.es\/fglorca\/wp-json\/wp\/v2\/posts"}],"about":[{"href":"https:\/\/blogsaverroes.juntadeandalucia.es\/fglorca\/wp-json\/wp\/v2\/types\/post"}],"author":[{"embeddable":true,"href":"https:\/\/blogsaverroes.juntadeandalucia.es\/fglorca\/wp-json\/wp\/v2\/users\/3347"}],"replies":[{"embeddable":true,"href":"https:\/\/blogsaverroes.juntadeandalucia.es\/fglorca\/wp-json\/wp\/v2\/comments?post=17100"}],"version-history":[{"count":4,"href":"https:\/\/blogsaverroes.juntadeandalucia.es\/fglorca\/wp-json\/wp\/v2\/posts\/17100\/revisions"}],"predecessor-version":[{"id":17459,"href":"https:\/\/blogsaverroes.juntadeandalucia.es\/fglorca\/wp-json\/wp\/v2\/posts\/17100\/revisions\/17459"}],"wp:featuredmedia":[{"embeddable":true,"href":"https:\/\/blogsaverroes.juntadeandalucia.es\/fglorca\/wp-json\/wp\/v2\/media\/17124"}],"wp:attachment":[{"href":"https:\/\/blogsaverroes.juntadeandalucia.es\/fglorca\/wp-json\/wp\/v2\/media?parent=17100"}],"wp:term":[{"taxonomy":"category","embeddable":true,"href":"https:\/\/blogsaverroes.juntadeandalucia.es\/fglorca\/wp-json\/wp\/v2\/categories?post=17100"},{"taxonomy":"post_tag","embeddable":true,"href":"https:\/\/blogsaverroes.juntadeandalucia.es\/fglorca\/wp-json\/wp\/v2\/tags?post=17100"}],"curies":[{"name":"wp","href":"https:\/\/api.w.org\/{rel}","templated":true}]}}