{"id":19,"date":"2014-03-12T21:12:00","date_gmt":"2014-03-12T21:12:00","guid":{"rendered":"https:\/\/blogsaverroes.juntadeandalucia.es\/fglorca\/2014\/03\/12\/generacion-del-27-2\/"},"modified":"2014-03-12T21:12:00","modified_gmt":"2014-03-12T21:12:00","slug":"generacion-del-27-2","status":"publish","type":"post","link":"https:\/\/blogsaverroes.juntadeandalucia.es\/fglorca\/2014\/03\/12\/generacion-del-27-2\/","title":{"rendered":"GENERACI\u00d3N DEL 27"},"content":{"rendered":"<p>Aqu\u00ed tenemos un libro que han realizado los alumnos de 6\u00baA con poes\u00edas de los poetas de la Generaci\u00f3n del 27. Si quer\u00e9is obtener informaci\u00f3n sobre este tema o cualquier otro, si ten\u00e9is que hacer un trabajo, buscar alguna informaci\u00f3n, acercaos por Nuestra Biblioteca y os proporcionaremos el material necesario as\u00ed como orientaci\u00f3n&#8230; Estamos abiertos todos los recreos.<\/p>\n<div data-configid=\"0\/7073194\" style=\"width: 500px; height: 353px;\" class=\"issuuembed\"><\/div>\n<p><script type=\"text\/javascript\" src=\"\/\/e.issuu.com\/embed.js\" async=\"true\"><\/script><\/p>\n","protected":false},"excerpt":{"rendered":"<p>Aqu\u00ed tenemos un libro que han realizado los alumnos de 6\u00baA con poes\u00edas de los poetas de la Generaci\u00f3n del 27. Si quer\u00e9is obtener informaci\u00f3n sobre este tema o cualquier otro, si ten\u00e9is que&#46;&#46;&#46;<\/p>\n","protected":false},"author":2963,"featured_media":0,"comment_status":"open","ping_status":"open","sticky":false,"template":"","format":"standard","meta":{"ngg_post_thumbnail":0,"footnotes":""},"categories":[32],"tags":[790],"aioseo_notices":[],"_links":{"self":[{"href":"https:\/\/blogsaverroes.juntadeandalucia.es\/fglorca\/wp-json\/wp\/v2\/posts\/19"}],"collection":[{"href":"https:\/\/blogsaverroes.juntadeandalucia.es\/fglorca\/wp-json\/wp\/v2\/posts"}],"about":[{"href":"https:\/\/blogsaverroes.juntadeandalucia.es\/fglorca\/wp-json\/wp\/v2\/types\/post"}],"author":[{"embeddable":true,"href":"https:\/\/blogsaverroes.juntadeandalucia.es\/fglorca\/wp-json\/wp\/v2\/users\/2963"}],"replies":[{"embeddable":true,"href":"https:\/\/blogsaverroes.juntadeandalucia.es\/fglorca\/wp-json\/wp\/v2\/comments?post=19"}],"version-history":[{"count":0,"href":"https:\/\/blogsaverroes.juntadeandalucia.es\/fglorca\/wp-json\/wp\/v2\/posts\/19\/revisions"}],"wp:attachment":[{"href":"https:\/\/blogsaverroes.juntadeandalucia.es\/fglorca\/wp-json\/wp\/v2\/media?parent=19"}],"wp:term":[{"taxonomy":"category","embeddable":true,"href":"https:\/\/blogsaverroes.juntadeandalucia.es\/fglorca\/wp-json\/wp\/v2\/categories?post=19"},{"taxonomy":"post_tag","embeddable":true,"href":"https:\/\/blogsaverroes.juntadeandalucia.es\/fglorca\/wp-json\/wp\/v2\/tags?post=19"}],"curies":[{"name":"wp","href":"https:\/\/api.w.org\/{rel}","templated":true}]}}