{"id":191,"date":"2013-06-04T10:54:35","date_gmt":"2013-06-04T09:54:35","guid":{"rendered":"http:\/\/web.fglorca.es\/?p=191"},"modified":"2023-04-15T13:00:55","modified_gmt":"2023-04-15T12:00:55","slug":"concurso-de-logotipo","status":"publish","type":"post","link":"https:\/\/blogsaverroes.juntadeandalucia.es\/fglorca\/2013\/06\/04\/concurso-de-logotipo\/","title":{"rendered":"Concurso de Logotipo"},"content":{"rendered":"<h2 style=\"text-align: center\"><a href=\"http:\/\/web.fglorca.es\/?p=191\"><img decoding=\"async\" src=\"images\/stories\/baner.jpg\" border=\"0\" width=\"244\" height=\"147\" style=\"margin: 10px;float: left\" \/><\/a><span style=\"font-size: medium\"><strong><em>Buscamos logotipo para el Cole.<\/em><\/strong><\/span><\/h2>\n<p>An\u00edmate y ay\u00fadanos en encotrar un logotipo para nuestro colegio.<\/p>\n<p>Este a\u00f1o estamos celebrando los 25 a\u00f1os del Colegio y creemos que ya es un buen momento para dise\u00f1ar un buen logotipo que nos represente.<\/p>\n<p>Puedes ver las bases y plazos del concurso <a href=\"http:\/\/web.fglorca.es\/?p=191\">aqu\u00ed.<\/a><\/p>\n<p>Esperamos tus trabajos. Concurso abierto a todos los interesados con edades comprendidas entre los 3 y 100 a\u00f1os.<\/p>\n<p><strong id=\"docs-internal-guid-328f2f24-0ed9-eb06-fc82-247dabdcc88d\" style=\"font-weight:normal\"> <\/strong><\/p>\n<h2 style=\"text-align: center\"><span style=\"font-size: medium\">Actividad para la Semana Cultural 2013<\/span><\/h2>\n<h2 style=\"text-align: center\"><span style=\"font-size: medium\">CONCURSOS  DE LOGOTIPO PARA EL \u201cCOLEGIO P\u00daBLICO DE EDUCACI\u00d3N INFANTIL Y PRIMARIA FEDERICO GARC\u00cdA LORCA\u201d.<\/span><\/h2>\n<p><span style=\"font-size: medium\"> <\/span><\/p>\n<p><span style=\"font-size: medium\"> Con el objetivo de dotar al, C.E.I.P: FEDERICO GARC\u00cdA LORCA de V\u00edcar \u2013 Almer\u00eda, de una imagen pl\u00e1stica acorde con las nuevas tendencias, f\u00e1cilmente reconocible por los miembros de toda la Comunidad Educativa y que se sientan identificados con su dise\u00f1o se convoca el presente Concurso de dise\u00f1o de \u201clogo\u201d, de acuerdo a las siguientes bases.<\/span><\/p>\n<p><span style=\"font-size: medium\"> <\/span><\/p>\n<p><span style=\"font-size: medium\">Podr\u00e1n participar, todas las personas interesadas, a partir de los 3 a\u00f1os de edad.<\/span><\/p>\n<p><span style=\"font-size: medium\"> <\/span><\/p>\n<p><span style=\"font-size: medium\">Los trabajos consistir\u00e1n en la presentaci\u00f3n, de un Logotipo para el C.E.I.P: Federico Garc\u00eda  Lorca, as\u00ed como de im\u00e1genes y botones para las distintas secciones de la p\u00e1gina Web.<\/span><\/p>\n<p><span style=\"font-size: medium\"> <\/span><\/p>\n<p><span style=\"font-size: medium\">Los trabajos deben ser representativos de las se\u00f1as de identidad del Colegio y aludir como m\u00ednimo, a los siguientes conceptos: \u201cFederico Garc\u00eda Lorca, educaci\u00f3n, V\u00edcar.\u201d<\/span><\/p>\n<p><span style=\"font-size: medium\"> <\/span><\/p>\n<p><span style=\"font-size: medium\">Categor\u00edas y premios. Cada categor\u00eda tendr\u00e1 un solo ganador cuyo premio consistir\u00e1 en: \u00danica autores\/as de 3 a 100 a\u00f1os. Premio: Un reproductor de Mp4.<\/span><\/p>\n<p><span style=\"font-size: medium\"> <\/span><\/p>\n<p><span style=\"font-size: medium\">Los trabajos deber\u00e1n presentarse hasta el d\u00eda <strong>14 de junio de 2.013<\/strong>, en los siguientes lugares:<\/span><\/p>\n<p><span style=\"font-size: medium\"> <\/span><\/p>\n<p><span style=\"font-size: medium\">Secretar\u00eda del Colegio Federico Garc\u00eda Lorca mediante mail a: concursologo@fglorca.es<\/span><\/p>\n<p><span style=\"font-size: medium\"> <\/span><\/p>\n<p><span style=\"font-size: medium\">Cada persona podr\u00e1 aportar tantos trabajos como desee, originales e in\u00e9ditos y adjuntar\u00e1 un sobre con sus datos personales (nombre, apellidos, DNI, direcci\u00f3n y tel\u00e9fono). Tambi\u00e9n pueden ser enviados los trabajos al mail concursologo@fglorca.es. Las obras podr\u00e1n ir acompa\u00f1adas de un peque\u00f1o dossier (mecanografiado), explicativo de la propuesta, que permita una mejor comprensi\u00f3n y evaluaci\u00f3n del dise\u00f1o. Se podr\u00e1 utilizar cualquier t\u00e9cnica de dise\u00f1o y presentaci\u00f3n, aunque se recomienda el soporte inform\u00e1tico. Quedan excluidos los trabajos al \u00f3leo, acuarela, o cualquier otra t\u00e9cnica que resulte de dif\u00edcil reproducci\u00f3n.<\/span><\/p>\n<p><span style=\"font-size: medium\"> <\/span><\/p>\n<p><span style=\"font-size: medium\">Composici\u00f3n del Jurado. El Jurado estar\u00e1 compuesto por las siguientes personas:<\/span><\/p>\n<p><span style=\"font-size: medium\"> <\/span><\/p>\n<p style=\"padding-left: 90px\"><span style=\"font-size: medium\">Director del CEIP: Federico Garc\u00eda Lorca que ejercer\u00e1 de presidente.<\/span><\/p>\n<p><span style=\"font-size: medium\"> <\/span><\/p>\n<p style=\"padding-left: 90px\"><span style=\"font-size: medium\">Concejala Delegada de Educaci\u00f3n del Excmo. Ayuntamiento de V\u00edcar.<\/span><\/p>\n<p><span style=\"font-size: medium\"> <\/span><\/p>\n<p style=\"padding-left: 90px\"><span style=\"font-size: medium\">1 Representante del Consejo Escolar del CEIP: Federico Garc\u00eda Lorca.<\/span><\/p>\n<p><span style=\"font-size: medium\"> <\/span><\/p>\n<p style=\"padding-left: 90px\"><span style=\"font-size: medium\">1 Representante del AMPA del CEIP: Federico Garc\u00eda Lorca.<\/span><\/p>\n<p><span style=\"font-size: medium\"> <\/span><\/p>\n<p style=\"padding-left: 90px\"><span style=\"font-size: medium\">1 Representante del Claustro del CEIP: Federico Garc\u00eda Lorca.<\/span><\/p>\n<p><span style=\"font-size: medium\"> <\/span><\/p>\n<p style=\"padding-left: 90px\"><span style=\"font-size: medium\">El coordinador TIC del CEIP: Federico Garc\u00eda Lorca.<\/span><\/p>\n<p><span style=\"font-size: medium\"> <\/span><\/p>\n<p><span style=\"font-size: medium\"> <\/span><\/p>\n<p><span style=\"font-size: medium\"> <\/span><\/p>\n<p><span style=\"font-size: medium\">El jurado har\u00e1 p\u00fablica su resoluci\u00f3n definitiva, en el acto de presentaci\u00f3n oficial de la p\u00e1gina Web del CEIP: Federico Garc\u00eda Lorca y su fallo ser\u00e1 inapelable.<\/span><\/p>\n<p><span style=\"font-size: medium\"> <\/span><\/p>\n<p><span style=\"font-size: medium\">El jurado podr\u00e1 declarar desierto cualquiera de los premios.<\/span><\/p>\n<p><span style=\"font-size: medium\"> <\/span><\/p>\n<p><span style=\"font-size: medium\">A partir de la presentaci\u00f3n de los trabajos, su propiedad, utilizaci\u00f3n y derechos quedar\u00e1n reservados al CEIP: Federico Garc\u00eda Lorca, cediendo gratuitamente sus derechos de reproducci\u00f3n y manipulaci\u00f3n. El CEIP: Federico Garc\u00eda Lorca tendr\u00e1 derecho a utilizar el \u201clogo\u201d ganador y cualquier otro de los presentados total o parcialmente, en cualquier formato y apoyo que considere oportuno.<\/span><\/p>\n<p><span style=\"font-size: medium\"> <\/span><\/p>\n<p><span style=\"font-size: medium\">Los trabajos no premiados, ser\u00e1n devueltos en un plazo de un mes desde la concesi\u00f3n del premio. Transcurrido dicho plazo los mismos ser\u00e1n destruidos.<\/span><\/p>\n<p><span style=\"font-size: medium\"> <\/span><\/p>\n<p><span style=\"font-size: medium\">Todos los participantes en el Concurso, se comprometen a aceptar las presentes Bases, as\u00ed como el criterio interpretativo del Jurado del mismo y a renunciar a cualquier tipo de reclamaci\u00f3n.<\/span><\/p>\n<p><span style=\"font-size: medium\"> <\/span><\/p>\n<p><span style=\"font-size: medium\">V\u00edcar, 04 de 06 de 2013<\/span><\/p>\n","protected":false},"excerpt":{"rendered":"<h2 style=\"text-align: center\"><a href=\"index.php\/component\/content\/article\/98-semana-cultural\/191-concurso-de-logotipo\"><img decoding=\"async\" src=\"images\/stories\/baner.jpg\" border=\"0\" width=\"244\" height=\"147\" style=\"margin: 10px;float: left\" \/><\/a><span style=\"font-size: medium\"><strong><em>Buscamos logotipo para el Cole.<\/em><\/strong><\/span><\/h2>\n<p>An\u00edmate y ay\u00fadanos en encotrar un logotipo para nuestro colegio.<\/p>\n<p>Este a\u00f1o estamos celebrando los 25 a\u00f1os del Colegio y creemos que ya es un buen momento para dise\u00f1ar un buen logotipo que nos represente.<\/p>\n<p>Puedes ver las bases y plazos del concurso <a href=\"index.php\/component\/content\/article\/98-semana-cultural\/191-concurso-de-logotipo\">aqu\u00ed.<\/a><\/p>\n<p>Esperamos tus trabajos. Concurso abierto a todos los interesados con edades comprendidas entre los 3 y 100 a\u00f1os.<\/p>\n","protected":false},"author":2224,"featured_media":0,"comment_status":"closed","ping_status":"open","sticky":false,"template":"","format":"standard","meta":{"ngg_post_thumbnail":0,"footnotes":""},"categories":[1733877,521],"tags":[],"aioseo_notices":[],"_links":{"self":[{"href":"https:\/\/blogsaverroes.juntadeandalucia.es\/fglorca\/wp-json\/wp\/v2\/posts\/191"}],"collection":[{"href":"https:\/\/blogsaverroes.juntadeandalucia.es\/fglorca\/wp-json\/wp\/v2\/posts"}],"about":[{"href":"https:\/\/blogsaverroes.juntadeandalucia.es\/fglorca\/wp-json\/wp\/v2\/types\/post"}],"author":[{"embeddable":true,"href":"https:\/\/blogsaverroes.juntadeandalucia.es\/fglorca\/wp-json\/wp\/v2\/users\/2224"}],"replies":[{"embeddable":true,"href":"https:\/\/blogsaverroes.juntadeandalucia.es\/fglorca\/wp-json\/wp\/v2\/comments?post=191"}],"version-history":[{"count":1,"href":"https:\/\/blogsaverroes.juntadeandalucia.es\/fglorca\/wp-json\/wp\/v2\/posts\/191\/revisions"}],"predecessor-version":[{"id":11886,"href":"https:\/\/blogsaverroes.juntadeandalucia.es\/fglorca\/wp-json\/wp\/v2\/posts\/191\/revisions\/11886"}],"wp:attachment":[{"href":"https:\/\/blogsaverroes.juntadeandalucia.es\/fglorca\/wp-json\/wp\/v2\/media?parent=191"}],"wp:term":[{"taxonomy":"category","embeddable":true,"href":"https:\/\/blogsaverroes.juntadeandalucia.es\/fglorca\/wp-json\/wp\/v2\/categories?post=191"},{"taxonomy":"post_tag","embeddable":true,"href":"https:\/\/blogsaverroes.juntadeandalucia.es\/fglorca\/wp-json\/wp\/v2\/tags?post=191"}],"curies":[{"name":"wp","href":"https:\/\/api.w.org\/{rel}","templated":true}]}}