{"id":21629,"date":"2026-03-22T19:27:27","date_gmt":"2026-03-22T18:27:27","guid":{"rendered":"https:\/\/blogsaverroes.juntadeandalucia.es\/fglorca\/?p=21629"},"modified":"2026-03-25T19:30:56","modified_gmt":"2026-03-25T18:30:56","slug":"dia-de-la-francofonia","status":"publish","type":"post","link":"https:\/\/blogsaverroes.juntadeandalucia.es\/fglorca\/2026\/03\/22\/dia-de-la-francofonia\/","title":{"rendered":"D\u00cdA DE LA FRANCOFON\u00cdA"},"content":{"rendered":"\t\t<div data-elementor-type=\"wp-post\" data-elementor-id=\"21629\" class=\"elementor elementor-21629\">\n\t\t\t\t\t\t<section class=\"elementor-section elementor-top-section elementor-element elementor-element-2998875 elementor-section-boxed elementor-section-height-default elementor-section-height-default\" data-id=\"2998875\" data-element_type=\"section\">\n\t\t\t\t\t\t<div class=\"elementor-container elementor-column-gap-default\">\n\t\t\t\t\t<div class=\"elementor-column elementor-col-100 elementor-top-column elementor-element elementor-element-f2f4f57\" data-id=\"f2f4f57\" data-element_type=\"column\">\n\t\t\t<div class=\"elementor-widget-wrap elementor-element-populated\">\n\t\t\t\t\t\t<div class=\"elementor-element elementor-element-9c85a31 elementor-widget elementor-widget-text-editor\" data-id=\"9c85a31\" data-element_type=\"widget\" data-widget_type=\"text-editor.default\">\n\t\t\t\t<div class=\"elementor-widget-container\">\n\t\t\t\t\t\t\t\t\t<p>Con motivo del D\u00eda de la Francofon\u00eda, nuestro alumnado ha participado en una actividad muy especial centrada en el descubrimiento del mundo franc\u00f3fono.<br \/>A lo largo del proyecto, han investigado y conocido diferentes pa\u00edses en los que se habla franc\u00e9s, acerc\u00e1ndose a sus culturas, tradiciones y formas de vida. Una de las cosas que m\u00e1s nos ha sorprendido ha sido descubrir que el franc\u00e9s es una lengua presente en todos los continentes, lo que nos ha permitido tomar conciencia de su importancia a nivel global.<br \/>El objetivo de esta actividad no ha sido solo trabajar la lengua francesa, sino tambi\u00e9n fomentar el respeto por la diversidad cultural, la curiosidad y la apertura hacia otras realidades.<br \/>Sin duda, ha sido una experiencia enriquecedora que nos ha permitido entender que el franc\u00e9s es mucho m\u00e1s que un idioma: es una puerta abierta al mundo.<br \/><strong>\u00a1Feliz D\u00eda de la Francofon\u00eda!<\/strong><\/p>\t\t\t\t\t\t\t\t<\/div>\n\t\t\t\t<\/div>\n\t\t\t\t\t<\/div>\n\t\t<\/div>\n\t\t\t\t\t<\/div>\n\t\t<\/section>\n\t\t\t\t<section class=\"elementor-section elementor-top-section elementor-element elementor-element-274e80a elementor-section-boxed elementor-section-height-default elementor-section-height-default\" data-id=\"274e80a\" data-element_type=\"section\">\n\t\t\t\t\t\t<div class=\"elementor-container elementor-column-gap-default\">\n\t\t\t\t\t<div class=\"elementor-column elementor-col-100 elementor-top-column elementor-element elementor-element-a0fe9ac\" data-id=\"a0fe9ac\" data-element_type=\"column\">\n\t\t\t<div class=\"elementor-widget-wrap elementor-element-populated\">\n\t\t\t\t\t\t<div class=\"elementor-element elementor-element-6eeaac9 elementor-widget elementor-widget-video\" data-id=\"6eeaac9\" data-element_type=\"widget\" data-settings=\"{&quot;youtube_url&quot;:&quot;https:\\\/\\\/youtu.be\\\/xGOZxv98XLs&quot;,&quot;video_type&quot;:&quot;youtube&quot;,&quot;controls&quot;:&quot;yes&quot;}\" data-widget_type=\"video.default\">\n\t\t\t\t<div class=\"elementor-widget-container\">\n\t\t\t\t\t\t\t<div class=\"elementor-wrapper elementor-open-inline\">\n\t\t\t<div class=\"elementor-video\"><\/div>\t\t<\/div>\n\t\t\t\t\t\t<\/div>\n\t\t\t\t<\/div>\n\t\t\t\t\t<\/div>\n\t\t<\/div>\n\t\t\t\t\t<\/div>\n\t\t<\/section>\n\t\t\t\t<\/div>\n\t\t","protected":false},"excerpt":{"rendered":"<p>Con motivo del D\u00eda de la Francofon\u00eda, nuestro alumnado ha participado en una actividad muy especial centrada en el descubrimiento del mundo franc\u00f3fono. A lo largo del proyecto, han investigado y conocido diferentes pa\u00edses&#46;&#46;&#46;<\/p>\n","protected":false},"author":2224,"featured_media":21630,"comment_status":"open","ping_status":"open","sticky":false,"template":"","format":"standard","meta":{"ngg_post_thumbnail":0,"footnotes":""},"categories":[1734001,1733876,307509,1733993,1734012,485,1733910,386064,1733911,425],"tags":[1733903,1699191,1734013,611307],"aioseo_notices":[],"_links":{"self":[{"href":"https:\/\/blogsaverroes.juntadeandalucia.es\/fglorca\/wp-json\/wp\/v2\/posts\/21629"}],"collection":[{"href":"https:\/\/blogsaverroes.juntadeandalucia.es\/fglorca\/wp-json\/wp\/v2\/posts"}],"about":[{"href":"https:\/\/blogsaverroes.juntadeandalucia.es\/fglorca\/wp-json\/wp\/v2\/types\/post"}],"author":[{"embeddable":true,"href":"https:\/\/blogsaverroes.juntadeandalucia.es\/fglorca\/wp-json\/wp\/v2\/users\/2224"}],"replies":[{"embeddable":true,"href":"https:\/\/blogsaverroes.juntadeandalucia.es\/fglorca\/wp-json\/wp\/v2\/comments?post=21629"}],"version-history":[{"count":4,"href":"https:\/\/blogsaverroes.juntadeandalucia.es\/fglorca\/wp-json\/wp\/v2\/posts\/21629\/revisions"}],"predecessor-version":[{"id":21635,"href":"https:\/\/blogsaverroes.juntadeandalucia.es\/fglorca\/wp-json\/wp\/v2\/posts\/21629\/revisions\/21635"}],"wp:featuredmedia":[{"embeddable":true,"href":"https:\/\/blogsaverroes.juntadeandalucia.es\/fglorca\/wp-json\/wp\/v2\/media\/21630"}],"wp:attachment":[{"href":"https:\/\/blogsaverroes.juntadeandalucia.es\/fglorca\/wp-json\/wp\/v2\/media?parent=21629"}],"wp:term":[{"taxonomy":"category","embeddable":true,"href":"https:\/\/blogsaverroes.juntadeandalucia.es\/fglorca\/wp-json\/wp\/v2\/categories?post=21629"},{"taxonomy":"post_tag","embeddable":true,"href":"https:\/\/blogsaverroes.juntadeandalucia.es\/fglorca\/wp-json\/wp\/v2\/tags?post=21629"}],"curies":[{"name":"wp","href":"https:\/\/api.w.org\/{rel}","templated":true}]}}