{"id":220,"date":"2015-02-19T10:22:13","date_gmt":"2015-02-19T09:22:13","guid":{"rendered":"http:\/\/in-formando.es\/historias-del-federico\/?p=220"},"modified":"2023-04-15T12:59:42","modified_gmt":"2023-04-15T11:59:42","slug":"el-jardin-botanico","status":"publish","type":"post","link":"https:\/\/blogsaverroes.juntadeandalucia.es\/fglorca\/2015\/02\/19\/el-jardin-botanico\/","title":{"rendered":"El Jard\u00edn Bot\u00e1nico"},"content":{"rendered":"<div style=\"width: 196px\" class=\"wp-caption alignleft\"><a href=\"http:\/\/upload.wikimedia.org\/wikipedia\/commons\/f\/f9\/Lanzarote_Jardin_de_Cactus_Kaktusgarten.jpg\"><img decoding=\"async\" class=\"\" src=\"http:\/\/upload.wikimedia.org\/wikipedia\/commons\/f\/f9\/Lanzarote_Jardin_de_Cactus_Kaktusgarten.jpg\" alt=\"\" width=\"186\" height=\"139\" \/><\/a><p class=\"wp-caption-text\">Wikipedia. Jard\u00edn Bot\u00e1nico de Cactus. Lanzarote<\/p><\/div>\n<p>Me gustar\u00eda que hubiese un jard\u00edn bot\u00e1nico\u00a0 al lado de mi colegio porque as\u00ed,todos los alumnos y alumnas podr\u00edamos disfrutar de \u00e9l ,aunque no solo los alumnos del CEIP Federico Garc\u00eda Lorca si no,todos los habitantes de V\u00edcar que quieran ir a visitarlo. <a title=\"Proyecto de dise\u00f1o de jard\u00edn bot\u00e1nico\" href=\"http:\/\/in-formando.es\/historias-del-federico\/2015\/02\/03\/proyecto-de-diseno-de-jardin-botanico\/\">Ver entrada del Proyecto.<\/a><br \/>\nLos jardines bot\u00e1nicos son instituciones habilitadas por un organismo p\u00fablico, privado o asociativo cuyo objetivo es el estudio, la conservaci\u00f3n y divulgaci\u00f3n de la diversidad vegetal. <a href=\"http:\/\/es.wikipedia.org\/wiki\/Jard%C3%ADn_bot%C3%A1nico\" target=\"_blank\" rel=\"noopener noreferrer\">Fuente Wikipedia<\/a>.<\/p>\n<p>Yo he visto el proyecto y personalmente me ha gustado bastante, me parece un lugar tranquilo, en el que se podr\u00eda estudiar, charlar u observar las distintas plantas que habr\u00eda en \u00e9l. Me parece bastante interesante a la par que educativo el que vaya a haber un un jard\u00edn bot\u00e1nico junto al colegio.<\/p>\n<p>El dise\u00f1o de este proyecto lo ha realizado <a href=\"http:\/\/www.efacampomar.es\/\" target=\"_blank\" rel=\"noopener noreferrer\">Campomar<\/a>, con nuestra ayuda. Seg\u00fan dijeron podr\u00eda haber bancos y una fuente en el centro, unas jardineras para que podamos plantar tambi\u00e9n los alumnos,un rinc\u00f3n con varias palmeras, etc.<\/p>\n<p>Creo que ser\u00e1 muy bonito y tanto adultos como ni\u00f1os se lo pasar\u00e1n muy bien en \u00e9l.<\/p>\n<p>A mi amiga Anabel le gustar\u00eda que fuera grande y espacioso, para poder coger cada uno su libro y leer dentro del jard\u00edn bot\u00e1nico.<\/p>\n<p>Me gustar\u00eda que hubiese sitio donde poder poner las bicis. Tambi\u00e9n poner plantas de todo tipo y estar\u00eda bien cuidarlas.<\/p>\n<div id=\"attachment_142\" style=\"width: 560px\" class=\"wp-caption aligncenter\"><a href=\"http:\/\/in-formando.es\/historias-del-federico\/wp-content\/uploads\/sites\/78\/2015\/02\/presentacion-ponente.jpg\"><img fetchpriority=\"high\" decoding=\"async\" aria-describedby=\"caption-attachment-142\" class=\"size-full wp-image-142\" src=\"http:\/\/in-formando.es\/historias-del-federico\/wp-content\/uploads\/sites\/78\/2015\/02\/presentacion-ponente.jpg\" alt=\"Proyecto de Jard\u00edn Bot\u00e1nico\" width=\"550\" height=\"379\" \/><\/a><p id=\"caption-attachment-142\" class=\"wp-caption-text\">Proyecto de Jard\u00edn Bot\u00e1nico<\/p><\/div>\n<p>M\u00e1s informaci\u00f3n:<\/p>\n<ul>\n<li><a href=\"http:\/\/www.efacampomar.es\/\" target=\"_blank\" rel=\"noopener noreferrer\">Campomar<\/a>.<\/li>\n<\/ul>\n<p>&nbsp;<\/p>\n<p>&nbsp;<\/p>\n","protected":false},"excerpt":{"rendered":"<p>Los alumnos y alumnas como dise\u00f1adores y cuidadores de nuestros espacios naturales.<\/p>\n","protected":false},"author":2243,"featured_media":2976,"comment_status":"open","ping_status":"open","sticky":false,"template":"","format":"standard","meta":{"ngg_post_thumbnail":0,"footnotes":""},"categories":[1733867,217183,307528,386064],"tags":[1699195,389196,1110],"aioseo_notices":[],"_links":{"self":[{"href":"https:\/\/blogsaverroes.juntadeandalucia.es\/fglorca\/wp-json\/wp\/v2\/posts\/220"}],"collection":[{"href":"https:\/\/blogsaverroes.juntadeandalucia.es\/fglorca\/wp-json\/wp\/v2\/posts"}],"about":[{"href":"https:\/\/blogsaverroes.juntadeandalucia.es\/fglorca\/wp-json\/wp\/v2\/types\/post"}],"author":[{"embeddable":true,"href":"https:\/\/blogsaverroes.juntadeandalucia.es\/fglorca\/wp-json\/wp\/v2\/users\/2243"}],"replies":[{"embeddable":true,"href":"https:\/\/blogsaverroes.juntadeandalucia.es\/fglorca\/wp-json\/wp\/v2\/comments?post=220"}],"version-history":[{"count":2,"href":"https:\/\/blogsaverroes.juntadeandalucia.es\/fglorca\/wp-json\/wp\/v2\/posts\/220\/revisions"}],"predecessor-version":[{"id":11884,"href":"https:\/\/blogsaverroes.juntadeandalucia.es\/fglorca\/wp-json\/wp\/v2\/posts\/220\/revisions\/11884"}],"wp:featuredmedia":[{"embeddable":true,"href":"https:\/\/blogsaverroes.juntadeandalucia.es\/fglorca\/wp-json\/wp\/v2\/media\/2976"}],"wp:attachment":[{"href":"https:\/\/blogsaverroes.juntadeandalucia.es\/fglorca\/wp-json\/wp\/v2\/media?parent=220"}],"wp:term":[{"taxonomy":"category","embeddable":true,"href":"https:\/\/blogsaverroes.juntadeandalucia.es\/fglorca\/wp-json\/wp\/v2\/categories?post=220"},{"taxonomy":"post_tag","embeddable":true,"href":"https:\/\/blogsaverroes.juntadeandalucia.es\/fglorca\/wp-json\/wp\/v2\/tags?post=220"}],"curies":[{"name":"wp","href":"https:\/\/api.w.org\/{rel}","templated":true}]}}