{"id":2538,"date":"2010-06-07T19:03:58","date_gmt":"2010-06-07T18:03:58","guid":{"rendered":"http:\/\/web.fglorca.es\/?p=10"},"modified":"2010-06-07T19:03:58","modified_gmt":"2010-06-07T18:03:58","slug":"educar-para-proteger","status":"publish","type":"post","link":"https:\/\/blogsaverroes.juntadeandalucia.es\/fglorca\/2010\/06\/07\/educar-para-proteger\/","title":{"rendered":"Educar para Proteger"},"content":{"rendered":"<p><img decoding=\"async\" src=\"\/Users\/AGUSTN~1\/AppData\/Local\/Temp\/moz-screenshot.png\" border=\"0\" \/><img fetchpriority=\"high\" decoding=\"async\" src=\"http:\/\/www.kiddia.org\/guia_educar\/imagenes\/modificaciones\/nena_peque.gif\" border=\"0\" width=\"262\" height=\"195\" style=\"float: left\" \/>Hoy por la tarde, acud\u00ed junto a Antonio Manuel P\u00e9rez (representante del AMPA), a una jornada de formaci\u00f3n dentro del plan<span>: Educar para proteger:  Familia y Escuela.<\/span><\/p>\n<p><span>A la jornada han acudido representantes de Colegios, de Ampas y de Centros Guadalinfo. Las jornadas son interesantes y pretender formar a futuros formadores para desarrollar contenidos relacionados con las TIC <em>\u00ab<\/em><\/span><em>La labor de educar en las TIC es fundamental para la infancia y la  adolescencia. Sin un referente de comportamiento no sabr\u00e1n enfrentarse a  los dilemas \u00e9ticos que se les planteen. Est\u00e1 en nuestra mano evitar que  esto suceda y as\u00ed ayudarles a evitar los posibles riesgos\u00bb.<\/em><\/p>\n<p>Responden estas Jornadas a la idea que el Centro ya ten\u00eda de iniciar en colaboraci\u00f3n con el Ampa una s\u00e9rie de actividades de intercambio de experiencias y formativas para los padres y madres , y que as\u00ed\u00a0 puedan hacer frente al compromiso digital que firmaron con la entrega de los ultraport\u00e1tiles<em>.<\/em><\/p>\n<p>Os iremos informando en la web, y dada la relevancia que creemos que puede llegar a tener este proyecto, creamos una secci\u00f3n espec\u00edfica en la nueva p\u00e1gina.<\/p>\n<p style=\"text-align: center\"><a href=\"http:\/\/www.kiddia.org\/guia_educar\/index.html\" target=\"_blank\">Enlace al portel del Programa Educar para Proteger.<\/a><\/p>\n<p><em><br \/><\/em><\/p>\n","protected":false},"excerpt":{"rendered":"<p>Hoy por la tarde, acud\u00ed junto a Antonio Manuel P\u00e9rez (representante del AMPA), a una jornada de formaci\u00f3n dentro del plan: Educar para proteger: Familia y Escuela. A la jornada han acudido representantes de&#46;&#46;&#46;<\/p>\n","protected":false},"author":2224,"featured_media":0,"comment_status":"closed","ping_status":"open","sticky":false,"template":"","format":"standard","meta":{"ngg_post_thumbnail":0,"footnotes":""},"categories":[307518],"tags":[],"aioseo_notices":[],"_links":{"self":[{"href":"https:\/\/blogsaverroes.juntadeandalucia.es\/fglorca\/wp-json\/wp\/v2\/posts\/2538"}],"collection":[{"href":"https:\/\/blogsaverroes.juntadeandalucia.es\/fglorca\/wp-json\/wp\/v2\/posts"}],"about":[{"href":"https:\/\/blogsaverroes.juntadeandalucia.es\/fglorca\/wp-json\/wp\/v2\/types\/post"}],"author":[{"embeddable":true,"href":"https:\/\/blogsaverroes.juntadeandalucia.es\/fglorca\/wp-json\/wp\/v2\/users\/2224"}],"replies":[{"embeddable":true,"href":"https:\/\/blogsaverroes.juntadeandalucia.es\/fglorca\/wp-json\/wp\/v2\/comments?post=2538"}],"version-history":[{"count":0,"href":"https:\/\/blogsaverroes.juntadeandalucia.es\/fglorca\/wp-json\/wp\/v2\/posts\/2538\/revisions"}],"wp:attachment":[{"href":"https:\/\/blogsaverroes.juntadeandalucia.es\/fglorca\/wp-json\/wp\/v2\/media?parent=2538"}],"wp:term":[{"taxonomy":"category","embeddable":true,"href":"https:\/\/blogsaverroes.juntadeandalucia.es\/fglorca\/wp-json\/wp\/v2\/categories?post=2538"},{"taxonomy":"post_tag","embeddable":true,"href":"https:\/\/blogsaverroes.juntadeandalucia.es\/fglorca\/wp-json\/wp\/v2\/tags?post=2538"}],"curies":[{"name":"wp","href":"https:\/\/api.w.org\/{rel}","templated":true}]}}