{"id":2565,"date":"2014-02-20T23:00:00","date_gmt":"2014-02-20T22:00:00","guid":{"rendered":"http:\/\/web.fglorca.es\/?p=69"},"modified":"2014-02-20T23:00:00","modified_gmt":"2014-02-20T22:00:00","slug":"semana-cultural2014","status":"publish","type":"post","link":"https:\/\/blogsaverroes.juntadeandalucia.es\/fglorca\/2014\/02\/20\/semana-cultural2014\/","title":{"rendered":"Semana Cultural 2014"},"content":{"rendered":"<p><span style=\"line-height: 1.3em\"><img fetchpriority=\"high\" decoding=\"async\" style=\"margin: 10px;border: 0px;float: left\" alt=\"\" src=\"http:\/\/sciunt.files.wordpress.com\/2009\/11\/j_c_spahnifiestadetrovoenelcollao1.jpg\" width=\"250\" height=\"250\" border=\"0\" \/><\/span><\/p>\n<p>&nbsp;<\/p>\n<p>&nbsp;<\/p>\n<p><span style=\"line-height: 1.3em\">Comienza la Semana Cultural de este a\u00f1o.<\/span><\/p>\n<p><span style=\"line-height: 1.3em\">Abuelo:<em> \u00abCu\u00e9ntame cosas de V\u00edcar\u00bb<\/em><\/span><\/p>\n<p><span style=\"line-height: 1.3em\">Desde <\/span><a style=\"line-height: 1.3em\" href=\"http:\/\/flic.kr\/s\/aHsjTb4g3J\" target=\"_blank\">aqu\u00ed<\/a><span style=\"line-height: 1.3em\"> podr\u00e1s ver im\u00e1genes interesantes.<\/span><\/p>\n","protected":false},"excerpt":{"rendered":"<p>&nbsp; &nbsp; Comienza la Semana Cultural de este a\u00f1o. Abuelo: \u00abCu\u00e9ntame cosas de V\u00edcar\u00bb Desde aqu\u00ed podr\u00e1s ver im\u00e1genes interesantes.<\/p>\n","protected":false},"author":2224,"featured_media":0,"comment_status":"closed","ping_status":"open","sticky":false,"template":"","format":"aside","meta":{"ngg_post_thumbnail":0,"footnotes":""},"categories":[521],"tags":[],"aioseo_notices":[],"_links":{"self":[{"href":"https:\/\/blogsaverroes.juntadeandalucia.es\/fglorca\/wp-json\/wp\/v2\/posts\/2565"}],"collection":[{"href":"https:\/\/blogsaverroes.juntadeandalucia.es\/fglorca\/wp-json\/wp\/v2\/posts"}],"about":[{"href":"https:\/\/blogsaverroes.juntadeandalucia.es\/fglorca\/wp-json\/wp\/v2\/types\/post"}],"author":[{"embeddable":true,"href":"https:\/\/blogsaverroes.juntadeandalucia.es\/fglorca\/wp-json\/wp\/v2\/users\/2224"}],"replies":[{"embeddable":true,"href":"https:\/\/blogsaverroes.juntadeandalucia.es\/fglorca\/wp-json\/wp\/v2\/comments?post=2565"}],"version-history":[{"count":0,"href":"https:\/\/blogsaverroes.juntadeandalucia.es\/fglorca\/wp-json\/wp\/v2\/posts\/2565\/revisions"}],"wp:attachment":[{"href":"https:\/\/blogsaverroes.juntadeandalucia.es\/fglorca\/wp-json\/wp\/v2\/media?parent=2565"}],"wp:term":[{"taxonomy":"category","embeddable":true,"href":"https:\/\/blogsaverroes.juntadeandalucia.es\/fglorca\/wp-json\/wp\/v2\/categories?post=2565"},{"taxonomy":"post_tag","embeddable":true,"href":"https:\/\/blogsaverroes.juntadeandalucia.es\/fglorca\/wp-json\/wp\/v2\/tags?post=2565"}],"curies":[{"name":"wp","href":"https:\/\/api.w.org\/{rel}","templated":true}]}}