{"id":2581,"date":"2015-02-06T09:00:44","date_gmt":"2015-02-06T08:00:44","guid":{"rendered":"http:\/\/in-formando.es\/historias-del-federico\/?p=133"},"modified":"2015-02-06T09:00:44","modified_gmt":"2015-02-06T08:00:44","slug":"biblioteca-del-cole","status":"publish","type":"post","link":"https:\/\/blogsaverroes.juntadeandalucia.es\/fglorca\/2015\/02\/06\/biblioteca-del-cole\/","title":{"rendered":"Biblioteca del cole"},"content":{"rendered":"<p><a href=\"http:\/\/in-formando.es\/historias-del-federico\/wp-content\/uploads\/sites\/78\/2015\/02\/bibliotecafrente.jpeg\"><img decoding=\"async\" class=\"alignleft  wp-image-174\" src=\"http:\/\/in-formando.es\/historias-del-federico\/wp-content\/uploads\/sites\/78\/2015\/02\/bibliotecafrente-300x166.jpeg\" alt=\"bibliotecafrente\" width=\"264\" height=\"146\" \/><\/a><\/p>\n<p>&nbsp;<\/p>\n<p>&nbsp;<\/p>\n<p>La biblioteca del colegio ha permanecido cerrada para los alumnos durante el primer trimestre del curso debido a que ha sido reformada.<\/p>\n<p>&nbsp;<\/p>\n<p>&nbsp;<\/p>\n<p><!--more--><\/p>\n<div id=\"attachment_176\" style=\"width: 192px\" class=\"wp-caption alignright\"><a href=\"http:\/\/in-formando.es\/historias-del-federico\/wp-content\/uploads\/sites\/78\/2015\/02\/puertainteriorbiblio.jpeg\"><img fetchpriority=\"high\" decoding=\"async\" aria-describedby=\"caption-attachment-176\" class=\"wp-image-176 size-medium\" src=\"http:\/\/in-formando.es\/historias-del-federico\/wp-content\/uploads\/sites\/78\/2015\/02\/puertainteriorbiblio-182x300.jpeg\" alt=\"Puerta\" width=\"182\" height=\"300\" \/><\/a><p id=\"caption-attachment-176\" class=\"wp-caption-text\">Puerta<\/p><\/div>\n<p>&nbsp;<\/p>\n<p>&nbsp;<\/p>\n<p>Se ha pintado, decorado y reorganizado totalmente. En estas tareas han colaborado muy activamente algunas madres del colegio a las que estamos plenamente agradecidas.<\/p>\n<p>&nbsp;<\/p>\n<p>Se est\u00e1 preparando un peque\u00f1o v\u00eddeo con la nueva imagen que presenta y con la representaci\u00f3n de algunas actividades que all\u00ed realizamos. En este segundo trimestre ya est\u00e1 totalmente disponible para los alumnos y alumnas para que vayan de manera individual o colectiva a hacer sus peticiones de pr\u00e9stamo y devoluci\u00f3n de ejemplares.<\/p>\n<p>Esta tarea se realizar\u00e1 en el horario el que se encuentra la coordinadora de la misma ya que los maestros que est\u00e1n en el equipo de biblioteca no disponen de ninguna hora para realizar estas funciones. Cualquier maestro que quiera visitarla con o sin sus alumnos fuera del horario en el que se encuentra To\u00f1i puede hacerlo siempre que se ponga de acuerdo con ella.<\/p>\n<p>&nbsp;<\/p>\n\n","protected":false},"excerpt":{"rendered":"<p>&nbsp; &nbsp; La biblioteca del colegio ha permanecido cerrada para los alumnos durante el primer trimestre del curso debido a que ha sido reformada. &nbsp; &nbsp;<\/p>\n","protected":false},"author":2243,"featured_media":172,"comment_status":"open","ping_status":"open","sticky":false,"template":"","format":"standard","meta":{"ngg_post_thumbnail":0,"footnotes":""},"categories":[345316],"tags":[389202,11496],"aioseo_notices":[],"_links":{"self":[{"href":"https:\/\/blogsaverroes.juntadeandalucia.es\/fglorca\/wp-json\/wp\/v2\/posts\/2581"}],"collection":[{"href":"https:\/\/blogsaverroes.juntadeandalucia.es\/fglorca\/wp-json\/wp\/v2\/posts"}],"about":[{"href":"https:\/\/blogsaverroes.juntadeandalucia.es\/fglorca\/wp-json\/wp\/v2\/types\/post"}],"author":[{"embeddable":true,"href":"https:\/\/blogsaverroes.juntadeandalucia.es\/fglorca\/wp-json\/wp\/v2\/users\/2243"}],"replies":[{"embeddable":true,"href":"https:\/\/blogsaverroes.juntadeandalucia.es\/fglorca\/wp-json\/wp\/v2\/comments?post=2581"}],"version-history":[{"count":0,"href":"https:\/\/blogsaverroes.juntadeandalucia.es\/fglorca\/wp-json\/wp\/v2\/posts\/2581\/revisions"}],"wp:featuredmedia":[{"embeddable":true,"href":"https:\/\/blogsaverroes.juntadeandalucia.es\/fglorca\/wp-json\/wp\/v2\/posts\/172"}],"wp:attachment":[{"href":"https:\/\/blogsaverroes.juntadeandalucia.es\/fglorca\/wp-json\/wp\/v2\/media?parent=2581"}],"wp:term":[{"taxonomy":"category","embeddable":true,"href":"https:\/\/blogsaverroes.juntadeandalucia.es\/fglorca\/wp-json\/wp\/v2\/categories?post=2581"},{"taxonomy":"post_tag","embeddable":true,"href":"https:\/\/blogsaverroes.juntadeandalucia.es\/fglorca\/wp-json\/wp\/v2\/tags?post=2581"}],"curies":[{"name":"wp","href":"https:\/\/api.w.org\/{rel}","templated":true}]}}