{"id":2584,"date":"2015-02-05T14:24:41","date_gmt":"2015-02-05T13:24:41","guid":{"rendered":"http:\/\/in-formando.es\/historias-del-federico\/?p=156"},"modified":"2015-02-05T14:24:41","modified_gmt":"2015-02-05T13:24:41","slug":"llega-la-fruta","status":"publish","type":"post","link":"https:\/\/blogsaverroes.juntadeandalucia.es\/fglorca\/2015\/02\/05\/llega-la-fruta\/","title":{"rendered":"\u00a1Llega la fruta!"},"content":{"rendered":"<div id=\"attachment_94\" style=\"width: 274px\" class=\"wp-caption alignleft\"><a href=\"http:\/\/in-formando.es\/historias-del-federico\/wp-content\/uploads\/sites\/78\/2015\/01\/imagen-detalle-Plan-consumo-fruta-y-verdura-en-las-escuelas_tcm5-42422.jpg\"><img fetchpriority=\"high\" decoding=\"async\" aria-describedby=\"caption-attachment-94\" class=\"wp-image-94 size-full\" src=\"http:\/\/in-formando.es\/historias-del-federico\/wp-content\/uploads\/sites\/78\/2015\/01\/imagen-detalle-Plan-consumo-fruta-y-verdura-en-las-escuelas_tcm5-42422.jpg\" alt=\"imagen detalle Plan consumo fruta y verdura en las escuelas_tcm5-42422\" width=\"264\" height=\"255\" \/><\/a><p id=\"caption-attachment-94\" class=\"wp-caption-text\">Pla de Consumo de Frutas<\/p><\/div>\n<p>Seguimos con el Plan de Consumo de Fruta en las Escuelas inform\u00e1ndoles de los d\u00edas y las frutas que se repartir\u00e1n seg\u00fan la entrega.<\/p>\n<p><strong>1\u00aa Entrega:<\/strong><\/p>\n<ul>\n<li>D\u00eda 16 de febrero: Macedonia (manzana+pera) IV Gama.<\/li>\n<li>D\u00eda 17 de febrero: Zumo de naranja.<\/li>\n<li>D\u00eda 18 de febrero: Mandarina ecol\u00f3gica (piezas).<\/li>\n<\/ul>\n<p><!--more--><\/p>\n<p><strong>2\u00aa Entrega:<\/strong><\/p>\n<ul>\n<li>D\u00eda 16 de marzo: Naranja ecol\u00f3gica IV Gama.<\/li>\n<li>D\u00eda 17 de marzo: Fresa IV Gama.<\/li>\n<li>D\u00eda 18 de marzo: Manzana roja (piezas).<\/li>\n<\/ul>\n<p><strong>3\u00aa Entrega:<\/strong><\/p>\n<ul>\n<li>D\u00eda 20 de abril: Mel\u00f3n IV Gama o gazpacho ecol\u00f3gico.<\/li>\n<li>D\u00eda 21 de abril: Tomate cherry.<\/li>\n<li>D\u00eda 22 de abril: Pera (pieza).<\/li>\n<\/ul>\n<p><strong>4\u00aa Entrega:<\/strong><\/p>\n<ul>\n<li>D\u00eda 18 de mayo: Sand\u00eda IV Gama.<\/li>\n<li>D\u00eda 19 de mayo:\u00a0Mel\u00f3n IV Gama o gazpacho ecol\u00f3gico.<\/li>\n<li>D\u00edoa 20 de mayo: Manzana amarilla (pieza).<\/li>\n<\/ul>\n<p>&nbsp;<\/p>\n<p><img decoding=\"async\" id=\"__wp-temp-img-id\" class=\" alignleft\" src=\"http:\/\/i59.tinypic.com\/2q156hl.jpg\" alt=\"\" width=\"198\" height=\"196\" \/><\/p>\n<p>&nbsp;<\/p>\n<p>&nbsp;<\/p>\n<p>Recuerden: Tomar 5 raciones entre frutas y verduras frescas al d\u00eda es fundamental para tener una alimentaci\u00f3n equilibrada y mantenerse sano.<\/p>\n<p>&nbsp;<\/p>\n<p>&nbsp;<\/p>\n<p>Aqu\u00ed les dejamos \u00a1La Canci\u00f3n de la Fruta!<\/p>\n<p><strong>Canci\u00f3n de la Fruta<\/strong><\/p>\n<p><strong>\u00a0<\/strong>Si piensas un momento en esto que te cuento<\/p>\n<p>y recuerdas eso de que somos lo que comemos,<\/p>\n<p>no te ser\u00e1 dif\u00edcil recordar<\/p>\n<p>lo que para ti es bueno y te va a encantar.<\/p>\n<p>Pura frescura, dulce y madura<\/p>\n<p>la fruta nunca ser\u00e1 una comida basura.<\/p>\n<p>E \u2010 Cuida tu cuerpo, cuida tu mente<\/p>\n<p>ponte bien fuerte.<\/p>\n<p>La naranja protege<\/p>\n<p>y el pl\u00e1tano fuerza te da,<\/p>\n<p>el mel\u00f3n te trae pasi\u00f3n<\/p>\n<p>y la sand\u00eda alegra un mont\u00f3n.<\/p>\n<p>Por dentro y por fuera<\/p>\n<p>te sana a ti la pera.<\/p>\n<p>\u00a1La fruta te da energ\u00eda!<\/p>\n<p>Cada color es un sabor para todos los gustos.<\/p>\n<p>La fruta es de lo mejor para los cinco sentidos.<\/p>\n<p>Enero, mayo, y en noviembre tambi\u00e9n,<\/p>\n<p>en todas las estaciones la puedes comer.<\/p>\n<p>Come fruta y comparte con los dem\u00e1s.<\/p>\n<p>A la escuela y a la calle te la puedes llevar.<\/p>\n<p>E \u2013 Cuida tu cuerpo, cuida tu mente<\/p>\n<p>ponte bien fuerte.<\/p>\n<p>Elegir esta en tu mano, coge lo sano.<\/p>\n<p>La naranja protege<\/p>\n<p>el pl\u00e1tano fuerza te da,<\/p>\n<p>el mel\u00f3n te trae pasi\u00f3n<\/p>\n<p>y la sand\u00eda alegra un mont\u00f3n.<\/p>\n<p>Por dentro y por fuera<\/p>\n<p>te sana a ti la pera.<\/p>\n<p>\u00a1La fruta te da energ\u00eda!<\/p>\n<p>( BIS )<\/p>\n<p style=\"text-align: center\">\u00a0<a href=\"http:\/\/www.juntadeandalucia.es\/educacion\/webportal\/descargas\/vida-saludable\/audios\/cancion_de_la_fruta.mp3\">Enlace a canci\u00f3n<\/a><\/p>\n<p>&nbsp;<\/p>\n","protected":false},"excerpt":{"rendered":"<p>Seguimos con el Plan de Consumo de Fruta en las Escuelas inform\u00e1ndoles de los d\u00edas y las frutas que se repartir\u00e1n seg\u00fan la entrega. 1\u00aa Entrega: D\u00eda 16 de febrero: Macedonia (manzana+pera) IV Gama.&#46;&#46;&#46;<\/p>\n","protected":false},"author":2243,"featured_media":94,"comment_status":"open","ping_status":"open","sticky":false,"template":"","format":"standard","meta":{"ngg_post_thumbnail":0,"footnotes":""},"categories":[32],"tags":[389209,22102],"aioseo_notices":[],"_links":{"self":[{"href":"https:\/\/blogsaverroes.juntadeandalucia.es\/fglorca\/wp-json\/wp\/v2\/posts\/2584"}],"collection":[{"href":"https:\/\/blogsaverroes.juntadeandalucia.es\/fglorca\/wp-json\/wp\/v2\/posts"}],"about":[{"href":"https:\/\/blogsaverroes.juntadeandalucia.es\/fglorca\/wp-json\/wp\/v2\/types\/post"}],"author":[{"embeddable":true,"href":"https:\/\/blogsaverroes.juntadeandalucia.es\/fglorca\/wp-json\/wp\/v2\/users\/2243"}],"replies":[{"embeddable":true,"href":"https:\/\/blogsaverroes.juntadeandalucia.es\/fglorca\/wp-json\/wp\/v2\/comments?post=2584"}],"version-history":[{"count":0,"href":"https:\/\/blogsaverroes.juntadeandalucia.es\/fglorca\/wp-json\/wp\/v2\/posts\/2584\/revisions"}],"wp:featuredmedia":[{"embeddable":true,"href":"https:\/\/blogsaverroes.juntadeandalucia.es\/fglorca\/wp-json\/wp\/v2\/posts\/94"}],"wp:attachment":[{"href":"https:\/\/blogsaverroes.juntadeandalucia.es\/fglorca\/wp-json\/wp\/v2\/media?parent=2584"}],"wp:term":[{"taxonomy":"category","embeddable":true,"href":"https:\/\/blogsaverroes.juntadeandalucia.es\/fglorca\/wp-json\/wp\/v2\/categories?post=2584"},{"taxonomy":"post_tag","embeddable":true,"href":"https:\/\/blogsaverroes.juntadeandalucia.es\/fglorca\/wp-json\/wp\/v2\/tags?post=2584"}],"curies":[{"name":"wp","href":"https:\/\/api.w.org\/{rel}","templated":true}]}}