{"id":2587,"date":"2015-02-18T12:33:24","date_gmt":"2015-02-18T11:33:24","guid":{"rendered":"http:\/\/in-formando.es\/historias-del-federico\/?p=227"},"modified":"2018-11-06T19:07:30","modified_gmt":"2018-11-06T19:07:30","slug":"dia-del-amor","status":"publish","type":"post","link":"https:\/\/blogsaverroes.juntadeandalucia.es\/fglorca\/2015\/02\/18\/dia-del-amor\/","title":{"rendered":"D\u00eda del amor"},"content":{"rendered":"<p>El 14 de febrero, celebramos el D\u00eda de San Valent\u00edn en nuestro colegio, donde hemos hecho una serie de actividades:<\/p>\n<p>1\u00ba. Se repartieron los claveles rojos. Los ni\u00f1os y ni\u00f1as de 1\u00ba y 2\u00ba de ESO han estado reparti\u00e9ndolos, dando piruletas y dibujando corazones en las caras de los alumnos\/as.<\/p>\n<div id=\"attachment_359\" style=\"width: 810px\" class=\"wp-caption aligncenter\"><a href=\"http:\/\/in-formando.es\/historias-del-federico\/wp-content\/uploads\/sites\/78\/2015\/02\/sanvalentin2.jpg\"><img fetchpriority=\"high\" decoding=\"async\" aria-describedby=\"caption-attachment-359\" class=\"size-full wp-image-359\" src=\"http:\/\/in-formando.es\/historias-del-federico\/wp-content\/uploads\/sites\/78\/2015\/02\/sanvalentin2.jpg\" alt=\"Con todo el cari\u00f1o\" width=\"800\" height=\"532\"><\/a><p id=\"caption-attachment-359\" class=\"wp-caption-text\">Con todo el cari\u00f1o<\/p><\/div>\n<p>2\u00ba. Los ni\u00f1os\/as que han repartido los claveles se han vestido de payasos, \u00e1ngeles&#8230;<\/p>\n<p><a href=\"http:\/\/in-formando.es\/historias-del-federico\/wp-content\/uploads\/sites\/78\/2015\/02\/sanvalentin6.jpg\"><img decoding=\"async\" class=\"aligncenter size-full wp-image-362\" src=\"http:\/\/in-formando.es\/historias-del-federico\/wp-content\/uploads\/sites\/78\/2015\/02\/sanvalentin6.jpg\" alt=\"sanvalentin6\" width=\"800\" height=\"532\"><\/a><\/p>\n<p>3\u00ba. Hemos decorado el colegio con globos en forma de coraz\u00f3n.<\/p>\n<div id=\"attachment_361\" style=\"width: 810px\" class=\"wp-caption aligncenter\"><a href=\"http:\/\/in-formando.es\/historias-del-federico\/wp-content\/uploads\/sites\/78\/2015\/02\/sanvalentin31.jpg\"><img decoding=\"async\" aria-describedby=\"caption-attachment-361\" class=\"size-full wp-image-361\" src=\"http:\/\/in-formando.es\/historias-del-federico\/wp-content\/uploads\/sites\/78\/2015\/02\/sanvalentin31.jpg\" alt=\"Decoraci\u00f3n de San Valent\u00edn\" width=\"800\" height=\"532\"><\/a><p id=\"caption-attachment-361\" class=\"wp-caption-text\">Decoraci\u00f3n de San Valent\u00edn<\/p><\/div>\n\n\t\t<style>\n\t\t\t#gallery-1 {\n\t\t\t\tmargin: auto;\n\t\t\t}\n\t\t\t#gallery-1 .gallery-item {\n\t\t\t\tfloat: left;\n\t\t\t\tmargin-top: 10px;\n\t\t\t\ttext-align: center;\n\t\t\t\twidth: 33%;\n\t\t\t}\n\t\t\t#gallery-1 img {\n\t\t\t\tborder: 2px solid #cfcfcf;\n\t\t\t}\n\t\t\t#gallery-1 .gallery-caption {\n\t\t\t\tmargin-left: 0;\n\t\t\t}\n\t\t\t\/* see gallery_shortcode() in wp-includes\/media.php *\/\n\t\t<\/style>\n\t\t<div id='gallery-1' class='gallery galleryid-2587 gallery-columns-3 gallery-size-thumbnail'><dl class='gallery-item'>\n\t\t\t<dt class='gallery-icon portrait'>\n\t\t\t\t<a href='https:\/\/blogsaverroes.juntadeandalucia.es\/fglorca\/captura-de-pantalla-2014-03-17-a-las-22-47-03\/'><img loading=\"lazy\" decoding=\"async\" width=\"150\" height=\"150\" src=\"https:\/\/blogsaverroes.juntadeandalucia.es\/fglorca\/files\/2012\/10\/Captura-de-pantalla-2014-03-17-a-las-22.47.03-150x150.png\" class=\"attachment-thumbnail size-thumbnail\" alt=\"\" srcset=\"https:\/\/blogsaverroes.juntadeandalucia.es\/fglorca\/files\/2012\/10\/Captura-de-pantalla-2014-03-17-a-las-22.47.03-150x150.png 150w, https:\/\/blogsaverroes.juntadeandalucia.es\/fglorca\/files\/2012\/10\/Captura-de-pantalla-2014-03-17-a-las-22.47.03-100x100.png 100w, https:\/\/blogsaverroes.juntadeandalucia.es\/fglorca\/files\/2012\/10\/Captura-de-pantalla-2014-03-17-a-las-22.47.03-160x160.png 160w\" sizes=\"(max-width: 150px) 100vw, 150px\" \/><\/a>\n\t\t\t<\/dt><\/dl>\n\t\t\t<br style='clear: both' \/>\n\t\t<\/div>\n\n<p>&nbsp;<\/p>\n","protected":false},"excerpt":{"rendered":"<p>El Federico es un \u00abamor\u00bb de colegio.<\/p>\n","protected":false},"author":2243,"featured_media":3255,"comment_status":"open","ping_status":"open","sticky":false,"template":"","format":"standard","meta":{"ngg_post_thumbnail":0,"footnotes":""},"categories":[389296,386064,388285,32062],"tags":[3981,538],"aioseo_notices":[],"_links":{"self":[{"href":"https:\/\/blogsaverroes.juntadeandalucia.es\/fglorca\/wp-json\/wp\/v2\/posts\/2587"}],"collection":[{"href":"https:\/\/blogsaverroes.juntadeandalucia.es\/fglorca\/wp-json\/wp\/v2\/posts"}],"about":[{"href":"https:\/\/blogsaverroes.juntadeandalucia.es\/fglorca\/wp-json\/wp\/v2\/types\/post"}],"author":[{"embeddable":true,"href":"https:\/\/blogsaverroes.juntadeandalucia.es\/fglorca\/wp-json\/wp\/v2\/users\/2243"}],"replies":[{"embeddable":true,"href":"https:\/\/blogsaverroes.juntadeandalucia.es\/fglorca\/wp-json\/wp\/v2\/comments?post=2587"}],"version-history":[{"count":1,"href":"https:\/\/blogsaverroes.juntadeandalucia.es\/fglorca\/wp-json\/wp\/v2\/posts\/2587\/revisions"}],"predecessor-version":[{"id":3931,"href":"https:\/\/blogsaverroes.juntadeandalucia.es\/fglorca\/wp-json\/wp\/v2\/posts\/2587\/revisions\/3931"}],"wp:featuredmedia":[{"embeddable":true,"href":"https:\/\/blogsaverroes.juntadeandalucia.es\/fglorca\/wp-json\/wp\/v2\/media\/3255"}],"wp:attachment":[{"href":"https:\/\/blogsaverroes.juntadeandalucia.es\/fglorca\/wp-json\/wp\/v2\/media?parent=2587"}],"wp:term":[{"taxonomy":"category","embeddable":true,"href":"https:\/\/blogsaverroes.juntadeandalucia.es\/fglorca\/wp-json\/wp\/v2\/categories?post=2587"},{"taxonomy":"post_tag","embeddable":true,"href":"https:\/\/blogsaverroes.juntadeandalucia.es\/fglorca\/wp-json\/wp\/v2\/tags?post=2587"}],"curies":[{"name":"wp","href":"https:\/\/api.w.org\/{rel}","templated":true}]}}