{"id":2687,"date":"2016-02-24T22:07:02","date_gmt":"2016-02-24T22:07:02","guid":{"rendered":"http:\/\/blogsaverroes.juntadeandalucia.es\/fglorca\/?p=2687"},"modified":"2016-02-24T22:14:13","modified_gmt":"2016-02-24T22:14:13","slug":"estamos-actualizando-la-web","status":"publish","type":"post","link":"https:\/\/blogsaverroes.juntadeandalucia.es\/fglorca\/2016\/02\/24\/estamos-actualizando-la-web\/","title":{"rendered":"Estamos actualizando las webs del Colegio."},"content":{"rendered":"<p><a href=\"http:\/\/blogsaverroes.juntadeandalucia.es\/fglorca\/files\/2016\/02\/actualizando-la-web.jpg\"><img fetchpriority=\"high\" decoding=\"async\" class=\"  wp-image-2688 alignleft\" src=\"http:\/\/blogsaverroes.juntadeandalucia.es\/fglorca\/files\/2016\/02\/actualizando-la-web.jpg\" alt=\"actualizando la web\" width=\"257\" height=\"222\" srcset=\"https:\/\/blogsaverroes.juntadeandalucia.es\/fglorca\/files\/2016\/02\/actualizando-la-web.jpg 400w, https:\/\/blogsaverroes.juntadeandalucia.es\/fglorca\/files\/2016\/02\/actualizando-la-web-300x259.jpg 300w\" sizes=\"(max-width: 257px) 100vw, 257px\" \/><\/a>Estamos modificando nuestra p\u00e1gina web, por lo que durante algunos d\u00edas, puede que alg\u00fan contenido no est\u00e9 disponible. Si observas fallos o crees que debemos incorporar alg\u00fan contenido o funcionalidad, no dudes en ponerte en contacto con nosotros.<\/p>\n<p>La nueva web del Cole, unificar\u00e1 la anterior p\u00e1gina, con nuestra Revista Digital Historias del Federico.<\/p>\n<p>Puedes ver las anteriores p\u00e1ginas\u00a0 desde los siguientes enlaces.<\/p>\n<p><a href=\"http:\/\/anterior.fglorca.es\/\" target=\"_blank\">Historias del Federico. Ir\u00a0\u00a0 Anterior web del Centro. Ir<\/a><\/p>\n","protected":false},"excerpt":{"rendered":"<p>Estamos modificando nuestra p\u00e1gina web, por lo que durante algunos d\u00edas, puede que alg\u00fan contenido no est\u00e9 disponible. Si observas fallos o crees que debemos incorporar alg\u00fan contenido o funcionalidad, no dudes en ponerte&#46;&#46;&#46;<\/p>\n","protected":false},"author":2224,"featured_media":2688,"comment_status":"open","ping_status":"open","sticky":false,"template":"","format":"standard","meta":{"ngg_post_thumbnail":0,"footnotes":""},"categories":[19],"tags":[611324,6019],"aioseo_notices":[],"_links":{"self":[{"href":"https:\/\/blogsaverroes.juntadeandalucia.es\/fglorca\/wp-json\/wp\/v2\/posts\/2687"}],"collection":[{"href":"https:\/\/blogsaverroes.juntadeandalucia.es\/fglorca\/wp-json\/wp\/v2\/posts"}],"about":[{"href":"https:\/\/blogsaverroes.juntadeandalucia.es\/fglorca\/wp-json\/wp\/v2\/types\/post"}],"author":[{"embeddable":true,"href":"https:\/\/blogsaverroes.juntadeandalucia.es\/fglorca\/wp-json\/wp\/v2\/users\/2224"}],"replies":[{"embeddable":true,"href":"https:\/\/blogsaverroes.juntadeandalucia.es\/fglorca\/wp-json\/wp\/v2\/comments?post=2687"}],"version-history":[{"count":4,"href":"https:\/\/blogsaverroes.juntadeandalucia.es\/fglorca\/wp-json\/wp\/v2\/posts\/2687\/revisions"}],"predecessor-version":[{"id":2692,"href":"https:\/\/blogsaverroes.juntadeandalucia.es\/fglorca\/wp-json\/wp\/v2\/posts\/2687\/revisions\/2692"}],"wp:featuredmedia":[{"embeddable":true,"href":"https:\/\/blogsaverroes.juntadeandalucia.es\/fglorca\/wp-json\/wp\/v2\/media\/2688"}],"wp:attachment":[{"href":"https:\/\/blogsaverroes.juntadeandalucia.es\/fglorca\/wp-json\/wp\/v2\/media?parent=2687"}],"wp:term":[{"taxonomy":"category","embeddable":true,"href":"https:\/\/blogsaverroes.juntadeandalucia.es\/fglorca\/wp-json\/wp\/v2\/categories?post=2687"},{"taxonomy":"post_tag","embeddable":true,"href":"https:\/\/blogsaverroes.juntadeandalucia.es\/fglorca\/wp-json\/wp\/v2\/tags?post=2687"}],"curies":[{"name":"wp","href":"https:\/\/api.w.org\/{rel}","templated":true}]}}