{"id":3518,"date":"2016-09-27T09:00:45","date_gmt":"2016-09-27T08:00:45","guid":{"rendered":"http:\/\/blogsaverroes.juntadeandalucia.es\/fglorca\/?p=3518"},"modified":"2023-05-14T11:47:14","modified_gmt":"2023-05-14T10:47:14","slug":"salida-en-bici","status":"publish","type":"post","link":"https:\/\/blogsaverroes.juntadeandalucia.es\/fglorca\/2016\/09\/27\/salida-en-bici\/","title":{"rendered":"\u00abSalida en Bici\u00bb"},"content":{"rendered":"<div id=\"attachment_3514\" style=\"width: 310px\" class=\"wp-caption aligncenter\"><a href=\"http:\/\/blogsaverroes.juntadeandalucia.es\/fglorca\/files\/2016\/09\/semanaeuropeadelamovilidad2016.jpg\"><img fetchpriority=\"high\" decoding=\"async\" aria-describedby=\"caption-attachment-3514\" class=\"wp-image-3514 size-medium\" src=\"http:\/\/blogsaverroes.juntadeandalucia.es\/fglorca\/files\/2016\/09\/semanaeuropeadelamovilidad2016-300x169.jpg\" alt=\"semanaeuropeadelamovilidad2016\" width=\"300\" height=\"169\" srcset=\"https:\/\/blogsaverroes.juntadeandalucia.es\/fglorca\/files\/2016\/09\/semanaeuropeadelamovilidad2016-300x169.jpg 300w, https:\/\/blogsaverroes.juntadeandalucia.es\/fglorca\/files\/2016\/09\/semanaeuropeadelamovilidad2016.jpg 768w\" sizes=\"(max-width: 300px) 100vw, 300px\" \/><\/a><p id=\"caption-attachment-3514\" class=\"wp-caption-text\">Semana Europea de la Movilidad 2016<\/p><\/div>\n<p>El jueves d\u00eda 22 de septiembre, se celebr\u00f3 la Semana Europea de la Movilidad. Los alumnos y alumnas de sexto del Federico Garc\u00eda Lorca participamos en esta actividad tan divertida y lo pasamos genial.<\/p>\n<p>&nbsp;<\/p>\n<p>Nos gustar\u00eda agradecerle a nuestro gran maestro \u00abAntonio el polic\u00eda\u00bb, que lleva con nosotros desde infantil, la labor realizada a lo largo de todos estos a\u00f1os.<\/p>\n<p><a href=\"http:\/\/blogsaverroes.juntadeandalucia.es\/fglorca\/files\/2016\/09\/bicis.jpg\"><img decoding=\"async\" class=\"aligncenter size-full wp-image-3525\" src=\"http:\/\/blogsaverroes.juntadeandalucia.es\/fglorca\/files\/2016\/09\/bicis.jpg\" alt=\"bicis\" width=\"640\" height=\"360\" srcset=\"https:\/\/blogsaverroes.juntadeandalucia.es\/fglorca\/files\/2016\/09\/bicis.jpg 640w, https:\/\/blogsaverroes.juntadeandalucia.es\/fglorca\/files\/2016\/09\/bicis-300x169.jpg 300w\" sizes=\"(max-width: 640px) 100vw, 640px\" \/><\/a><\/p>\n<div id=\"attachment_3524\" style=\"width: 211px\" class=\"wp-caption alignleft\"><a href=\"http:\/\/blogsaverroes.juntadeandalucia.es\/fglorca\/files\/2016\/09\/Antono-Beltran.jpg\"><img decoding=\"async\" aria-describedby=\"caption-attachment-3524\" class=\"wp-image-3524 size-medium\" src=\"http:\/\/blogsaverroes.juntadeandalucia.es\/fglorca\/files\/2016\/09\/Antono-Beltran-201x300.jpg\" alt=\"Antono Beltran\" width=\"201\" height=\"300\" srcset=\"https:\/\/blogsaverroes.juntadeandalucia.es\/fglorca\/files\/2016\/09\/Antono-Beltran-201x300.jpg 201w, https:\/\/blogsaverroes.juntadeandalucia.es\/fglorca\/files\/2016\/09\/Antono-Beltran.jpg 668w\" sizes=\"(max-width: 201px) 100vw, 201px\" \/><\/a><p id=\"caption-attachment-3524\" class=\"wp-caption-text\">Antono Beltr\u00e1n<\/p><\/div>\n<p>Pero en esta experiencia hay algo m\u00e1s que educaci\u00f3n vial, porque nuestro polic\u00eda tambi\u00e9n nos ha ayudado, y quiz\u00e1s sin saberlo, a interiorizar\u00a0 otros valores no menos importantes\u00a0 para el buen funcionamiento de nuestra sociedad,\u00a0 como el compa\u00f1erismo, el trabajo en equipo, la solidaridad,&#8230;&#8230;.. Es por ello que queremos agradecerte desde lo m\u00e1s profundo de nuestro coraz\u00f3n\u00a0 tu inestimable labor a lo largo de estos a\u00f1os que por otra parte esperamos que sean muchos m\u00e1s.<\/p>\n","protected":false},"excerpt":{"rendered":"<p>El jueves d\u00eda 22 de septiembre, se celebr\u00f3 la Semana Europea de la Movilidad. Los alumnos y alumnas de sexto del Federico Garc\u00eda Lorca participamos en esta actividad tan divertida y lo pasamos genial.&#46;&#46;&#46;<\/p>\n","protected":false},"author":2963,"featured_media":3527,"comment_status":"open","ping_status":"open","sticky":false,"template":"","format":"standard","meta":{"ngg_post_thumbnail":0,"footnotes":""},"categories":[1733879,389296,307533],"tags":[611296,11260,1699192],"aioseo_notices":[],"_links":{"self":[{"href":"https:\/\/blogsaverroes.juntadeandalucia.es\/fglorca\/wp-json\/wp\/v2\/posts\/3518"}],"collection":[{"href":"https:\/\/blogsaverroes.juntadeandalucia.es\/fglorca\/wp-json\/wp\/v2\/posts"}],"about":[{"href":"https:\/\/blogsaverroes.juntadeandalucia.es\/fglorca\/wp-json\/wp\/v2\/types\/post"}],"author":[{"embeddable":true,"href":"https:\/\/blogsaverroes.juntadeandalucia.es\/fglorca\/wp-json\/wp\/v2\/users\/2963"}],"replies":[{"embeddable":true,"href":"https:\/\/blogsaverroes.juntadeandalucia.es\/fglorca\/wp-json\/wp\/v2\/comments?post=3518"}],"version-history":[{"count":3,"href":"https:\/\/blogsaverroes.juntadeandalucia.es\/fglorca\/wp-json\/wp\/v2\/posts\/3518\/revisions"}],"predecessor-version":[{"id":3526,"href":"https:\/\/blogsaverroes.juntadeandalucia.es\/fglorca\/wp-json\/wp\/v2\/posts\/3518\/revisions\/3526"}],"wp:featuredmedia":[{"embeddable":true,"href":"https:\/\/blogsaverroes.juntadeandalucia.es\/fglorca\/wp-json\/wp\/v2\/media\/3527"}],"wp:attachment":[{"href":"https:\/\/blogsaverroes.juntadeandalucia.es\/fglorca\/wp-json\/wp\/v2\/media?parent=3518"}],"wp:term":[{"taxonomy":"category","embeddable":true,"href":"https:\/\/blogsaverroes.juntadeandalucia.es\/fglorca\/wp-json\/wp\/v2\/categories?post=3518"},{"taxonomy":"post_tag","embeddable":true,"href":"https:\/\/blogsaverroes.juntadeandalucia.es\/fglorca\/wp-json\/wp\/v2\/tags?post=3518"}],"curies":[{"name":"wp","href":"https:\/\/api.w.org\/{rel}","templated":true}]}}