{"id":4535,"date":"2016-11-10T19:04:55","date_gmt":"2016-11-10T18:04:55","guid":{"rendered":"http:\/\/blogsaverroes.juntadeandalucia.es\/bibliotecafglorca\/?p=199"},"modified":"2016-11-10T19:04:55","modified_gmt":"2016-11-10T18:04:55","slug":"ya-estamos-aqui","status":"publish","type":"post","link":"https:\/\/blogsaverroes.juntadeandalucia.es\/fglorca\/2016\/11\/10\/ya-estamos-aqui\/","title":{"rendered":"\u00a1\u00a1YA ESTAMOS AQU\u00cd!!"},"content":{"rendered":"<p>\u00a1\u00a1El equipo de Educaci\u00f3n Infantil ya est\u00e1 aqui!!.<\/p>\n<p>Queremos presentar en este medio nuestro trabajo relacionado con las letras. Yo Inma Cazorla(Maestra de Apoyo-Infantil) me presento como la representante de mi grupo para haceros participe de nuestro trabajo.<\/p>\n<p>Como primer punto las letras se trabajan a lo largo de todo el d\u00eda a trav\u00e9s de: poes\u00edas, canciones, cuentos, trabalenguas,refranes,&#8230; pero no s\u00f3lo tenemos ese medio.Hay un mundo por descubrir, quer\u00e9is entrar en \u00e9l. \u00a1\u00a1Os acompa\u00f1o!!<\/p>\n<p>En el mes de Octubre celebramos la llegada del oto\u00f1o y a trav\u00e9s de poes\u00edas, canciones y vocabulario aprendemos muchas palabras nuevas .Aqu\u00ed os dejo fotos sobre una de las canciones trabajadas del oto\u00f1o.<\/p>\n<p><a href=\"http:\/\/blogsaverroes.juntadeandalucia.es\/bibliotecafglorca\/files\/2016\/11\/dni-Inma-trasero-832.jpg\"><img fetchpriority=\"high\" decoding=\"async\" class=\"alignnone wp-image-200 size-medium\" src=\"http:\/\/blogsaverroes.juntadeandalucia.es\/bibliotecafglorca\/files\/2016\/11\/dni-Inma-trasero-832-225x300.jpg\" alt=\"canci\u00f3n del oto\u00f1o \" width=\"225\" height=\"300\" \/><\/a><\/p>\n<p>&nbsp;<\/p>\n","protected":false},"excerpt":{"rendered":"<p>\u00a1\u00a1El equipo de Educaci\u00f3n Infantil ya est\u00e1 aqui!!. Queremos presentar en este medio nuestro trabajo relacionado con las letras. Yo Inma Cazorla(Maestra de Apoyo-Infantil) me presento como la representante de mi grupo para haceros&#46;&#46;&#46;<\/p>\n","protected":false},"author":2963,"featured_media":200,"comment_status":"open","ping_status":"open","sticky":false,"template":"","format":"standard","meta":{"ngg_post_thumbnail":0,"footnotes":""},"categories":[32],"tags":[1852],"aioseo_notices":[],"_links":{"self":[{"href":"https:\/\/blogsaverroes.juntadeandalucia.es\/fglorca\/wp-json\/wp\/v2\/posts\/4535"}],"collection":[{"href":"https:\/\/blogsaverroes.juntadeandalucia.es\/fglorca\/wp-json\/wp\/v2\/posts"}],"about":[{"href":"https:\/\/blogsaverroes.juntadeandalucia.es\/fglorca\/wp-json\/wp\/v2\/types\/post"}],"author":[{"embeddable":true,"href":"https:\/\/blogsaverroes.juntadeandalucia.es\/fglorca\/wp-json\/wp\/v2\/users\/2963"}],"replies":[{"embeddable":true,"href":"https:\/\/blogsaverroes.juntadeandalucia.es\/fglorca\/wp-json\/wp\/v2\/comments?post=4535"}],"version-history":[{"count":0,"href":"https:\/\/blogsaverroes.juntadeandalucia.es\/fglorca\/wp-json\/wp\/v2\/posts\/4535\/revisions"}],"wp:featuredmedia":[{"embeddable":true,"href":"https:\/\/blogsaverroes.juntadeandalucia.es\/fglorca\/wp-json\/wp\/v2\/pages\/200"}],"wp:attachment":[{"href":"https:\/\/blogsaverroes.juntadeandalucia.es\/fglorca\/wp-json\/wp\/v2\/media?parent=4535"}],"wp:term":[{"taxonomy":"category","embeddable":true,"href":"https:\/\/blogsaverroes.juntadeandalucia.es\/fglorca\/wp-json\/wp\/v2\/categories?post=4535"},{"taxonomy":"post_tag","embeddable":true,"href":"https:\/\/blogsaverroes.juntadeandalucia.es\/fglorca\/wp-json\/wp\/v2\/tags?post=4535"}],"curies":[{"name":"wp","href":"https:\/\/api.w.org\/{rel}","templated":true}]}}