{"id":472,"date":"2014-05-09T09:41:56","date_gmt":"2014-05-09T08:41:56","guid":{"rendered":"http:\/\/web.fglorca.es\/?p=472"},"modified":"2014-05-09T09:41:56","modified_gmt":"2014-05-09T08:41:56","slug":"promama-irene","status":"publish","type":"post","link":"https:\/\/blogsaverroes.juntadeandalucia.es\/fglorca\/2014\/05\/09\/promama-irene\/","title":{"rendered":"Programa IRENE."},"content":{"rendered":"<p><a href=\"http:\/\/blog.dipalme.org\/index.php\/noticias\/el-programa-irene-sale-a-la-provincia-para-prevenir-la-violencia-sexual-entre-jovenes\/\"><img decoding=\"async\" class=\"alignleft  wp-image-475\" src=\"http:\/\/web.fglorca.es\/wp-content\/uploads\/2014\/05\/irene-203x300.jpg\" alt=\"irene\" width=\"123\" height=\"182\" \/><\/a><br \/>\nHoy nuestros alumnos y alumnas de 1\u00ba de ESO est\u00e1n recibiendo una estupendas charlas sobre prevenci\u00f3n de la violencia sexual entre j\u00f3venes y adolescentes. El programa IRENE est\u00e1 desarrollado por el Instituto de la Mujer.<br \/>\n<a href=\"http:\/\/www.inmujer.gob.es\/\"><img decoding=\"async\" class=\"aligncenter  wp-image-473\" src=\"http:\/\/web.fglorca.es\/wp-content\/uploads\/2014\/05\/instmujer0-300x46.jpg\" alt=\"instmujer0\" width=\"447\" height=\"46\" \/><\/a><br \/>\n<a href=\"http:\/\/web.fglorca.es\/wp-content\/uploads\/2014\/05\/p-irene.jpg\"><img fetchpriority=\"high\" decoding=\"async\" class=\" wp-image-477 aligncenter\" src=\"http:\/\/web.fglorca.es\/wp-content\/uploads\/2014\/05\/p-irene-300x199.jpg\" alt=\"p irene\" width=\"401\" height=\"266\" srcset=\"https:\/\/blogsaverroes.juntadeandalucia.es\/fglorca\/files\/2014\/05\/p-irene-300x199.jpg 300w, https:\/\/blogsaverroes.juntadeandalucia.es\/fglorca\/files\/2014\/05\/p-irene-1024x681.jpg 1024w, https:\/\/blogsaverroes.juntadeandalucia.es\/fglorca\/files\/2014\/05\/p-irene.jpg 1600w\" sizes=\"(max-width: 401px) 100vw, 401px\" \/><\/a><\/p>\n<p>Este programa complementa los ya desarrollados en el Centro<a href=\"http:\/\/www.interior.gob.es\/es\/web\/servicios-al-ciudadano\/planes-de-prevencion\/plan-director-para-la-convivencia-y-mejora-escolar\" target=\"_blank\"> \u00abPlan Director para la Convivencia y Mejora de la Seguridad en los Centros Educativos y sus Entornos\u00bb<\/a>.\u00a0 Las charlas se est\u00e1n desarrollando en el Palacio de los Deportes de V\u00edcar gracias a la colaboraci\u00f3n del Ayuntamiento.<\/p>\n","protected":false},"excerpt":{"rendered":"<p>Hoy nuestros alumnos y alumnas de 1\u00ba de ESO est\u00e1n recibiendo una estupendas charlas sobre prevenci\u00f3n de la violencia sexual entre j\u00f3venes y adolescentes. El programa IRENE est\u00e1 desarrollado por el Instituto de la&#46;&#46;&#46;<\/p>\n","protected":false},"author":2224,"featured_media":0,"comment_status":"open","ping_status":"open","sticky":false,"template":"","format":"standard","meta":{"ngg_post_thumbnail":0,"footnotes":""},"categories":[32,19,384867,526,386064,388820],"tags":[287,307620,307647,277,57],"aioseo_notices":[],"_links":{"self":[{"href":"https:\/\/blogsaverroes.juntadeandalucia.es\/fglorca\/wp-json\/wp\/v2\/posts\/472"}],"collection":[{"href":"https:\/\/blogsaverroes.juntadeandalucia.es\/fglorca\/wp-json\/wp\/v2\/posts"}],"about":[{"href":"https:\/\/blogsaverroes.juntadeandalucia.es\/fglorca\/wp-json\/wp\/v2\/types\/post"}],"author":[{"embeddable":true,"href":"https:\/\/blogsaverroes.juntadeandalucia.es\/fglorca\/wp-json\/wp\/v2\/users\/2224"}],"replies":[{"embeddable":true,"href":"https:\/\/blogsaverroes.juntadeandalucia.es\/fglorca\/wp-json\/wp\/v2\/comments?post=472"}],"version-history":[{"count":0,"href":"https:\/\/blogsaverroes.juntadeandalucia.es\/fglorca\/wp-json\/wp\/v2\/posts\/472\/revisions"}],"wp:attachment":[{"href":"https:\/\/blogsaverroes.juntadeandalucia.es\/fglorca\/wp-json\/wp\/v2\/media?parent=472"}],"wp:term":[{"taxonomy":"category","embeddable":true,"href":"https:\/\/blogsaverroes.juntadeandalucia.es\/fglorca\/wp-json\/wp\/v2\/categories?post=472"},{"taxonomy":"post_tag","embeddable":true,"href":"https:\/\/blogsaverroes.juntadeandalucia.es\/fglorca\/wp-json\/wp\/v2\/tags?post=472"}],"curies":[{"name":"wp","href":"https:\/\/api.w.org\/{rel}","templated":true}]}}