{"id":4833,"date":"2019-12-19T12:38:32","date_gmt":"2019-12-19T12:38:32","guid":{"rendered":"https:\/\/blogsaverroes.juntadeandalucia.es\/fglorca\/?p=4833"},"modified":"2019-12-19T17:21:09","modified_gmt":"2019-12-19T17:21:09","slug":"despedida","status":"publish","type":"post","link":"https:\/\/blogsaverroes.juntadeandalucia.es\/fglorca\/2019\/12\/19\/despedida\/","title":{"rendered":"DESPEDIDA"},"content":{"rendered":"\t\t<div data-elementor-type=\"wp-post\" data-elementor-id=\"4833\" class=\"elementor elementor-4833\">\n\t\t\t\t\t\t<section class=\"elementor-section elementor-top-section elementor-element elementor-element-b9df182 elementor-section-boxed elementor-section-height-default elementor-section-height-default\" data-id=\"b9df182\" data-element_type=\"section\">\n\t\t\t\t\t\t<div class=\"elementor-container elementor-column-gap-default\">\n\t\t\t\t\t<div class=\"elementor-column elementor-col-100 elementor-top-column elementor-element elementor-element-9ba23f7\" data-id=\"9ba23f7\" data-element_type=\"column\">\n\t\t\t<div class=\"elementor-widget-wrap elementor-element-populated\">\n\t\t\t\t\t\t<div class=\"elementor-element elementor-element-d1b85d6 elementor-widget elementor-widget-heading\" data-id=\"d1b85d6\" data-element_type=\"widget\" data-widget_type=\"heading.default\">\n\t\t\t\t<div class=\"elementor-widget-container\">\n\t\t\t\t\t<h2 class=\"elementor-heading-title elementor-size-default\">DESPEDIDA<\/h2>\t\t\t\t<\/div>\n\t\t\t\t<\/div>\n\t\t\t\t\t<\/div>\n\t\t<\/div>\n\t\t\t\t\t<\/div>\n\t\t<\/section>\n\t\t\t\t<section class=\"elementor-section elementor-top-section elementor-element elementor-element-a3a8cd0 elementor-section-boxed elementor-section-height-default elementor-section-height-default\" data-id=\"a3a8cd0\" data-element_type=\"section\">\n\t\t\t\t\t\t<div class=\"elementor-container elementor-column-gap-default\">\n\t\t\t\t\t<div class=\"elementor-column elementor-col-100 elementor-top-column elementor-element elementor-element-c45c212\" data-id=\"c45c212\" data-element_type=\"column\">\n\t\t\t<div class=\"elementor-widget-wrap elementor-element-populated\">\n\t\t\t\t\t\t<div class=\"elementor-element elementor-element-3384904 elementor-invisible elementor-widget elementor-widget-image\" data-id=\"3384904\" data-element_type=\"widget\" data-settings=\"{&quot;_animation&quot;:&quot;bounceInDown&quot;}\" data-widget_type=\"image.default\">\n\t\t\t\t<div class=\"elementor-widget-container\">\n\t\t\t\t\t\t\t\t\t\t\t\t\t\t\t<img fetchpriority=\"high\" decoding=\"async\" width=\"768\" height=\"576\" src=\"https:\/\/blogsaverroes.juntadeandalucia.es\/fglorca\/files\/2019\/12\/antonio-y-maria-768x576.jpg\" class=\"attachment-medium_large size-medium_large wp-image-4834\" alt=\"\" srcset=\"https:\/\/blogsaverroes.juntadeandalucia.es\/fglorca\/files\/2019\/12\/antonio-y-maria-768x576.jpg 768w, https:\/\/blogsaverroes.juntadeandalucia.es\/fglorca\/files\/2019\/12\/antonio-y-maria-300x225.jpg 300w, https:\/\/blogsaverroes.juntadeandalucia.es\/fglorca\/files\/2019\/12\/antonio-y-maria-1024x768.jpg 1024w, https:\/\/blogsaverroes.juntadeandalucia.es\/fglorca\/files\/2019\/12\/antonio-y-maria-24x18.jpg 24w, https:\/\/blogsaverroes.juntadeandalucia.es\/fglorca\/files\/2019\/12\/antonio-y-maria-36x27.jpg 36w, https:\/\/blogsaverroes.juntadeandalucia.es\/fglorca\/files\/2019\/12\/antonio-y-maria-48x36.jpg 48w, https:\/\/blogsaverroes.juntadeandalucia.es\/fglorca\/files\/2019\/12\/antonio-y-maria.jpg 1600w\" sizes=\"(max-width: 768px) 100vw, 768px\" \/>\t\t\t\t\t\t\t\t\t\t\t\t\t\t\t<\/div>\n\t\t\t\t<\/div>\n\t\t\t\t\t<\/div>\n\t\t<\/div>\n\t\t\t\t\t<\/div>\n\t\t<\/section>\n\t\t\t\t<section class=\"elementor-section elementor-top-section elementor-element elementor-element-9d00d44 elementor-section-boxed elementor-section-height-default elementor-section-height-default\" data-id=\"9d00d44\" data-element_type=\"section\">\n\t\t\t\t\t\t<div class=\"elementor-container elementor-column-gap-default\">\n\t\t\t\t\t<div class=\"elementor-column elementor-col-100 elementor-top-column elementor-element elementor-element-e1993ee\" data-id=\"e1993ee\" data-element_type=\"column\">\n\t\t\t<div class=\"elementor-widget-wrap elementor-element-populated\">\n\t\t\t\t\t\t<div class=\"elementor-element elementor-element-9270479 elementor-widget elementor-widget-text-editor\" data-id=\"9270479\" data-element_type=\"widget\" data-widget_type=\"text-editor.default\">\n\t\t\t\t<div class=\"elementor-widget-container\">\n\t\t\t\t\t\t\t\t\t<p>Como dice la canci\u00f3n, nunca pensamos que llegar\u00eda, pero lleg\u00f3 el momento de decir adi\u00f3s y comenzar una nueva etapa en nuestras vidas.<\/p><p>En el muy lejano septiembre de 1988 llegamos al Federico siendo unos treinta\u00f1eros, con un proyecto de vida iniciado, ya ten\u00edamos dos hijos, y con muchas ilusiones en nuestro trabajo como maestros.<\/p><p>Han pasado treinta y un a\u00f1os y cuatro meses desde entonces, much\u00edsimos alumnos, maestros y padres con los que nos hemos relacionado y la satisfacci\u00f3n del deber cumplido.<\/p><p>Nos vamos con la sensaci\u00f3n de haber contribuido al desarrollo de un Centro que es referencia en V\u00edcar y a la formaci\u00f3n de much\u00edsimos alumnos y alumnas que todav\u00eda nos recuerdan con cari\u00f1o y de los que nos sentimos orgullosos.<\/p><p>Estamos en un tiempo complicado para la Escuela P\u00fablica. A nuestros compa\u00f1eros\/as maestros y maestras os animamos a seguir trabajando con el entusiasmo y la profesionalidad que hab\u00e9is demostrado en estos a\u00f1os; a nuestros alumnos y alumnas os pedimos que trabaj\u00e9is y os desarroll\u00e9is como personas en el respeto, el trabajo y la solidaridad y a los padres y madres que sig\u00e1is participando y colaborando en la vida del Centro sabiendo siempre el papel que os corresponde.<\/p><p>Defender la Escuela P\u00fablica debe ser un objetivo prioritario.\u00a0\u00a0<\/p><p>Como no pod\u00eda ser de otra manera, agradecemos al Ayuntamiento su implicaci\u00f3n en la Educaci\u00f3n como motor para el desarrollo de las personas y le pedimos seguir en la l\u00ednea de colaboraci\u00f3n, respeto y buena armon\u00eda que hemos tenido en todos estos a\u00f1os.<\/p><p>Nos vamos con la certeza de haberlo dado todo en esta maravillosa profesi\u00f3n que es ser maestro.<\/p><p>Muchas gracias a todos\/as y hasta siempre.<\/p>\t\t\t\t\t\t\t\t<\/div>\n\t\t\t\t<\/div>\n\t\t\t\t\t<\/div>\n\t\t<\/div>\n\t\t\t\t\t<\/div>\n\t\t<\/section>\n\t\t\t\t<\/div>\n\t\t","protected":false},"excerpt":{"rendered":"<p>DESPEDIDA Como dice la canci\u00f3n, nunca pensamos que llegar\u00eda, pero lleg\u00f3 el momento de decir adi\u00f3s y comenzar una nueva etapa en nuestras vidas. En el muy lejano septiembre de 1988 llegamos al Federico&#46;&#46;&#46;<\/p>\n","protected":false},"author":2243,"featured_media":4834,"comment_status":"open","ping_status":"open","sticky":false,"template":"","format":"standard","meta":{"ngg_post_thumbnail":0,"footnotes":""},"categories":[389296,381937,526,385109],"tags":[1855,1699201,3828],"aioseo_notices":[],"_links":{"self":[{"href":"https:\/\/blogsaverroes.juntadeandalucia.es\/fglorca\/wp-json\/wp\/v2\/posts\/4833"}],"collection":[{"href":"https:\/\/blogsaverroes.juntadeandalucia.es\/fglorca\/wp-json\/wp\/v2\/posts"}],"about":[{"href":"https:\/\/blogsaverroes.juntadeandalucia.es\/fglorca\/wp-json\/wp\/v2\/types\/post"}],"author":[{"embeddable":true,"href":"https:\/\/blogsaverroes.juntadeandalucia.es\/fglorca\/wp-json\/wp\/v2\/users\/2243"}],"replies":[{"embeddable":true,"href":"https:\/\/blogsaverroes.juntadeandalucia.es\/fglorca\/wp-json\/wp\/v2\/comments?post=4833"}],"version-history":[{"count":2,"href":"https:\/\/blogsaverroes.juntadeandalucia.es\/fglorca\/wp-json\/wp\/v2\/posts\/4833\/revisions"}],"predecessor-version":[{"id":4836,"href":"https:\/\/blogsaverroes.juntadeandalucia.es\/fglorca\/wp-json\/wp\/v2\/posts\/4833\/revisions\/4836"}],"wp:featuredmedia":[{"embeddable":true,"href":"https:\/\/blogsaverroes.juntadeandalucia.es\/fglorca\/wp-json\/wp\/v2\/media\/4834"}],"wp:attachment":[{"href":"https:\/\/blogsaverroes.juntadeandalucia.es\/fglorca\/wp-json\/wp\/v2\/media?parent=4833"}],"wp:term":[{"taxonomy":"category","embeddable":true,"href":"https:\/\/blogsaverroes.juntadeandalucia.es\/fglorca\/wp-json\/wp\/v2\/categories?post=4833"},{"taxonomy":"post_tag","embeddable":true,"href":"https:\/\/blogsaverroes.juntadeandalucia.es\/fglorca\/wp-json\/wp\/v2\/tags?post=4833"}],"curies":[{"name":"wp","href":"https:\/\/api.w.org\/{rel}","templated":true}]}}