{"id":4867,"date":"2020-01-11T10:46:35","date_gmt":"2020-01-11T10:46:35","guid":{"rendered":"https:\/\/blogsaverroes.juntadeandalucia.es\/fglorca\/?p=4867"},"modified":"2025-05-03T10:08:59","modified_gmt":"2025-05-03T09:08:59","slug":"siembra-de-bellotas","status":"publish","type":"post","link":"https:\/\/blogsaverroes.juntadeandalucia.es\/fglorca\/2020\/01\/11\/siembra-de-bellotas\/","title":{"rendered":"Siembra de bellotas"},"content":{"rendered":"\t\t<div data-elementor-type=\"wp-post\" data-elementor-id=\"4867\" class=\"elementor elementor-4867\">\n\t\t\t\t\t\t<section class=\"elementor-section elementor-top-section elementor-element elementor-element-390192f1 elementor-section-boxed elementor-section-height-default elementor-section-height-default\" data-id=\"390192f1\" data-element_type=\"section\">\n\t\t\t\t\t\t<div class=\"elementor-container elementor-column-gap-default\">\n\t\t\t\t\t<div class=\"elementor-column elementor-col-100 elementor-top-column elementor-element elementor-element-980c5e9\" data-id=\"980c5e9\" data-element_type=\"column\">\n\t\t\t<div class=\"elementor-widget-wrap elementor-element-populated\">\n\t\t\t\t\t\t<div class=\"elementor-element elementor-element-d6c6703 elementor-widget elementor-widget-image\" data-id=\"d6c6703\" data-element_type=\"widget\" data-widget_type=\"image.default\">\n\t\t\t\t<div class=\"elementor-widget-container\">\n\t\t\t\t\t\t\t\t\t\t\t\t\t\t\t<img fetchpriority=\"high\" decoding=\"async\" width=\"300\" height=\"201\" src=\"https:\/\/blogsaverroes.juntadeandalucia.es\/fglorca\/files\/2019\/12\/arbol-bellota-300x201.jpg\" class=\"attachment-medium size-medium wp-image-4868\" alt=\"\" srcset=\"https:\/\/blogsaverroes.juntadeandalucia.es\/fglorca\/files\/2019\/12\/arbol-bellota-300x201.jpg 300w, https:\/\/blogsaverroes.juntadeandalucia.es\/fglorca\/files\/2019\/12\/arbol-bellota-768x515.jpg 768w, https:\/\/blogsaverroes.juntadeandalucia.es\/fglorca\/files\/2019\/12\/arbol-bellota-24x16.jpg 24w, https:\/\/blogsaverroes.juntadeandalucia.es\/fglorca\/files\/2019\/12\/arbol-bellota-36x24.jpg 36w, https:\/\/blogsaverroes.juntadeandalucia.es\/fglorca\/files\/2019\/12\/arbol-bellota-48x32.jpg 48w, https:\/\/blogsaverroes.juntadeandalucia.es\/fglorca\/files\/2019\/12\/arbol-bellota.jpg 800w\" sizes=\"(max-width: 300px) 100vw, 300px\" \/>\t\t\t\t\t\t\t\t\t\t\t\t\t\t\t<\/div>\n\t\t\t\t<\/div>\n\t\t\t\t\t<\/div>\n\t\t<\/div>\n\t\t\t\t\t<\/div>\n\t\t<\/section>\n\t\t\t\t<section class=\"elementor-section elementor-top-section elementor-element elementor-element-6746530 elementor-section-boxed elementor-section-height-default elementor-section-height-default\" data-id=\"6746530\" data-element_type=\"section\">\n\t\t\t\t\t\t<div class=\"elementor-container elementor-column-gap-default\">\n\t\t\t\t\t<div class=\"elementor-column elementor-col-100 elementor-top-column elementor-element elementor-element-7dd1ccf\" data-id=\"7dd1ccf\" data-element_type=\"column\">\n\t\t\t<div class=\"elementor-widget-wrap elementor-element-populated\">\n\t\t\t\t\t\t<div class=\"elementor-element elementor-element-bdb7975 elementor-widget elementor-widget-text-editor\" data-id=\"bdb7975\" data-element_type=\"widget\" data-widget_type=\"text-editor.default\">\n\t\t\t\t<div class=\"elementor-widget-container\">\n\t\t\t\t\t\t\t\t\t<p>Desde nuestro Proyecto Aldea, surge en cursos anteriores el maravilloso \u00abProyecto de Repoblaci\u00f3n de la Sierra de G\u00e1dor\u00bb con la colaboraci\u00f3n de Ecocampus, Asprodesa, Vicasol, RadioUal, &#8230; A partir del cual se realizan una gran variedad de actividades.<\/p><p>Es muy importante concienciar a nuestro alumnado de la importancia de cuidar nuestro medio ambiente, proteger y reforestar nuestros bosques, incluso crear nuevos, que ayuden a recargar nuestros acu\u00edferos, evitar la erosi\u00f3n, recuperar el suelo, as\u00ed como la flora y la fauna. Para ello es necesario conocer las plantas aut\u00f3ctonas de cada zona, peculiaridades del terreno, por lo que se llevan a cabo minuciosos trabajos de investigaci\u00f3n.<\/p><p>A partir de aqu\u00ed, este trimestre se lleva a cabo en nuestro colegio una bonita actividad de siembra de bellotas, en el que han colaborado el alumnado de educaci\u00f3n infantil con la tutorizaci\u00f3n del alumnado de 5<span class=\"ILfuVd\"><span class=\"e24Kjd\">\u00ba\u00a0<\/span><\/span>de Primaria. La finalidad es cuidar la plantaci\u00f3n hasta que las encinas est\u00e9n lo suficientemente grandes como para ser trasplantadas y continuar con dicha repoblaci\u00f3n de la Sierra de G\u00e1dor.<\/p><p>A continuaci\u00f3n, podemos ver un v\u00eddeo resumen del desarrollo de la actividad.<\/p>\t\t\t\t\t\t\t\t<\/div>\n\t\t\t\t<\/div>\n\t\t\t\t\t<\/div>\n\t\t<\/div>\n\t\t\t\t\t<\/div>\n\t\t<\/section>\n\t\t\t\t<section class=\"elementor-section elementor-top-section elementor-element elementor-element-5ad23cf elementor-section-boxed elementor-section-height-default elementor-section-height-default\" data-id=\"5ad23cf\" data-element_type=\"section\">\n\t\t\t\t\t\t<div class=\"elementor-container elementor-column-gap-default\">\n\t\t\t\t\t<div class=\"elementor-column elementor-col-100 elementor-top-column elementor-element elementor-element-f5527b0\" data-id=\"f5527b0\" data-element_type=\"column\">\n\t\t\t<div class=\"elementor-widget-wrap elementor-element-populated\">\n\t\t\t\t\t\t<div class=\"elementor-element elementor-element-114ab5f elementor-widget elementor-widget-video\" data-id=\"114ab5f\" data-element_type=\"widget\" data-settings=\"{&quot;youtube_url&quot;:&quot;https:\\\/\\\/youtu.be\\\/gRN4zeIFPoM&quot;,&quot;autoplay&quot;:&quot;yes&quot;,&quot;loop&quot;:&quot;yes&quot;,&quot;video_type&quot;:&quot;youtube&quot;,&quot;controls&quot;:&quot;yes&quot;}\" data-widget_type=\"video.default\">\n\t\t\t\t<div class=\"elementor-widget-container\">\n\t\t\t\t\t\t\t<div class=\"elementor-wrapper elementor-open-inline\">\n\t\t\t<div class=\"elementor-video\"><\/div>\t\t<\/div>\n\t\t\t\t\t\t<\/div>\n\t\t\t\t<\/div>\n\t\t\t\t\t<\/div>\n\t\t<\/div>\n\t\t\t\t\t<\/div>\n\t\t<\/section>\n\t\t\t\t<\/div>\n\t\t","protected":false},"excerpt":{"rendered":"<p>Desde nuestro Proyecto Aldea, surge en cursos anteriores el maravilloso \u00abProyecto de Repoblaci\u00f3n de la Sierra de G\u00e1dor\u00bb con la colaboraci\u00f3n de Ecocampus, Asprodesa, Vicasol, RadioUal, &#8230; A partir del cual se realizan una&#46;&#46;&#46;<\/p>\n","protected":false},"author":3347,"featured_media":4868,"comment_status":"open","ping_status":"open","sticky":false,"template":"","format":"standard","meta":{"ngg_post_thumbnail":0,"footnotes":""},"categories":[32,386064,1508355,1734003],"tags":[1699205,1699195,1699201,1852,1110,708,1699200],"aioseo_notices":[],"_links":{"self":[{"href":"https:\/\/blogsaverroes.juntadeandalucia.es\/fglorca\/wp-json\/wp\/v2\/posts\/4867"}],"collection":[{"href":"https:\/\/blogsaverroes.juntadeandalucia.es\/fglorca\/wp-json\/wp\/v2\/posts"}],"about":[{"href":"https:\/\/blogsaverroes.juntadeandalucia.es\/fglorca\/wp-json\/wp\/v2\/types\/post"}],"author":[{"embeddable":true,"href":"https:\/\/blogsaverroes.juntadeandalucia.es\/fglorca\/wp-json\/wp\/v2\/users\/3347"}],"replies":[{"embeddable":true,"href":"https:\/\/blogsaverroes.juntadeandalucia.es\/fglorca\/wp-json\/wp\/v2\/comments?post=4867"}],"version-history":[{"count":4,"href":"https:\/\/blogsaverroes.juntadeandalucia.es\/fglorca\/wp-json\/wp\/v2\/posts\/4867\/revisions"}],"predecessor-version":[{"id":4994,"href":"https:\/\/blogsaverroes.juntadeandalucia.es\/fglorca\/wp-json\/wp\/v2\/posts\/4867\/revisions\/4994"}],"wp:featuredmedia":[{"embeddable":true,"href":"https:\/\/blogsaverroes.juntadeandalucia.es\/fglorca\/wp-json\/wp\/v2\/media\/4868"}],"wp:attachment":[{"href":"https:\/\/blogsaverroes.juntadeandalucia.es\/fglorca\/wp-json\/wp\/v2\/media?parent=4867"}],"wp:term":[{"taxonomy":"category","embeddable":true,"href":"https:\/\/blogsaverroes.juntadeandalucia.es\/fglorca\/wp-json\/wp\/v2\/categories?post=4867"},{"taxonomy":"post_tag","embeddable":true,"href":"https:\/\/blogsaverroes.juntadeandalucia.es\/fglorca\/wp-json\/wp\/v2\/tags?post=4867"}],"curies":[{"name":"wp","href":"https:\/\/api.w.org\/{rel}","templated":true}]}}