{"id":55,"date":"2011-01-26T11:52:28","date_gmt":"2011-01-26T10:52:28","guid":{"rendered":"http:\/\/web.fglorca.es\/?p=55"},"modified":"2011-01-26T11:52:28","modified_gmt":"2011-01-26T10:52:28","slug":"dia-de-la-paz-2011","status":"publish","type":"post","link":"https:\/\/blogsaverroes.juntadeandalucia.es\/fglorca\/2011\/01\/26\/dia-de-la-paz-2011\/","title":{"rendered":"D\u00eda de la Paz. \u00abCon la Mano Levant\u00e1\u00bb"},"content":{"rendered":"<p>Esta es una de las canciones que se van a trabajar este a\u00f1o para la celebraci\u00f3n del D\u00eda de la Paz. Te dejamos el v\u00eddeo, la letra y alguna versi\u00f3n que otra.<\/p>\n<p>Macaco: \u00abCon la mano levant\u00e1\u00bb. Mas versiones si pulsas sobre leer mas.<\/p>\n<table border=\"0\">\n<tbody>\n<tr>\n<td>\n<p>\u00a0<\/p>\n<p><a href=\"http:\/\/vimeo.com\/4710870\">Macaco (Con La Mano Levant\u00e1) Music video<\/a> from <a href=\"http:\/\/vimeo.com\/user548854\">rafa calleja \/\/ thetouch<\/a> on <a href=\"http:\/\/vimeo.com\">Vimeo<\/a>.<\/p>\n<\/td>\n<td>\n<p><em>Con la mano levant\u00e1, al pasado le digo adi\u00f3s <br \/> y el futuro que vendr\u00e1 dicen que pende de un hilo. <br \/> Y el presente aqu\u00ed contigo, mano a mano, oye mi hermano <br \/> disfrutar camino (bis). <br \/> Con la mano levant\u00e1&#8230; De puntillas pa tocar, <br \/> voy subiendo un escal\u00f3n, escribiendo otra canci\u00f3n de escaleras al cielo, <br \/> busco un sitio pa saltar que me de alas pa volar, realidad a ras de suelo. <br \/> Con las manos levant\u00e1s, no nos vieron al pasar, <br \/> cuantas manos hay que alzar para que escuchen de nuevo, <br \/> tu arma la imaginaci\u00f3n, tu escudo no protecci\u00f3n, <br \/> intuyendo el movimiento. <br \/> Con la mano levant\u00e1&#8230; tocar\u00e9&#8230;voy tocando el cielo&#8230;. <br \/> Salt\u00e9 la valla, corr\u00ed mil batallas, pero aqu\u00ed estoy de nuevo. <br \/> Perd\u00ed el aliento, pero no me siento, busco carrerilla, <br \/> pa saltar, pa saltar, pa saltar, pa saltar. <br \/> Con la mano levant\u00e1&#8230;<\/em><\/p>\n<p><\/td>\n<\/tr>\n<tr>\n<td><\/td>\n<td><\/td>\n<\/tr>\n<\/tbody>\n<\/table>\n<p>Arriba con Estopa y mas abajo en directo.<\/p><\/p>\n","protected":false},"excerpt":{"rendered":"<p>Esta es una de las canciones que se van a trabajar este a\u00f1o para la celebraci\u00f3n del D\u00eda de la Paz. Te dejamos el v\u00eddeo, la letra y alguna versi\u00f3n que otra.<\/p>\n<p>Macaco: \u00abCon la mano levant\u00e1\u00bb. Mas versiones si pulsas sobre leer mas.<\/p>\n<table border=\"0\">\n<tbody>\n<tr>\n<td>\n<p>\u00a0<\/p>\n<p><a href=\"http:\/\/vimeo.com\/4710870\">Macaco (Con La Mano Levant\u00e1) Music video<\/a> from <a href=\"http:\/\/vimeo.com\/user548854\">rafa calleja \/\/ thetouch<\/a> on <a href=\"http:\/\/vimeo.com\">Vimeo<\/a>.<\/p>\n<\/td>\n<td>\n<p><em>Con la mano levant\u00e1, al pasado le digo adi\u00f3s <br \/> y el futuro que vendr\u00e1 dicen que pende de un hilo. <br \/> Y el presente aqu\u00ed contigo, mano a mano, oye mi hermano <br \/> disfrutar camino (bis). <br \/> Con la mano levant\u00e1&#8230; De puntillas pa tocar, <br \/> voy subiendo un escal\u00f3n, escribiendo otra canci\u00f3n de escaleras al cielo, <br \/> busco un sitio pa saltar que me de alas pa volar, realidad a ras de suelo. <br \/> Con las manos levant\u00e1s, no nos vieron al pasar, <br \/> cuantas manos hay que alzar para que escuchen de nuevo, <br \/> tu arma la imaginaci\u00f3n, tu escudo no protecci\u00f3n, <br \/> intuyendo el movimiento. <br \/> Con la mano levant\u00e1&#8230; tocar\u00e9&#8230;voy tocando el cielo&#8230;. <br \/> Salt\u00e9 la valla, corr\u00ed mil batallas, pero aqu\u00ed estoy de nuevo. <br \/> Perd\u00ed el aliento, pero no me siento, busco carrerilla, <br \/> pa saltar, pa saltar, pa saltar, pa saltar. <br \/> Con la mano levant\u00e1&#8230;<\/em><\/p>\n<p><\/td>\n<\/tr>\n<tr>\n<td><\/td>\n<td><\/td>\n<\/tr>\n<\/tbody>\n<\/table>\n","protected":false},"author":2224,"featured_media":0,"comment_status":"closed","ping_status":"open","sticky":false,"template":"","format":"standard","meta":{"ngg_post_thumbnail":0,"footnotes":""},"categories":[1733982],"tags":[175,307620,307715],"aioseo_notices":[],"_links":{"self":[{"href":"https:\/\/blogsaverroes.juntadeandalucia.es\/fglorca\/wp-json\/wp\/v2\/posts\/55"}],"collection":[{"href":"https:\/\/blogsaverroes.juntadeandalucia.es\/fglorca\/wp-json\/wp\/v2\/posts"}],"about":[{"href":"https:\/\/blogsaverroes.juntadeandalucia.es\/fglorca\/wp-json\/wp\/v2\/types\/post"}],"author":[{"embeddable":true,"href":"https:\/\/blogsaverroes.juntadeandalucia.es\/fglorca\/wp-json\/wp\/v2\/users\/2224"}],"replies":[{"embeddable":true,"href":"https:\/\/blogsaverroes.juntadeandalucia.es\/fglorca\/wp-json\/wp\/v2\/comments?post=55"}],"version-history":[{"count":0,"href":"https:\/\/blogsaverroes.juntadeandalucia.es\/fglorca\/wp-json\/wp\/v2\/posts\/55\/revisions"}],"wp:attachment":[{"href":"https:\/\/blogsaverroes.juntadeandalucia.es\/fglorca\/wp-json\/wp\/v2\/media?parent=55"}],"wp:term":[{"taxonomy":"category","embeddable":true,"href":"https:\/\/blogsaverroes.juntadeandalucia.es\/fglorca\/wp-json\/wp\/v2\/categories?post=55"},{"taxonomy":"post_tag","embeddable":true,"href":"https:\/\/blogsaverroes.juntadeandalucia.es\/fglorca\/wp-json\/wp\/v2\/tags?post=55"}],"curies":[{"name":"wp","href":"https:\/\/api.w.org\/{rel}","templated":true}]}}