{"id":5853,"date":"2020-09-02T08:58:37","date_gmt":"2020-09-02T08:58:37","guid":{"rendered":"https:\/\/blogsaverroes.juntadeandalucia.es\/fglorca\/?p=5853"},"modified":"2023-03-11T17:48:30","modified_gmt":"2023-03-11T16:48:30","slug":"solicitud-de-gratuidad-bonificacion-del-precio-publico-por-los-servicios-complementarios-de-aula-matinal-comedor-escolar-y-por-el-servicio-de-residencia-escolar","status":"publish","type":"post","link":"https:\/\/blogsaverroes.juntadeandalucia.es\/fglorca\/2020\/09\/02\/solicitud-de-gratuidad-bonificacion-del-precio-publico-por-los-servicios-complementarios-de-aula-matinal-comedor-escolar-y-por-el-servicio-de-residencia-escolar\/","title":{"rendered":"Solicitud de gratuidad\/bonificaci\u00f3n del precio p\u00fablico por los servicios complementarios de aula matinal, comedor escolar y por el servicio de residencia escolar"},"content":{"rendered":"\t\t<div data-elementor-type=\"wp-post\" data-elementor-id=\"5853\" class=\"elementor elementor-5853\">\n\t\t\t\t\t\t<section class=\"elementor-section elementor-top-section elementor-element elementor-element-cbe19ea elementor-section-boxed elementor-section-height-default elementor-section-height-default\" data-id=\"cbe19ea\" data-element_type=\"section\">\n\t\t\t\t\t\t<div class=\"elementor-container elementor-column-gap-default\">\n\t\t\t\t\t<div class=\"elementor-column elementor-col-100 elementor-top-column elementor-element elementor-element-fa266d2\" data-id=\"fa266d2\" data-element_type=\"column\">\n\t\t\t<div class=\"elementor-widget-wrap elementor-element-populated\">\n\t\t\t\t\t\t<div class=\"elementor-element elementor-element-deed1b3 elementor-widget elementor-widget-text-editor\" data-id=\"deed1b3\" data-element_type=\"widget\" data-widget_type=\"text-editor.default\">\n\t\t\t\t<div class=\"elementor-widget-container\">\n\t\t\t\t\t\t\t\t\t<h2>\u00a0EL Plazo para solicitar la gratuidad\/bonificaci\u00f3n del precio sobre aula matinal y comedor es del 1 al 7 de septiembre.<\/h2>\n<h2>C\u00f3mo realizar el tr\u00e1mite<\/h2>\n<div>\n<h3>Por internet<\/h3>\n<ul class=\"listado_enlaces\">\n \t<li><a title=\"Solicitud en l\u00ednea.\" href=\"https:\/\/ws094.juntadeandalucia.es\/V_virtual\/SolicitarTicket?v=PEIT&amp;id=2389\">Solicitud en l\u00ednea.<\/a><\/li>\n<\/ul>\n<h3>Presencialmente<\/h3>\nEs imprescindible reservar cita previa en el centro.\u00a0 de 10:00 a 13:30. Se entra exclusivamente por la puerta azul. Los tel\u00e9fonos de atenci\u00f3n son los habituales. \u00a0 Por favor en la medida de lo posible, traigan los documentos rellenos y revisen la normativa.\n\n<section class=\"elementor-element elementor-element-8432a96 elementor-section-boxed elementor-section-height-default elementor-section-height-default elementor-section elementor-top-section\" data-id=\"8432a96\">\n<div class=\"elementor-container elementor-column-gap-default\">\n<div class=\"elementor-row\">\n<div class=\"elementor-element elementor-element-9ec0195 elementor-column elementor-col-100 elementor-top-column\" data-id=\"9ec0195\">\n<div class=\"elementor-column-wrap elementor-element-populated\">\n<div class=\"elementor-widget-wrap\">\n<div class=\"elementor-element elementor-element-26abeab elementor-widget elementor-widget-text-editor\" data-id=\"26abeab\">\n<div class=\"elementor-widget-container\">\n<div class=\"elementor-text-editor elementor-clearfix\">\n\n<strong>2\u00ba Presentar los formularios:<\/strong>\n\nSe pueden presentar en el centro con cita previa.\n\nSe pueden enviar al registro del centro\n\n<\/div>\n<\/div>\n<\/div>\n<\/div>\n<\/div>\n<\/div>\n<\/div>\n<\/div>\n<\/section><section class=\"elementor-element elementor-element-e6ea76c elementor-section-boxed elementor-section-height-default elementor-section-height-default elementor-section elementor-top-section\" data-id=\"e6ea76c\">\n<div class=\"elementor-container elementor-column-gap-default\">\n<div class=\"elementor-row\">\n<div class=\"elementor-element elementor-element-4e69fb1 elementor-column elementor-col-100 elementor-top-column\" data-id=\"4e69fb1\">\n<div class=\"elementor-column-wrap elementor-element-populated\">\n<div class=\"elementor-widget-wrap\">\n<div class=\"elementor-element elementor-element-0c4856c elementor-widget elementor-widget-heading\" data-id=\"0c4856c\">\n<div class=\"elementor-widget-container\">\n<h2 class=\"elementor-heading-title elementor-size-default fittexted_for_content_h2\"><a href=\"https:\/\/www.juntadeandalucia.es\/educacion\/secretariavirtual\/accesoTramite\/462\/\">Si se le ha olvidado alguna documentaci\u00f3n o se le ha requerido documentaci\u00f3n desde el centro, puede enviarla mediante el siguiente enlace y no necesita desplazarse al centro.<\/a><\/h2>\n[youtube https:\/\/www.youtube.com\/watch?v=pcmCoFANULg&#038;w=560&#038;h=315]\n\n<div><\/div>\n<\/div>\n<\/div>\n<div class=\"elementor-element elementor-element-4c80ba5 elementor-widget elementor-widget-text-editor\" data-id=\"4c80ba5\">\n<div class=\"elementor-widget-container\">\n<div class=\"elementor-text-editor elementor-clearfix\">\n\n<a href=\"https:\/\/www.juntadeandalucia.es\/educacion\/secretariavirtual\/accesoTramite\/462\/\" target=\"_blank\" rel=\"noopener\">Presentaci\u00f3n electr\u00f3nica de tr\u00e1mites generales en centros educativos. (NO ES PARA MATRICULACI\u00d3N) Para entregar al centro documentos sin desplazarse al mismo. Se necesita el usuario y contrase\u00f1a de PASEN<\/a>\n\n<\/div>\n<\/div>\n<\/div>\n<\/div>\n<\/div>\n<\/div>\n<\/div>\n<\/div>\n<\/section>\n<h3>Formularios<\/h3>\n<ul class=\"listado_resultados\">\n \t<li>\n<div><a title=\"servicio de aula matinal, comedor escolar o actividades extraescolares. Resolucion provisional de admitidos y suplentes\" href=\"https:\/\/www.juntadeandalucia.es\/haciendayadministracionpublica\/rpa-icms-doc\/icmsDescargaDoc.do?tipo=4b40ba71bf0bae77c7a9e6765035191a&amp;id=c6e25a853d466e06dbcfe095061e7eee\">servicio de aula matinal, comedor escolar o actividades extraescolares. Resolucion provisional de admitidos y suplentes<\/a> <span class=\"c_515151\">N\u00ba: 002563\/1\/A03<\/span><\/div><\/li>\n \t<li>\n<div><a title=\"servicio de aula matinal, comedor escolar o actividades extraescolares. resolucion definitiva de admitidos\/as y suplentes\" href=\"https:\/\/www.juntadeandalucia.es\/haciendayadministracionpublica\/rpa-icms-doc\/icmsDescargaDoc.do?tipo=4b40ba71bf0bae77c7a9e6765035191a&amp;id=694268e3d3d91119cb585572402adcde\">servicio de aula matinal, comedor escolar o actividades extraescolares. resolucion definitiva de admitidos\/as y suplentes<\/a> <span class=\"c_515151\">N\u00ba: 002563\/1\/A04<\/span><\/div><\/li>\n \t<li>\n<div><a title=\"Solicitud de servicio de aula matinal, comedor escolar o actividades extraescolares\" href=\"https:\/\/www.juntadeandalucia.es\/haciendayadministracionpublica\/rpa-icms-doc\/icmsDescargaDoc.do?tipo=4b40ba71bf0bae77c7a9e6765035191a&amp;id=7398742ec1c4291728dacb1565ee2f65\">Solicitud de servicio de aula matinal, comedor escolar o actividades extraescolares<\/a> <span class=\"c_515151\">N\u00ba: 002563\/2D<\/span><\/div><\/li>\n \t<li>\n<div><a title=\"Solicitud de gratuidad\/bonificaci\u00f3n del precio p\u00fablico por los servicios complementarios de aula matinal, comedor escolar y por el servicio de residencia escolar\" href=\"https:\/\/www.juntadeandalucia.es\/haciendayadministracionpublica\/rpa-icms-doc\/icmsDescargaDoc.do?tipo=4b40ba71bf0bae77c7a9e6765035191a&amp;id=4aeeaa35f34f6d429505832acc6de2f3\">Solicitud de gratuidad\/bonificaci\u00f3n del precio p\u00fablico por los servicios complementarios de aula matinal, comedor escolar y por el servicio de residencia escolar<\/a> <span class=\"c_515151\">N\u00ba: 002563\/1\/A05D<\/span><\/div><\/li>\n<\/ul>\n<div class=\"clear\"><\/div>\n<h3>Documentaci\u00f3n<\/h3>\n<div class=\"editor\">\n\nAportar certificado de empadronamiento para acreditar la convivencia en el mismo domicilio de la unidad familiar a efecto de las bonificaciones a las que se refiere el apartado 1 del art\u00edculo 24 de la Orden de 17 de abril de 2017.\n\nPara acreditar la situaci\u00f3n de quienes ostenten la guarda y custodia del alumno o alumna en situaci\u00f3n de dependencia, ser\u00e1 necesaria la certificaci\u00f3n expedida por la Consejer\u00eda competente en materia de dependencia y servicios sociales.\n\nPara acreditar la situaci\u00f3n de v\u00edctima de terrorismo, ser\u00e1 necesaria la certificaci\u00f3n expedida por la Consejer\u00eda competente en materia de v\u00edctimas de terrorismo.\n\nEn el caso de hijos o hijas de mujeres atendidas en centros de acogida para mujeres v\u00edctimas de la violencia de g\u00e9nero, ser\u00e1 necesaria la certificaci\u00f3n de la entidad titular del centro de acogida.\n\nEn el caso del alumno o alumna en situaci\u00f3n de tutela o guarda de la Administraci\u00f3n de la Junta de Andaluc\u00eda, ser\u00e1 necesaria la certificaci\u00f3n expedida por la Consejer\u00eda competente en materia de protecci\u00f3n de menores.\n\nPara acreditar la situaci\u00f3n de dificultad social extrema o riesgo de exclusi\u00f3n, ser\u00e1 necesario presentar una certificaci\u00f3n expedida al efecto por la persona titular de los servicios sociales provinciales donde resida la persona solicitante.\n\nPara acreditar la situaci\u00f3n de cursar estudios conducentes a titulaciones acad\u00e9micas oficiales de las personas que ostenten la guarda y custodia del alumnado ser\u00e1 necesario presentar certificado expedido por el centro docente donde figure estar matriculado y el horario lectivo.\n\nPara acreditar la actividad laboral o profesional de las personas que ostenten la guarda y custodia del alumnado ser\u00e1 necesario presentar, por cada uno de ellos, los documentos que se enumeran en el apartado 2 del art\u00edculo 20 de la Orden de 17 de abril de 2017.\n\nCuando la guarda y custodia sea ejercida por solo uno de los representantes legales deber\u00e1 presentar una copia compulsada del libro de familia o el documento judicial acreditativo de esa circunstancia.\n\nArt\u00edculos 18, 20, 21, 24 y 25 de la Orden de 17 de abril de 2017.\n\n<\/div>\n<h3>Requisitos<\/h3>\n<div class=\"editor\">\n\nCumplimentar la autorizaci\u00f3n a la Consejer\u00eda competente en materia de educaci\u00f3n para obtenci\u00f3n de datos de la Agencia Estatal de Administraci\u00f3n Tributaria, conforme a lo previsto en el art\u00edculo 25.1 de la Orden de 17 de abril de 2017, caso contrario no se tendr\u00e1 derecho a la bonificaci\u00f3n.\n\nEl alumnado causar\u00e1 baja en alguno de los servicios complementarios cuando se produzca el impago de dos recibos del mismo, cuando no se utilice un determinado servicio durante cinco d\u00edas consecutivos sin causa justificada o en los supuestos que as\u00ed se prevean en el Reglamento de Organizaci\u00f3n y Funcionamiento del centro, previa comunicaci\u00f3n de la persona que ejerza la direcci\u00f3n del mismo a los guardadores del alumnado, concedi\u00e9ndoles un plazo de diez d\u00edas para presentar las alegaciones que estimen oportunas, conforme a lo previsto en los apartados 2 y 3 del art\u00edculo 22 de la Orden de 17 de abril de 2017.\n\nEstar al corriente de pago de todos los recibos de los servicios complementarios de los que fuera usuario o usuaria el curso escolar anterior\n\nArt\u00edculo 22 y 25 de la Orden de 17 de abril de 2017.\n\n<\/div>\n<h3>Sujeto a pago<\/h3>\n<\/div>\t\t\t\t\t\t\t\t<\/div>\n\t\t\t\t<\/div>\n\t\t\t\t\t<\/div>\n\t\t<\/div>\n\t\t\t\t\t<\/div>\n\t\t<\/section>\n\t\t\t\t<\/div>\n\t\t","protected":false},"excerpt":{"rendered":"<p>&nbsp;EL Plazo para solicitar la gratuidad\/bonificaci\u00f3n del precio sobre aula matinal y comedor es del 1 al 7 de septiembre. C\u00f3mo realizar el tr\u00e1mite Por internet Solicitud en l\u00ednea. Presencialmente Es imprescindible reservar cita&#46;&#46;&#46;<\/p>\n","protected":false},"author":2224,"featured_media":853,"comment_status":"open","ping_status":"open","sticky":false,"template":"","format":"standard","meta":{"ngg_post_thumbnail":0,"footnotes":""},"categories":[1733794,389296,307646,526,307440,1733910,388594,7191,389187],"tags":[1733797],"aioseo_notices":[],"_links":{"self":[{"href":"https:\/\/blogsaverroes.juntadeandalucia.es\/fglorca\/wp-json\/wp\/v2\/posts\/5853"}],"collection":[{"href":"https:\/\/blogsaverroes.juntadeandalucia.es\/fglorca\/wp-json\/wp\/v2\/posts"}],"about":[{"href":"https:\/\/blogsaverroes.juntadeandalucia.es\/fglorca\/wp-json\/wp\/v2\/types\/post"}],"author":[{"embeddable":true,"href":"https:\/\/blogsaverroes.juntadeandalucia.es\/fglorca\/wp-json\/wp\/v2\/users\/2224"}],"replies":[{"embeddable":true,"href":"https:\/\/blogsaverroes.juntadeandalucia.es\/fglorca\/wp-json\/wp\/v2\/comments?post=5853"}],"version-history":[{"count":4,"href":"https:\/\/blogsaverroes.juntadeandalucia.es\/fglorca\/wp-json\/wp\/v2\/posts\/5853\/revisions"}],"predecessor-version":[{"id":5857,"href":"https:\/\/blogsaverroes.juntadeandalucia.es\/fglorca\/wp-json\/wp\/v2\/posts\/5853\/revisions\/5857"}],"wp:featuredmedia":[{"embeddable":true,"href":"https:\/\/blogsaverroes.juntadeandalucia.es\/fglorca\/wp-json\/wp\/v2\/media\/853"}],"wp:attachment":[{"href":"https:\/\/blogsaverroes.juntadeandalucia.es\/fglorca\/wp-json\/wp\/v2\/media?parent=5853"}],"wp:term":[{"taxonomy":"category","embeddable":true,"href":"https:\/\/blogsaverroes.juntadeandalucia.es\/fglorca\/wp-json\/wp\/v2\/categories?post=5853"},{"taxonomy":"post_tag","embeddable":true,"href":"https:\/\/blogsaverroes.juntadeandalucia.es\/fglorca\/wp-json\/wp\/v2\/tags?post=5853"}],"curies":[{"name":"wp","href":"https:\/\/api.w.org\/{rel}","templated":true}]}}