{"id":6054,"date":"2020-10-01T08:53:28","date_gmt":"2020-10-01T08:53:28","guid":{"rendered":"https:\/\/blogsaverroes.juntadeandalucia.es\/fglorca\/?p=6054"},"modified":"2023-03-11T17:48:29","modified_gmt":"2023-03-11T16:48:29","slug":"reuniones-de-incio-de-los-padres-madres-con-los-tutores-de-cada-clase","status":"publish","type":"post","link":"https:\/\/blogsaverroes.juntadeandalucia.es\/fglorca\/2020\/10\/01\/reuniones-de-incio-de-los-padres-madres-con-los-tutores-de-cada-clase\/","title":{"rendered":"Reuniones de incio de los padres\/madres con los tutores de cada clase."},"content":{"rendered":"\t\t<div data-elementor-type=\"wp-post\" data-elementor-id=\"6054\" class=\"elementor elementor-6054\">\n\t\t\t\t\t\t<section class=\"elementor-section elementor-top-section elementor-element elementor-element-aac5ab2 elementor-section-boxed elementor-section-height-default elementor-section-height-default\" data-id=\"aac5ab2\" data-element_type=\"section\">\n\t\t\t\t\t\t<div class=\"elementor-container elementor-column-gap-default\">\n\t\t\t\t\t<div class=\"elementor-column elementor-col-100 elementor-top-column elementor-element elementor-element-1b5b2a6\" data-id=\"1b5b2a6\" data-element_type=\"column\">\n\t\t\t<div class=\"elementor-widget-wrap elementor-element-populated\">\n\t\t\t\t\t\t<div class=\"elementor-element elementor-element-ffc38d4 elementor-widget elementor-widget-text-editor\" data-id=\"ffc38d4\" data-element_type=\"widget\" data-widget_type=\"text-editor.default\">\n\t\t\t\t<div class=\"elementor-widget-container\">\n\t\t\t\t\t\t\t\t\t<p><img decoding=\"async\" class=\"aligncenter size-full wp-image-5584\" src=\"https:\/\/blogsaverroes.juntadeandalucia.es\/fglorca\/files\/2015\/05\/logo_moodle_centros.png\" alt=\"\" width=\"250\" height=\"101\" srcset=\"https:\/\/blogsaverroes.juntadeandalucia.es\/fglorca\/files\/2015\/05\/logo_moodle_centros.png 250w, https:\/\/blogsaverroes.juntadeandalucia.es\/fglorca\/files\/2015\/05\/logo_moodle_centros-24x10.png 24w, https:\/\/blogsaverroes.juntadeandalucia.es\/fglorca\/files\/2015\/05\/logo_moodle_centros-36x15.png 36w, https:\/\/blogsaverroes.juntadeandalucia.es\/fglorca\/files\/2015\/05\/logo_moodle_centros-48x19.png 48w\" sizes=\"(max-width: 250px) 100vw, 250px\" \/>Durante todo este mes (como todos los a\u00f1os), se est\u00e1n celebrando las reuniones de padres de inicio de curso. Son reuniones importantes, en las que se eligen los delegados de padres\/madres y se tratan aspectos generales para el curso. No son reuniones para tratar temas particulares de cada alumno, ya que para eso tenemos las tutor\u00edas de atenci\u00f3n personalizada.<\/p><p>Este a\u00f1o, dada la especial situaci\u00f3n provocada por la Covid-19, las reuniones generales las tenemos que hacer a distancia mediante videoconferencia. Cada padre\/madre va a recibir una citaci\u00f3n por pasen, con la hora y el enlace de acceso a la sala de videoconferencia.<\/p><p>Estas videoconferencias las realizaremos en la misma plataforma que utilizamos para el alumnado. No es necesario tener contrase\u00f1as, tan s\u00f3lo pulsar sobre el enlace e identificarse con Nombre y Apellido al entrar en la sala. Puede hacerse desde cualquier dispositivo (m\u00f3vil, tablet, pc, SmartTV&#8230;)<\/p><p>Recomendamos estar en una zona con buena cobertura de red m\u00f3vil o de wifi.<\/p><p>Tambi\u00e9n es conveniente mantener los micr\u00f3fonos apagados. Para poder intervenir durante la reuni\u00f3n hay que pulsar en el icono de levantar la mano y esperar a que el moderador nos otorgue la palabra. Entonces se activa el micro. Tambien es recomendable l autilizaci\u00f3n de auriculares, para evitar acoples. En su defecto bajar el volumen del dispositivo cuando se est\u00e1 hablando.<\/p><p><img fetchpriority=\"high\" decoding=\"async\" class=\"aligncenter size-full wp-image-6055\" src=\"https:\/\/blogsaverroes.juntadeandalucia.es\/fglorca\/files\/2020\/10\/Black-board-micro-y-mano.png\" alt=\"\" width=\"607\" height=\"332\" srcset=\"https:\/\/blogsaverroes.juntadeandalucia.es\/fglorca\/files\/2020\/10\/Black-board-micro-y-mano.png 607w, https:\/\/blogsaverroes.juntadeandalucia.es\/fglorca\/files\/2020\/10\/Black-board-micro-y-mano-300x164.png 300w, https:\/\/blogsaverroes.juntadeandalucia.es\/fglorca\/files\/2020\/10\/Black-board-micro-y-mano-24x13.png 24w, https:\/\/blogsaverroes.juntadeandalucia.es\/fglorca\/files\/2020\/10\/Black-board-micro-y-mano-36x20.png 36w, https:\/\/blogsaverroes.juntadeandalucia.es\/fglorca\/files\/2020\/10\/Black-board-micro-y-mano-48x26.png 48w\" sizes=\"(max-width: 607px) 100vw, 607px\" \/><\/p><p>Para todos los padres y madres que no puedan acceder, tanto por problemas de horarios, como t\u00e9cnicos, Los materiales que se expongan se colgar\u00e1n en la web del centro y siempre se puede solicitar tutor\u00eda personal al profesorado para las oportunas aclaraciones.<\/p><p>Las fechas en las que se celebrar\u00e1n estas reuniones son las siguientes:<\/p>\t\t\t\t\t\t\t\t<\/div>\n\t\t\t\t<\/div>\n\t\t\t\t\t<\/div>\n\t\t<\/div>\n\t\t\t\t\t<\/div>\n\t\t<\/section>\n\t\t\t\t<section class=\"elementor-section elementor-top-section elementor-element elementor-element-ceb18b7 elementor-section-boxed elementor-section-height-default elementor-section-height-default\" data-id=\"ceb18b7\" data-element_type=\"section\">\n\t\t\t\t\t\t<div class=\"elementor-container elementor-column-gap-default\">\n\t\t\t\t\t<div class=\"elementor-column elementor-col-100 elementor-top-column elementor-element elementor-element-5e106ca\" data-id=\"5e106ca\" data-element_type=\"column\">\n\t\t\t<div class=\"elementor-widget-wrap elementor-element-populated\">\n\t\t\t\t\t\t<div class=\"elementor-element elementor-element-85d2caa elementor-icon-list--layout-traditional elementor-list-item-link-full_width elementor-widget elementor-widget-icon-list\" data-id=\"85d2caa\" data-element_type=\"widget\" data-widget_type=\"icon-list.default\">\n\t\t\t\t<div class=\"elementor-widget-container\">\n\t\t\t\t\t\t\t<ul class=\"elementor-icon-list-items\">\n\t\t\t\t\t\t\t<li class=\"elementor-icon-list-item\">\n\t\t\t\t\t\t\t\t\t\t\t<span class=\"elementor-icon-list-icon\">\n\t\t\t\t\t\t\t<i aria-hidden=\"true\" class=\"fas fa-chalkboard-teacher\"><\/i>\t\t\t\t\t\t<\/span>\n\t\t\t\t\t\t\t\t\t\t<span class=\"elementor-icon-list-text\">Infantil 3 a\u00f1os. Martes 6 de octubre de 16 a 17 horas<\/span>\n\t\t\t\t\t\t\t\t\t<\/li>\n\t\t\t\t\t\t\t\t<li class=\"elementor-icon-list-item\">\n\t\t\t\t\t\t\t\t\t\t\t<span class=\"elementor-icon-list-icon\">\n\t\t\t\t\t\t\t<i aria-hidden=\"true\" class=\"fas fa-chalkboard-teacher\"><\/i>\t\t\t\t\t\t<\/span>\n\t\t\t\t\t\t\t\t\t\t<span class=\"elementor-icon-list-text\">Infantil 4 a\u00f1os. Mi\u00e9rcoles 7 de octubre de 16 a 17 horas<\/span>\n\t\t\t\t\t\t\t\t\t<\/li>\n\t\t\t\t\t\t\t\t<li class=\"elementor-icon-list-item\">\n\t\t\t\t\t\t\t\t\t\t\t<span class=\"elementor-icon-list-icon\">\n\t\t\t\t\t\t\t<i aria-hidden=\"true\" class=\"fas fa-chalkboard-teacher\"><\/i>\t\t\t\t\t\t<\/span>\n\t\t\t\t\t\t\t\t\t\t<span class=\"elementor-icon-list-text\">Infantil 5 a\u00f1os. Jueves 8 de octubre de 17 a 18 horas<\/span>\n\t\t\t\t\t\t\t\t\t<\/li>\n\t\t\t\t\t\t\t\t<li class=\"elementor-icon-list-item\">\n\t\t\t\t\t\t\t\t\t\t\t<span class=\"elementor-icon-list-icon\">\n\t\t\t\t\t\t\t<i aria-hidden=\"true\" class=\"fas fa-chalkboard-teacher\"><\/i>\t\t\t\t\t\t<\/span>\n\t\t\t\t\t\t\t\t\t\t<span class=\"elementor-icon-list-text\">1\u00ba y 2\u00ba de primaria. Lunes 19 de 18 a 19 horas. <\/span>\n\t\t\t\t\t\t\t\t\t<\/li>\n\t\t\t\t\t\t\t\t<li class=\"elementor-icon-list-item\">\n\t\t\t\t\t\t\t\t\t\t\t<span class=\"elementor-icon-list-icon\">\n\t\t\t\t\t\t\t<i aria-hidden=\"true\" class=\"fas fa-chalkboard-teacher\"><\/i>\t\t\t\t\t\t<\/span>\n\t\t\t\t\t\t\t\t\t\t<span class=\"elementor-icon-list-text\">3\u00ba y 4\u00ba de primaria. Lunes 19 de octubre de 16 a 17 horas.<\/span>\n\t\t\t\t\t\t\t\t\t<\/li>\n\t\t\t\t\t\t\t\t<li class=\"elementor-icon-list-item\">\n\t\t\t\t\t\t\t\t\t\t\t<span class=\"elementor-icon-list-icon\">\n\t\t\t\t\t\t\t<i aria-hidden=\"true\" class=\"fas fa-chalkboard-teacher\"><\/i>\t\t\t\t\t\t<\/span>\n\t\t\t\t\t\t\t\t\t\t<span class=\"elementor-icon-list-text\">5\u00ba y 6\u00ba de primaria. Lunes 19 de 17 a 18 horas.<\/span>\n\t\t\t\t\t\t\t\t\t<\/li>\n\t\t\t\t\t\t\t\t<li class=\"elementor-icon-list-item\">\n\t\t\t\t\t\t\t\t\t\t\t<span class=\"elementor-icon-list-icon\">\n\t\t\t\t\t\t\t<i aria-hidden=\"true\" class=\"fas fa-chalkboard-teacher\"><\/i>\t\t\t\t\t\t<\/span>\n\t\t\t\t\t\t\t\t\t\t<span class=\"elementor-icon-list-text\">1\u00ba y 2\u00ba de ESO. Lunes 19 de octubre de 18 a 19horas. <\/span>\n\t\t\t\t\t\t\t\t\t<\/li>\n\t\t\t\t\t\t<\/ul>\n\t\t\t\t\t\t<\/div>\n\t\t\t\t<\/div>\n\t\t\t\t\t<\/div>\n\t\t<\/div>\n\t\t\t\t\t<\/div>\n\t\t<\/section>\n\t\t\t\t<section class=\"elementor-section elementor-top-section elementor-element elementor-element-eaa01ee elementor-section-boxed elementor-section-height-default elementor-section-height-default\" data-id=\"eaa01ee\" data-element_type=\"section\">\n\t\t\t\t\t\t<div class=\"elementor-container elementor-column-gap-default\">\n\t\t\t\t\t<div class=\"elementor-column elementor-col-100 elementor-top-column elementor-element elementor-element-8ed2b15\" data-id=\"8ed2b15\" data-element_type=\"column\">\n\t\t\t<div class=\"elementor-widget-wrap\">\n\t\t\t\t\t\t\t<\/div>\n\t\t<\/div>\n\t\t\t\t\t<\/div>\n\t\t<\/section>\n\t\t\t\t<\/div>\n\t\t","protected":false},"excerpt":{"rendered":"<p>Durante todo este mes (como todos los a\u00f1os), se est\u00e1n celebrando las reuniones de padres de inicio de curso. Son reuniones importantes, en las que se eligen los delegados de padres\/madres y se tratan&#46;&#46;&#46;<\/p>\n","protected":false},"author":2224,"featured_media":3216,"comment_status":"open","ping_status":"open","sticky":false,"template":"","format":"standard","meta":{"ngg_post_thumbnail":0,"footnotes":""},"categories":[389296,307646,307440,1733910,1733809,307469],"tags":[1733789,1733810,611293,1733811],"aioseo_notices":[],"_links":{"self":[{"href":"https:\/\/blogsaverroes.juntadeandalucia.es\/fglorca\/wp-json\/wp\/v2\/posts\/6054"}],"collection":[{"href":"https:\/\/blogsaverroes.juntadeandalucia.es\/fglorca\/wp-json\/wp\/v2\/posts"}],"about":[{"href":"https:\/\/blogsaverroes.juntadeandalucia.es\/fglorca\/wp-json\/wp\/v2\/types\/post"}],"author":[{"embeddable":true,"href":"https:\/\/blogsaverroes.juntadeandalucia.es\/fglorca\/wp-json\/wp\/v2\/users\/2224"}],"replies":[{"embeddable":true,"href":"https:\/\/blogsaverroes.juntadeandalucia.es\/fglorca\/wp-json\/wp\/v2\/comments?post=6054"}],"version-history":[{"count":4,"href":"https:\/\/blogsaverroes.juntadeandalucia.es\/fglorca\/wp-json\/wp\/v2\/posts\/6054\/revisions"}],"predecessor-version":[{"id":7071,"href":"https:\/\/blogsaverroes.juntadeandalucia.es\/fglorca\/wp-json\/wp\/v2\/posts\/6054\/revisions\/7071"}],"wp:featuredmedia":[{"embeddable":true,"href":"https:\/\/blogsaverroes.juntadeandalucia.es\/fglorca\/wp-json\/wp\/v2\/media\/3216"}],"wp:attachment":[{"href":"https:\/\/blogsaverroes.juntadeandalucia.es\/fglorca\/wp-json\/wp\/v2\/media?parent=6054"}],"wp:term":[{"taxonomy":"category","embeddable":true,"href":"https:\/\/blogsaverroes.juntadeandalucia.es\/fglorca\/wp-json\/wp\/v2\/categories?post=6054"},{"taxonomy":"post_tag","embeddable":true,"href":"https:\/\/blogsaverroes.juntadeandalucia.es\/fglorca\/wp-json\/wp\/v2\/tags?post=6054"}],"curies":[{"name":"wp","href":"https:\/\/api.w.org\/{rel}","templated":true}]}}