{"id":6373,"date":"2021-03-25T08:00:46","date_gmt":"2021-03-25T08:00:46","guid":{"rendered":"https:\/\/blogsaverroes.juntadeandalucia.es\/fglorca\/?p=6373"},"modified":"2023-03-11T17:48:25","modified_gmt":"2023-03-11T16:48:25","slug":"final-del-segundo-trimestre","status":"publish","type":"post","link":"https:\/\/blogsaverroes.juntadeandalucia.es\/fglorca\/2021\/03\/25\/final-del-segundo-trimestre\/","title":{"rendered":"Final del segundo trimestre"},"content":{"rendered":"\t\t<div data-elementor-type=\"wp-post\" data-elementor-id=\"6373\" class=\"elementor elementor-6373\">\n\t\t\t\t\t\t<section class=\"elementor-section elementor-top-section elementor-element elementor-element-8117554 elementor-section-boxed elementor-section-height-default elementor-section-height-default\" data-id=\"8117554\" data-element_type=\"section\">\n\t\t\t\t\t\t<div class=\"elementor-container elementor-column-gap-default\">\n\t\t\t\t\t<div class=\"elementor-column elementor-col-100 elementor-top-column elementor-element elementor-element-db9b23e\" data-id=\"db9b23e\" data-element_type=\"column\">\n\t\t\t<div class=\"elementor-widget-wrap elementor-element-populated\">\n\t\t\t\t\t\t<div class=\"elementor-element elementor-element-230a106 elementor-widget elementor-widget-image\" data-id=\"230a106\" data-element_type=\"widget\" data-widget_type=\"image.default\">\n\t\t\t\t<div class=\"elementor-widget-container\">\n\t\t\t\t\t\t\t\t\t\t\t\t\t\t\t<img fetchpriority=\"high\" decoding=\"async\" width=\"300\" height=\"206\" src=\"https:\/\/blogsaverroes.juntadeandalucia.es\/fglorca\/files\/2021\/03\/pizarron-felices-vacaciones-3-300x206.jpg\" class=\"attachment-medium size-medium wp-image-6374\" alt=\"\" srcset=\"https:\/\/blogsaverroes.juntadeandalucia.es\/fglorca\/files\/2021\/03\/pizarron-felices-vacaciones-3-300x206.jpg 300w, https:\/\/blogsaverroes.juntadeandalucia.es\/fglorca\/files\/2021\/03\/pizarron-felices-vacaciones-3.jpg 400w\" sizes=\"(max-width: 300px) 100vw, 300px\" \/>\t\t\t\t\t\t\t\t\t\t\t\t\t\t\t<\/div>\n\t\t\t\t<\/div>\n\t\t\t\t\t<\/div>\n\t\t<\/div>\n\t\t\t\t\t<\/div>\n\t\t<\/section>\n\t\t\t\t<section class=\"elementor-section elementor-top-section elementor-element elementor-element-f276bb6 elementor-section-boxed elementor-section-height-default elementor-section-height-default\" data-id=\"f276bb6\" data-element_type=\"section\">\n\t\t\t\t\t\t<div class=\"elementor-container elementor-column-gap-default\">\n\t\t\t\t\t<div class=\"elementor-column elementor-col-100 elementor-top-column elementor-element elementor-element-25c8df1\" data-id=\"25c8df1\" data-element_type=\"column\">\n\t\t\t<div class=\"elementor-widget-wrap elementor-element-populated\">\n\t\t\t\t\t\t<div class=\"elementor-element elementor-element-2cc1ba4 elementor-widget elementor-widget-text-editor\" data-id=\"2cc1ba4\" data-element_type=\"widget\" data-widget_type=\"text-editor.default\">\n\t\t\t\t<div class=\"elementor-widget-container\">\n\t\t\t\t\t\t\t\t\t<p>Estimados miembros de la Comunidad Educativa del CEIP Federico Garc\u00eda Lorca. Terminamos un nuevo trimestre, en este curso tan complicado. Les recordamos que a partir de ma\u00f1ana viernes 26, estar\u00e1n disponibles en iPasen las notas definitivas de la segunda evaluaci\u00f3n y en los puntos de recogida de iPasen los boletines para su descarga.<\/p><p>Recuerden que estas notas son una forma m\u00e1s, de informar sobre la evoluci\u00f3n de sus hijos\/as, desde que comenzamos el curso. Forman parte de un proceso de evaluaci\u00f3n cont\u00ednua que se realiza desde los primeros d\u00edas del curso y que terminar\u00e1 en la evaluaci\u00f3n final. A partir del s\u00e1bado 27 comienzan las vacaciones de Semana Santa y volvemos a las clases el lunes 5 de abril. Desde ese lunes 5, pueden solicitar cita con sus respectivos tutores\/as o el resto de docentes de sus hijos\/as, para aclarar dudas y\/o mantenerse informados de la evaluaci\u00f3n de sus hijos\/as.<\/p><p>Un saludo.<\/p>\t\t\t\t\t\t\t\t<\/div>\n\t\t\t\t<\/div>\n\t\t\t\t\t<\/div>\n\t\t<\/div>\n\t\t\t\t\t<\/div>\n\t\t<\/section>\n\t\t\t\t<section class=\"elementor-section elementor-top-section elementor-element elementor-element-0711d57 elementor-section-boxed elementor-section-height-default elementor-section-height-default\" data-id=\"0711d57\" data-element_type=\"section\">\n\t\t\t\t\t\t<div class=\"elementor-container elementor-column-gap-default\">\n\t\t\t\t\t<div class=\"elementor-column elementor-col-100 elementor-top-column elementor-element elementor-element-887eb85\" data-id=\"887eb85\" data-element_type=\"column\">\n\t\t\t<div class=\"elementor-widget-wrap elementor-element-populated\">\n\t\t\t\t\t\t<div class=\"elementor-element elementor-element-954a1ea elementor-widget elementor-widget-video\" data-id=\"954a1ea\" data-element_type=\"widget\" data-settings=\"{&quot;youtube_url&quot;:&quot;https:\\\/\\\/youtu.be\\\/K7s5wXWcEdc&quot;,&quot;video_type&quot;:&quot;youtube&quot;,&quot;controls&quot;:&quot;yes&quot;}\" data-widget_type=\"video.default\">\n\t\t\t\t<div class=\"elementor-widget-container\">\n\t\t\t\t\t\t\t<div class=\"elementor-wrapper elementor-open-inline\">\n\t\t\t<div class=\"elementor-video\"><\/div>\t\t<\/div>\n\t\t\t\t\t\t<\/div>\n\t\t\t\t<\/div>\n\t\t\t\t\t<\/div>\n\t\t<\/div>\n\t\t\t\t\t<\/div>\n\t\t<\/section>\n\t\t\t\t<\/div>\n\t\t","protected":false},"excerpt":{"rendered":"<p>Estimados miembros de la Comunidad Educativa del CEIP Federico Garc\u00eda Lorca. Terminamos un nuevo trimestre, en este curso tan complicado. Les recordamos que a partir de ma\u00f1ana viernes 26, estar\u00e1n disponibles en iPasen las&#46;&#46;&#46;<\/p>\n","protected":false},"author":2224,"featured_media":6374,"comment_status":"open","ping_status":"open","sticky":false,"template":"","format":"standard","meta":{"ngg_post_thumbnail":0,"footnotes":""},"categories":[1733798,389296,307646,19,384867,307440,1733910,388594,389187,1733809],"tags":[307544,1699210,3804,9443,1733834],"aioseo_notices":[],"_links":{"self":[{"href":"https:\/\/blogsaverroes.juntadeandalucia.es\/fglorca\/wp-json\/wp\/v2\/posts\/6373"}],"collection":[{"href":"https:\/\/blogsaverroes.juntadeandalucia.es\/fglorca\/wp-json\/wp\/v2\/posts"}],"about":[{"href":"https:\/\/blogsaverroes.juntadeandalucia.es\/fglorca\/wp-json\/wp\/v2\/types\/post"}],"author":[{"embeddable":true,"href":"https:\/\/blogsaverroes.juntadeandalucia.es\/fglorca\/wp-json\/wp\/v2\/users\/2224"}],"replies":[{"embeddable":true,"href":"https:\/\/blogsaverroes.juntadeandalucia.es\/fglorca\/wp-json\/wp\/v2\/comments?post=6373"}],"version-history":[{"count":4,"href":"https:\/\/blogsaverroes.juntadeandalucia.es\/fglorca\/wp-json\/wp\/v2\/posts\/6373\/revisions"}],"predecessor-version":[{"id":7696,"href":"https:\/\/blogsaverroes.juntadeandalucia.es\/fglorca\/wp-json\/wp\/v2\/posts\/6373\/revisions\/7696"}],"wp:featuredmedia":[{"embeddable":true,"href":"https:\/\/blogsaverroes.juntadeandalucia.es\/fglorca\/wp-json\/wp\/v2\/media\/6374"}],"wp:attachment":[{"href":"https:\/\/blogsaverroes.juntadeandalucia.es\/fglorca\/wp-json\/wp\/v2\/media?parent=6373"}],"wp:term":[{"taxonomy":"category","embeddable":true,"href":"https:\/\/blogsaverroes.juntadeandalucia.es\/fglorca\/wp-json\/wp\/v2\/categories?post=6373"},{"taxonomy":"post_tag","embeddable":true,"href":"https:\/\/blogsaverroes.juntadeandalucia.es\/fglorca\/wp-json\/wp\/v2\/tags?post=6373"}],"curies":[{"name":"wp","href":"https:\/\/api.w.org\/{rel}","templated":true}]}}