{"id":68,"date":"2011-03-23T17:11:04","date_gmt":"2011-03-23T16:11:04","guid":{"rendered":"http:\/\/web.fglorca.es\/?p=68"},"modified":"2023-04-15T09:49:40","modified_gmt":"2023-04-15T08:49:40","slug":"leer-esta-de-moda-2","status":"publish","type":"post","link":"https:\/\/blogsaverroes.juntadeandalucia.es\/fglorca\/2011\/03\/23\/leer-esta-de-moda-2\/","title":{"rendered":"LEER EST\u00c1 DE MODA"},"content":{"rendered":"<p style=\"margin-bottom: 0cm\">LEER EST\u00c1 DE MODA<\/p>\n<p style=\"margin-bottom: 0cm\">S\u00ed, leer est\u00e1 de moda. O deber\u00eda estarlo.<\/p>\n<p style=\"margin-bottom: 0cm\">En este mundo actual, toda la informaci\u00f3n, las noticias, las novelas que nos emocionaron y nos emocionan nos llegan a trav\u00e9s de una pantalla. Las nuevas tecnolog\u00edas han llegado para quedarse.<\/p>\n<p style=\"margin-bottom: 0cm\">Pero no olvidemos una cosa. Para acceder a esta informaci\u00f3n tenemos que seguir leyendo. Y leer no es s\u00f3lo saber descifrar un c\u00f3digo compuesto por letras. Hay que entender lo que leemos.<\/p>\n<p style=\"margin-bottom: 0cm\">Por eso, leas en el formato que quieras leer&#8230; DISFRUTA.<\/p>\n<p style=\"margin-bottom: 0cm\">Y recuerda, si tienes problemas para entender bien lo que lees, consulta con tu profesor o profesora.<\/p>\n<p style=\"margin-bottom: 0cm\">\u00a0<\/p>\n<p style=\"margin-bottom: 0cm\">No te pierdas lo que est\u00e1 pasando ah\u00ed fuera.<\/p>\n<p style=\"margin-bottom: 0cm\">\u00a0<\/p>\n<p>\u00a0<\/p>\n<p><a href=\"http:\/\/vimeo.com\/15503812\">leer esta de moda<\/a> from <a href=\"http:\/\/vimeo.com\/user4293151\">antonioprofe<\/a> on <a href=\"http:\/\/vimeo.com\">Vimeo<\/a>.<\/p>\n","protected":false},"excerpt":{"rendered":"<p>LEER EST\u00c1 DE MODA S\u00ed, leer est\u00e1 de moda. O deber\u00eda estarlo. En este mundo actual, toda la informaci\u00f3n, las noticias, las novelas que nos emocionaron y nos emocionan nos llegan a trav\u00e9s de&#46;&#46;&#46;<\/p>\n","protected":false},"author":2224,"featured_media":0,"comment_status":"closed","ping_status":"open","sticky":false,"template":"","format":"standard","meta":{"ngg_post_thumbnail":0,"footnotes":""},"categories":[307509,307526,1733910],"tags":[611306],"aioseo_notices":[],"_links":{"self":[{"href":"https:\/\/blogsaverroes.juntadeandalucia.es\/fglorca\/wp-json\/wp\/v2\/posts\/68"}],"collection":[{"href":"https:\/\/blogsaverroes.juntadeandalucia.es\/fglorca\/wp-json\/wp\/v2\/posts"}],"about":[{"href":"https:\/\/blogsaverroes.juntadeandalucia.es\/fglorca\/wp-json\/wp\/v2\/types\/post"}],"author":[{"embeddable":true,"href":"https:\/\/blogsaverroes.juntadeandalucia.es\/fglorca\/wp-json\/wp\/v2\/users\/2224"}],"replies":[{"embeddable":true,"href":"https:\/\/blogsaverroes.juntadeandalucia.es\/fglorca\/wp-json\/wp\/v2\/comments?post=68"}],"version-history":[{"count":1,"href":"https:\/\/blogsaverroes.juntadeandalucia.es\/fglorca\/wp-json\/wp\/v2\/posts\/68\/revisions"}],"predecessor-version":[{"id":11871,"href":"https:\/\/blogsaverroes.juntadeandalucia.es\/fglorca\/wp-json\/wp\/v2\/posts\/68\/revisions\/11871"}],"wp:attachment":[{"href":"https:\/\/blogsaverroes.juntadeandalucia.es\/fglorca\/wp-json\/wp\/v2\/media?parent=68"}],"wp:term":[{"taxonomy":"category","embeddable":true,"href":"https:\/\/blogsaverroes.juntadeandalucia.es\/fglorca\/wp-json\/wp\/v2\/categories?post=68"},{"taxonomy":"post_tag","embeddable":true,"href":"https:\/\/blogsaverroes.juntadeandalucia.es\/fglorca\/wp-json\/wp\/v2\/tags?post=68"}],"curies":[{"name":"wp","href":"https:\/\/api.w.org\/{rel}","templated":true}]}}