{"id":7319,"date":"2022-01-30T15:43:41","date_gmt":"2022-01-30T15:43:41","guid":{"rendered":"https:\/\/blogsaverroes.juntadeandalucia.es\/fglorca\/?p=7319"},"modified":"2024-12-24T13:25:48","modified_gmt":"2024-12-24T12:25:48","slug":"30-de-enero","status":"publish","type":"post","link":"https:\/\/blogsaverroes.juntadeandalucia.es\/fglorca\/2022\/01\/30\/30-de-enero\/","title":{"rendered":"30 de enero 2022. El D\u00eda de la Paz en el Federico."},"content":{"rendered":"\t\t<div data-elementor-type=\"wp-post\" data-elementor-id=\"7319\" class=\"elementor elementor-7319\">\n\t\t\t\t\t\t<section class=\"elementor-section elementor-top-section elementor-element elementor-element-86265e3 elementor-section-boxed elementor-section-height-default elementor-section-height-default\" data-id=\"86265e3\" data-element_type=\"section\">\n\t\t\t\t\t\t<div class=\"elementor-container elementor-column-gap-default\">\n\t\t\t\t\t<div class=\"elementor-column elementor-col-100 elementor-top-column elementor-element elementor-element-9774f9d\" data-id=\"9774f9d\" data-element_type=\"column\">\n\t\t\t<div class=\"elementor-widget-wrap elementor-element-populated\">\n\t\t\t\t\t\t<div class=\"elementor-element elementor-element-658c88e elementor-widget elementor-widget-heading\" data-id=\"658c88e\" data-element_type=\"widget\" data-widget_type=\"heading.default\">\n\t\t\t\t<div class=\"elementor-widget-container\">\n\t\t\t\t\t<h2 class=\"elementor-heading-title elementor-size-default\">D\u00eda de la Paz en nuestro cole...<\/h2>\t\t\t\t<\/div>\n\t\t\t\t<\/div>\n\t\t\t\t\t<\/div>\n\t\t<\/div>\n\t\t\t\t\t<\/div>\n\t\t<\/section>\n\t\t\t\t<section class=\"elementor-section elementor-top-section elementor-element elementor-element-0a6f8aa elementor-section-boxed elementor-section-height-default elementor-section-height-default\" data-id=\"0a6f8aa\" data-element_type=\"section\">\n\t\t\t\t\t\t<div class=\"elementor-container elementor-column-gap-default\">\n\t\t\t\t\t<div class=\"elementor-column elementor-col-100 elementor-top-column elementor-element elementor-element-e87e83b\" data-id=\"e87e83b\" data-element_type=\"column\">\n\t\t\t<div class=\"elementor-widget-wrap elementor-element-populated\">\n\t\t\t\t\t\t\t<\/div>\n\t\t<\/div>\n\t\t\t\t\t<\/div>\n\t\t<\/section>\n\t\t\t\t<section class=\"elementor-section elementor-top-section elementor-element elementor-element-664f280 elementor-section-boxed elementor-section-height-default elementor-section-height-default\" data-id=\"664f280\" data-element_type=\"section\">\n\t\t\t\t\t\t<div class=\"elementor-container elementor-column-gap-default\">\n\t\t\t\t\t<div class=\"elementor-column elementor-col-100 elementor-top-column elementor-element elementor-element-782516f\" data-id=\"782516f\" data-element_type=\"column\">\n\t\t\t<div class=\"elementor-widget-wrap elementor-element-populated\">\n\t\t\t\t\t\t<div class=\"elementor-element elementor-element-3751c25 elementor-widget elementor-widget-text-editor\" data-id=\"3751c25\" data-element_type=\"widget\" data-widget_type=\"text-editor.default\">\n\t\t\t\t<div class=\"elementor-widget-container\">\n\t\t\t\t\t\t\t\t\t<p>Conversando con nuestro alumnado en la Asamblea, partiendo de la siguiente pregunta\u00a0 &#8230; \u00bfqu\u00e9 es para ti la Paz? surgen frases tan bonitas, que a las se\u00f1os de infantil se nos ocurre recogerlas en un padlet. Que queremos compartir con tod@s vosotr@s.<\/p>\t\t\t\t\t\t\t\t<\/div>\n\t\t\t\t<\/div>\n\t\t\t\t\t<\/div>\n\t\t<\/div>\n\t\t\t\t\t<\/div>\n\t\t<\/section>\n\t\t\t\t<section class=\"elementor-section elementor-top-section elementor-element elementor-element-1b6d700 elementor-section-boxed elementor-section-height-default elementor-section-height-default\" data-id=\"1b6d700\" data-element_type=\"section\">\n\t\t\t\t\t\t<div class=\"elementor-container elementor-column-gap-default\">\n\t\t\t\t\t<div class=\"elementor-column elementor-col-100 elementor-top-column elementor-element elementor-element-fc2baeb\" data-id=\"fc2baeb\" data-element_type=\"column\">\n\t\t\t<div class=\"elementor-widget-wrap elementor-element-populated\">\n\t\t\t\t\t\t<div class=\"elementor-element elementor-element-e3ce39a elementor-widget elementor-widget-shortcode\" data-id=\"e3ce39a\" data-element_type=\"widget\" data-widget_type=\"shortcode.default\">\n\t\t\t\t<div class=\"elementor-widget-container\">\n\t\t\t\t\t\t\t<div class=\"elementor-shortcode\">[h5p id=\"2\"]<\/div>\n\t\t\t\t\t\t<\/div>\n\t\t\t\t<\/div>\n\t\t\t\t\t<\/div>\n\t\t<\/div>\n\t\t\t\t\t<\/div>\n\t\t<\/section>\n\t\t\t\t<section class=\"elementor-section elementor-top-section elementor-element elementor-element-de70f85 elementor-section-boxed elementor-section-height-default elementor-section-height-default\" data-id=\"de70f85\" data-element_type=\"section\">\n\t\t\t\t\t\t<div class=\"elementor-container elementor-column-gap-default\">\n\t\t\t\t\t<div class=\"elementor-column elementor-col-100 elementor-top-column elementor-element elementor-element-f3653a7\" data-id=\"f3653a7\" data-element_type=\"column\">\n\t\t\t<div class=\"elementor-widget-wrap elementor-element-populated\">\n\t\t\t\t\t\t<div class=\"elementor-element elementor-element-69e7e29 elementor-widget elementor-widget-text-editor\" data-id=\"69e7e29\" data-element_type=\"widget\" data-widget_type=\"text-editor.default\">\n\t\t\t\t<div class=\"elementor-widget-container\">\n\t\t\t\t\t\t\t\t\t<p><span style=\"font-size: 16pt\"><strong>Adem\u00e1s en clase se realizan diferentes actividades para celebrar este d\u00eda tan especial tan especial.<\/strong><\/span><\/p>\t\t\t\t\t\t\t\t<\/div>\n\t\t\t\t<\/div>\n\t\t\t\t\t<\/div>\n\t\t<\/div>\n\t\t\t\t\t<\/div>\n\t\t<\/section>\n\t\t\t\t<section class=\"elementor-section elementor-top-section elementor-element elementor-element-b4f9dd6 elementor-section-boxed elementor-section-height-default elementor-section-height-default\" data-id=\"b4f9dd6\" data-element_type=\"section\">\n\t\t\t\t\t\t<div class=\"elementor-container elementor-column-gap-default\">\n\t\t\t\t\t<div class=\"elementor-column elementor-col-100 elementor-top-column elementor-element elementor-element-c6779c6\" data-id=\"c6779c6\" data-element_type=\"column\">\n\t\t\t<div class=\"elementor-widget-wrap elementor-element-populated\">\n\t\t\t\t\t\t<div class=\"elementor-element elementor-element-e43107b elementor-icon-list--layout-traditional elementor-list-item-link-full_width elementor-invisible elementor-widget elementor-widget-icon-list\" data-id=\"e43107b\" data-element_type=\"widget\" data-settings=\"{&quot;_animation&quot;:&quot;fadeInDown&quot;}\" data-widget_type=\"icon-list.default\">\n\t\t\t\t<div class=\"elementor-widget-container\">\n\t\t\t\t\t\t\t<ul class=\"elementor-icon-list-items\">\n\t\t\t\t\t\t\t<li class=\"elementor-icon-list-item\">\n\t\t\t\t\t\t\t\t\t\t\t<span class=\"elementor-icon-list-icon\">\n\t\t\t\t\t\t\t<i aria-hidden=\"true\" class=\"fas fa-check\"><\/i>\t\t\t\t\t\t<\/span>\n\t\t\t\t\t\t\t\t\t\t<span class=\"elementor-icon-list-text\">Leemos el cuento \"El copo azul\" un precioso cuento de la autora Nayra Suarez.<\/span>\n\t\t\t\t\t\t\t\t\t<\/li>\n\t\t\t\t\t\t<\/ul>\n\t\t\t\t\t\t<\/div>\n\t\t\t\t<\/div>\n\t\t\t\t\t<\/div>\n\t\t<\/div>\n\t\t\t\t\t<\/div>\n\t\t<\/section>\n\t\t\t\t<section class=\"elementor-section elementor-top-section elementor-element elementor-element-f137fc7 elementor-section-boxed elementor-section-height-default elementor-section-height-default\" data-id=\"f137fc7\" data-element_type=\"section\">\n\t\t\t\t\t\t<div class=\"elementor-container elementor-column-gap-default\">\n\t\t\t\t\t<div class=\"elementor-column elementor-col-100 elementor-top-column elementor-element elementor-element-c377786\" data-id=\"c377786\" data-element_type=\"column\">\n\t\t\t<div class=\"elementor-widget-wrap elementor-element-populated\">\n\t\t\t\t\t\t<div class=\"elementor-element elementor-element-103df31 elementor-widget elementor-widget-image\" data-id=\"103df31\" data-element_type=\"widget\" data-widget_type=\"image.default\">\n\t\t\t\t<div class=\"elementor-widget-container\">\n\t\t\t\t\t\t\t\t\t\t\t\t\t\t\t<img fetchpriority=\"high\" decoding=\"async\" width=\"768\" height=\"768\" src=\"https:\/\/blogsaverroes.juntadeandalucia.es\/fglorca\/files\/2022\/01\/El-copo-azul-768x768.jpg\" class=\"attachment-medium_large size-medium_large wp-image-7339\" alt=\"\" srcset=\"https:\/\/blogsaverroes.juntadeandalucia.es\/fglorca\/files\/2022\/01\/El-copo-azul-768x768.jpg 768w, https:\/\/blogsaverroes.juntadeandalucia.es\/fglorca\/files\/2022\/01\/El-copo-azul-300x300.jpg 300w, https:\/\/blogsaverroes.juntadeandalucia.es\/fglorca\/files\/2022\/01\/El-copo-azul-1024x1024.jpg 1024w, https:\/\/blogsaverroes.juntadeandalucia.es\/fglorca\/files\/2022\/01\/El-copo-azul-150x150.jpg 150w, https:\/\/blogsaverroes.juntadeandalucia.es\/fglorca\/files\/2022\/01\/El-copo-azul-100x100.jpg 100w, https:\/\/blogsaverroes.juntadeandalucia.es\/fglorca\/files\/2022\/01\/El-copo-azul-1536x1536.jpg 1536w, https:\/\/blogsaverroes.juntadeandalucia.es\/fglorca\/files\/2022\/01\/El-copo-azul-80x80.jpg 80w, https:\/\/blogsaverroes.juntadeandalucia.es\/fglorca\/files\/2022\/01\/El-copo-azul-320x320.jpg 320w, https:\/\/blogsaverroes.juntadeandalucia.es\/fglorca\/files\/2022\/01\/El-copo-azul-24x24.jpg 24w, https:\/\/blogsaverroes.juntadeandalucia.es\/fglorca\/files\/2022\/01\/El-copo-azul-36x36.jpg 36w, https:\/\/blogsaverroes.juntadeandalucia.es\/fglorca\/files\/2022\/01\/El-copo-azul-48x48.jpg 48w, https:\/\/blogsaverroes.juntadeandalucia.es\/fglorca\/files\/2022\/01\/El-copo-azul-50x50.jpg 50w, https:\/\/blogsaverroes.juntadeandalucia.es\/fglorca\/files\/2022\/01\/El-copo-azul.jpg 1600w\" sizes=\"(max-width: 768px) 100vw, 768px\" \/>\t\t\t\t\t\t\t\t\t\t\t\t\t\t\t<\/div>\n\t\t\t\t<\/div>\n\t\t\t\t\t<\/div>\n\t\t<\/div>\n\t\t\t\t\t<\/div>\n\t\t<\/section>\n\t\t\t\t<section class=\"elementor-section elementor-top-section elementor-element elementor-element-f89071e elementor-section-boxed elementor-section-height-default elementor-section-height-default\" data-id=\"f89071e\" data-element_type=\"section\">\n\t\t\t\t\t\t<div class=\"elementor-container elementor-column-gap-default\">\n\t\t\t\t\t<div class=\"elementor-column elementor-col-100 elementor-top-column elementor-element elementor-element-a5dc52a\" data-id=\"a5dc52a\" data-element_type=\"column\">\n\t\t\t<div class=\"elementor-widget-wrap elementor-element-populated\">\n\t\t\t\t\t\t<div class=\"elementor-element elementor-element-7c7fd7a elementor-icon-list--layout-traditional elementor-list-item-link-full_width elementor-invisible elementor-widget elementor-widget-icon-list\" data-id=\"7c7fd7a\" data-element_type=\"widget\" data-settings=\"{&quot;_animation&quot;:&quot;fadeInDown&quot;}\" data-widget_type=\"icon-list.default\">\n\t\t\t\t<div class=\"elementor-widget-container\">\n\t\t\t\t\t\t\t<ul class=\"elementor-icon-list-items\">\n\t\t\t\t\t\t\t<li class=\"elementor-icon-list-item\">\n\t\t\t\t\t\t\t\t\t\t\t<span class=\"elementor-icon-list-icon\">\n\t\t\t\t\t\t\t<i aria-hidden=\"true\" class=\"fas fa-check\"><\/i>\t\t\t\t\t\t<\/span>\n\t\t\t\t\t\t\t\t\t\t<span class=\"elementor-icon-list-text\">Elaboramos unas preciosas mascarillas de la Paz, idea original de @techerinmita.<\/span>\n\t\t\t\t\t\t\t\t\t<\/li>\n\t\t\t\t\t\t\t\t<li class=\"elementor-icon-list-item\">\n\t\t\t\t\t\t\t\t\t\t\t<span class=\"elementor-icon-list-icon\">\n\t\t\t\t\t\t\t<i aria-hidden=\"true\" class=\"fas fa-check\"><\/i>\t\t\t\t\t\t<\/span>\n\t\t\t\t\t\t\t\t\t\t<span class=\"elementor-icon-list-text\">Jugamos a juegos colaborativos y realizamos preciosas ilustraciones.<\/span>\n\t\t\t\t\t\t\t\t\t<\/li>\n\t\t\t\t\t\t<\/ul>\n\t\t\t\t\t\t<\/div>\n\t\t\t\t<\/div>\n\t\t\t\t\t<\/div>\n\t\t<\/div>\n\t\t\t\t\t<\/div>\n\t\t<\/section>\n\t\t\t\t<section class=\"elementor-section elementor-top-section elementor-element elementor-element-5117337 elementor-section-boxed elementor-section-height-default elementor-section-height-default\" data-id=\"5117337\" data-element_type=\"section\">\n\t\t\t\t\t\t<div class=\"elementor-container elementor-column-gap-default\">\n\t\t\t\t\t<div class=\"elementor-column elementor-col-100 elementor-top-column elementor-element elementor-element-bdbe2ce\" data-id=\"bdbe2ce\" data-element_type=\"column\">\n\t\t\t<div class=\"elementor-widget-wrap elementor-element-populated\">\n\t\t\t\t\t\t<div class=\"elementor-element elementor-element-3b641fa elementor-arrows-position-outside elementor-pagination-position-outside elementor-widget elementor-widget-image-carousel\" data-id=\"3b641fa\" data-element_type=\"widget\" data-settings=\"{&quot;slides_to_show&quot;:&quot;1&quot;,&quot;navigation&quot;:&quot;both&quot;,&quot;autoplay&quot;:&quot;yes&quot;,&quot;pause_on_hover&quot;:&quot;yes&quot;,&quot;pause_on_interaction&quot;:&quot;yes&quot;,&quot;autoplay_speed&quot;:5000,&quot;infinite&quot;:&quot;yes&quot;,&quot;effect&quot;:&quot;slide&quot;,&quot;speed&quot;:500}\" data-widget_type=\"image-carousel.default\">\n\t\t\t\t<div class=\"elementor-widget-container\">\n\t\t\t\t\t\t\t<div class=\"elementor-image-carousel-wrapper swiper\" role=\"region\" aria-roledescription=\"carousel\" aria-label=\"Carrusel de im\u00e1genes\" dir=\"ltr\">\n\t\t\t<div class=\"elementor-image-carousel swiper-wrapper swiper-image-stretch\" aria-live=\"off\">\n\t\t\t\t\t\t\t\t<div class=\"swiper-slide\" role=\"group\" aria-roledescription=\"slide\" aria-label=\"1 de 17\"><figure class=\"swiper-slide-inner\"><img decoding=\"async\" class=\"swiper-slide-image\" src=\"https:\/\/blogsaverroes.juntadeandalucia.es\/fglorca\/files\/2022\/01\/WhatsApp-Image-2022-01-29-at-21.01.58-768x625.jpeg\" alt=\"WhatsApp Image 2022-01-29 at 21.01.58\" \/><\/figure><\/div><div class=\"swiper-slide\" role=\"group\" aria-roledescription=\"slide\" aria-label=\"2 de 17\"><figure class=\"swiper-slide-inner\"><img decoding=\"async\" class=\"swiper-slide-image\" src=\"https:\/\/blogsaverroes.juntadeandalucia.es\/fglorca\/files\/2022\/01\/WhatsApp-Image-2022-01-29-at-21.01.59-768x476.jpeg\" alt=\"WhatsApp Image 2022-01-29 at 21.01.59\" \/><\/figure><\/div><div class=\"swiper-slide\" role=\"group\" aria-roledescription=\"slide\" aria-label=\"3 de 17\"><figure class=\"swiper-slide-inner\"><img decoding=\"async\" class=\"swiper-slide-image\" src=\"https:\/\/blogsaverroes.juntadeandalucia.es\/fglorca\/files\/2022\/01\/WhatsApp-Image-2022-01-29-at-21.01.58-1-768x768.jpeg\" alt=\"Mascarillas Paz\" \/><\/figure><\/div><div class=\"swiper-slide\" role=\"group\" aria-roledescription=\"slide\" aria-label=\"4 de 17\"><figure class=\"swiper-slide-inner\"><img decoding=\"async\" class=\"swiper-slide-image\" src=\"https:\/\/blogsaverroes.juntadeandalucia.es\/fglorca\/files\/2022\/01\/WhatsApp-Image-2022-01-29-at-21.18.44-1-768x576.jpeg\" alt=\"D\u00eda de la Paz\" \/><\/figure><\/div><div class=\"swiper-slide\" role=\"group\" aria-roledescription=\"slide\" aria-label=\"5 de 17\"><figure class=\"swiper-slide-inner\"><img decoding=\"async\" class=\"swiper-slide-image\" src=\"https:\/\/blogsaverroes.juntadeandalucia.es\/fglorca\/files\/2022\/01\/WhatsApp-Image-2022-01-31-at-16.34.44-768x561.jpeg\" alt=\"WhatsApp Image 2022-01-31 at 16.34.44\" \/><\/figure><\/div><div class=\"swiper-slide\" role=\"group\" aria-roledescription=\"slide\" aria-label=\"6 de 17\"><figure class=\"swiper-slide-inner\"><img decoding=\"async\" class=\"swiper-slide-image\" src=\"https:\/\/blogsaverroes.juntadeandalucia.es\/fglorca\/files\/2022\/01\/WhatsApp-Image-2022-01-29-at-21.18.44-2-768x576.jpeg\" alt=\"WhatsApp Image 2022-01-29 at 21.18.44 (2)\" \/><\/figure><\/div><div class=\"swiper-slide\" role=\"group\" aria-roledescription=\"slide\" aria-label=\"7 de 17\"><figure class=\"swiper-slide-inner\"><img decoding=\"async\" class=\"swiper-slide-image\" src=\"https:\/\/blogsaverroes.juntadeandalucia.es\/fglorca\/files\/2022\/01\/WhatsApp-Image-2022-01-29-at-21.18.44-768x576.jpeg\" alt=\"WhatsApp Image 2022-01-29 at 21.18.44\" \/><\/figure><\/div><div class=\"swiper-slide\" role=\"group\" aria-roledescription=\"slide\" aria-label=\"8 de 17\"><figure class=\"swiper-slide-inner\"><img decoding=\"async\" class=\"swiper-slide-image\" src=\"https:\/\/blogsaverroes.juntadeandalucia.es\/fglorca\/files\/2022\/01\/WhatsApp-Image-2022-01-29-at-21.19.52-768x492.jpeg\" alt=\"WhatsApp Image 2022-01-29 at 21.19.52\" \/><\/figure><\/div><div class=\"swiper-slide\" role=\"group\" aria-roledescription=\"slide\" aria-label=\"9 de 17\"><figure class=\"swiper-slide-inner\"><img decoding=\"async\" class=\"swiper-slide-image\" src=\"https:\/\/blogsaverroes.juntadeandalucia.es\/fglorca\/files\/2022\/01\/WhatsApp-Image-2022-01-29-at-21.18.45-1-768x1024.jpeg\" alt=\"WhatsApp Image 2022-01-29 at 21.18.45 (1)\" \/><\/figure><\/div><div class=\"swiper-slide\" role=\"group\" aria-roledescription=\"slide\" aria-label=\"10 de 17\"><figure class=\"swiper-slide-inner\"><img decoding=\"async\" class=\"swiper-slide-image\" src=\"https:\/\/blogsaverroes.juntadeandalucia.es\/fglorca\/files\/2022\/01\/WhatsApp-Image-2022-01-29-at-21.18.45-768x1024.jpeg\" alt=\"WhatsApp Image 2022-01-29 at 21.18.45\" \/><\/figure><\/div><div class=\"swiper-slide\" role=\"group\" aria-roledescription=\"slide\" aria-label=\"11 de 17\"><figure class=\"swiper-slide-inner\"><img decoding=\"async\" class=\"swiper-slide-image\" src=\"https:\/\/blogsaverroes.juntadeandalucia.es\/fglorca\/files\/2022\/01\/WhatsApp-Image-2022-01-29-at-21.43.21-768x574.jpeg\" alt=\"WhatsApp Image 2022-01-29 at 21.43.21\" \/><\/figure><\/div><div class=\"swiper-slide\" role=\"group\" aria-roledescription=\"slide\" aria-label=\"12 de 17\"><figure class=\"swiper-slide-inner\"><img decoding=\"async\" class=\"swiper-slide-image\" src=\"https:\/\/blogsaverroes.juntadeandalucia.es\/fglorca\/files\/2022\/01\/WhatsApp-Image-2022-01-29-at-22.05.54-768x1024.jpeg\" alt=\"WhatsApp Image 2022-01-29 at 22.05.54\" \/><\/figure><\/div><div class=\"swiper-slide\" role=\"group\" aria-roledescription=\"slide\" aria-label=\"13 de 17\"><figure class=\"swiper-slide-inner\"><img decoding=\"async\" class=\"swiper-slide-image\" src=\"https:\/\/blogsaverroes.juntadeandalucia.es\/fglorca\/files\/2022\/01\/WhatsApp-Image-2022-01-31-at-16.34.24-768x450.jpeg\" alt=\"La Paz\" \/><\/figure><\/div><div class=\"swiper-slide\" role=\"group\" aria-roledescription=\"slide\" aria-label=\"14 de 17\"><figure class=\"swiper-slide-inner\"><img decoding=\"async\" class=\"swiper-slide-image\" src=\"https:\/\/blogsaverroes.juntadeandalucia.es\/fglorca\/files\/2022\/01\/WhatsApp-Image-2022-01-31-at-16.34.59-768x650.jpeg\" alt=\"WhatsApp Image 2022-01-31 at 16.34.59\" \/><\/figure><\/div><div class=\"swiper-slide\" role=\"group\" aria-roledescription=\"slide\" aria-label=\"15 de 17\"><figure class=\"swiper-slide-inner\"><img decoding=\"async\" class=\"swiper-slide-image\" src=\"https:\/\/blogsaverroes.juntadeandalucia.es\/fglorca\/files\/2022\/01\/WhatsApp-Image-2022-01-31-at-16.36.01-768x573.jpeg\" alt=\"WhatsApp Image 2022-01-31 at 16.36.01\" \/><\/figure><\/div><div class=\"swiper-slide\" role=\"group\" aria-roledescription=\"slide\" aria-label=\"16 de 17\"><figure class=\"swiper-slide-inner\"><img decoding=\"async\" class=\"swiper-slide-image\" src=\"https:\/\/blogsaverroes.juntadeandalucia.es\/fglorca\/files\/2022\/01\/WhatsApp-Image-2022-01-31-at-16.45.17-768x432.jpeg\" alt=\"Paz\" \/><\/figure><\/div><div class=\"swiper-slide\" role=\"group\" aria-roledescription=\"slide\" aria-label=\"17 de 17\"><figure class=\"swiper-slide-inner\"><img decoding=\"async\" class=\"swiper-slide-image\" src=\"https:\/\/blogsaverroes.juntadeandalucia.es\/fglorca\/files\/2022\/01\/WhatsApp-Image-2022-01-31-at-16.45.18-768x1365.jpeg\" alt=\"WhatsApp Image 2022-01-31 at 16.45.18\" \/><\/figure><\/div>\t\t\t<\/div>\n\t\t\t\t\t\t\t\t\t\t\t\t<div class=\"elementor-swiper-button elementor-swiper-button-prev\" role=\"button\" tabindex=\"0\">\n\t\t\t\t\t\t<i aria-hidden=\"true\" class=\"eicon-chevron-left\"><\/i>\t\t\t\t\t<\/div>\n\t\t\t\t\t<div class=\"elementor-swiper-button elementor-swiper-button-next\" role=\"button\" tabindex=\"0\">\n\t\t\t\t\t\t<i aria-hidden=\"true\" class=\"eicon-chevron-right\"><\/i>\t\t\t\t\t<\/div>\n\t\t\t\t\n\t\t\t\t\t\t\t\t\t<div class=\"swiper-pagination\"><\/div>\n\t\t\t\t\t\t\t\t\t<\/div>\n\t\t\t\t\t\t<\/div>\n\t\t\t\t<\/div>\n\t\t\t\t\t<\/div>\n\t\t<\/div>\n\t\t\t\t\t<\/div>\n\t\t<\/section>\n\t\t\t\t<section class=\"elementor-section elementor-top-section elementor-element elementor-element-0a1bef9 elementor-section-boxed elementor-section-height-default elementor-section-height-default\" data-id=\"0a1bef9\" data-element_type=\"section\">\n\t\t\t\t\t\t<div class=\"elementor-container elementor-column-gap-default\">\n\t\t\t\t\t<div class=\"elementor-column elementor-col-100 elementor-top-column elementor-element elementor-element-5137123\" data-id=\"5137123\" data-element_type=\"column\">\n\t\t\t<div class=\"elementor-widget-wrap elementor-element-populated\">\n\t\t\t\t\t\t<div class=\"elementor-element elementor-element-de5348b elementor-widget elementor-widget-text-editor\" data-id=\"de5348b\" data-element_type=\"widget\" data-widget_type=\"text-editor.default\">\n\t\t\t\t<div class=\"elementor-widget-container\">\n\t\t\t\t\t\t\t\t\t<p>Por otra parte, las alumnas y alumnos de 1\u00ba de ESO han realizado una <strong>\u00abRueda de Soluciones\u00bb<\/strong>, con el objetivo de solventar los problemas o conflictos que se pueden dar en clase y en el patio.<\/p><p>El funcionamiento de esta ruleta consiste en girar una flecha que elegir\u00e1 por nosotros\/as entre varias opciones para lidiar con los sentimientos que nos producen estros problemas de una forma pac\u00edfica. Las diferentes opciones son:<\/p><ul><li>Pedir perd\u00f3n<\/li><li>Ignorarlo<\/li><li>Respirar hondo<\/li><li>Marcharse<\/li><li>Pedir que paren<\/li><li>Cambiar de actividad<\/li><li>Contar hasta 10<\/li><li>Hablar de uno mismo<\/li><\/ul><p>M\u00e1s que la elecci\u00f3n de la respuesta en s\u00ed, lo que la rueda pretende es el hacer una pausa en la irritabilidad que nos produce el conflicto por el simple hecho de comenzar una actividad diferente que ser\u00eda <strong>\u00abgirar la ruleta\u00bb<\/strong>.<\/p><p><a href=\"https:\/\/blogsaverroes.juntadeandalucia.es\/fglorca\/files\/2022\/01\/Rueda-de-las-soluciones1.jpeg\"><img decoding=\"async\" class=\"size-full wp-image-7416 aligncenter\" src=\"https:\/\/blogsaverroes.juntadeandalucia.es\/fglorca\/files\/2022\/01\/Rueda-de-las-soluciones1.jpeg\" alt=\"\" width=\"1024\" height=\"768\" srcset=\"https:\/\/blogsaverroes.juntadeandalucia.es\/fglorca\/files\/2022\/01\/Rueda-de-las-soluciones1.jpeg 1024w, https:\/\/blogsaverroes.juntadeandalucia.es\/fglorca\/files\/2022\/01\/Rueda-de-las-soluciones1-300x225.jpeg 300w, https:\/\/blogsaverroes.juntadeandalucia.es\/fglorca\/files\/2022\/01\/Rueda-de-las-soluciones1-768x576.jpeg 768w, https:\/\/blogsaverroes.juntadeandalucia.es\/fglorca\/files\/2022\/01\/Rueda-de-las-soluciones1-24x18.jpeg 24w, https:\/\/blogsaverroes.juntadeandalucia.es\/fglorca\/files\/2022\/01\/Rueda-de-las-soluciones1-36x27.jpeg 36w, https:\/\/blogsaverroes.juntadeandalucia.es\/fglorca\/files\/2022\/01\/Rueda-de-las-soluciones1-48x36.jpeg 48w\" sizes=\"(max-width: 1024px) 100vw, 1024px\" \/><\/a><\/p>\t\t\t\t\t\t\t\t<\/div>\n\t\t\t\t<\/div>\n\t\t\t\t\t<\/div>\n\t\t<\/div>\n\t\t\t\t\t<\/div>\n\t\t<\/section>\n\t\t\t\t<section class=\"elementor-section elementor-top-section elementor-element elementor-element-54e2186 elementor-section-boxed elementor-section-height-default elementor-section-height-default\" data-id=\"54e2186\" data-element_type=\"section\">\n\t\t\t\t\t\t<div class=\"elementor-container elementor-column-gap-default\">\n\t\t\t\t\t<div class=\"elementor-column elementor-col-100 elementor-top-column elementor-element elementor-element-d24ae3b\" data-id=\"d24ae3b\" data-element_type=\"column\">\n\t\t\t<div class=\"elementor-widget-wrap elementor-element-populated\">\n\t\t\t\t\t\t<div class=\"elementor-element elementor-element-3d65b77 animated-slow elementor-invisible elementor-widget elementor-widget-heading\" data-id=\"3d65b77\" data-element_type=\"widget\" data-settings=\"{&quot;_animation&quot;:&quot;zoomIn&quot;}\" data-widget_type=\"heading.default\">\n\t\t\t\t<div class=\"elementor-widget-container\">\n\t\t\t\t\t<h2 class=\"elementor-heading-title elementor-size-default\">\u00a1\u00a1\u00a1 CONT\u00c1GIATE DE PAZ !!!<\/h2>\t\t\t\t<\/div>\n\t\t\t\t<\/div>\n\t\t\t\t\t<\/div>\n\t\t<\/div>\n\t\t\t\t\t<\/div>\n\t\t<\/section>\n\t\t\t\t<\/div>\n\t\t","protected":false},"excerpt":{"rendered":"<p>D\u00eda de la Paz en nuestro cole&#8230; Conversando con nuestro alumnado en la Asamblea, partiendo de la siguiente pregunta&nbsp; &#8230; \u00bfqu\u00e9 es para ti la Paz? surgen frases tan bonitas, que a las se\u00f1os&#46;&#46;&#46;<\/p>\n","protected":false},"author":3347,"featured_media":7350,"comment_status":"open","ping_status":"open","sticky":false,"template":"","format":"standard","meta":{"ngg_post_thumbnail":0,"footnotes":""},"categories":[1733852,1733982,485,389296,1852,1733910,386064,386274,388285,388820,1733809],"tags":[1733856,287,3981,1733857,1852],"aioseo_notices":[],"_links":{"self":[{"href":"https:\/\/blogsaverroes.juntadeandalucia.es\/fglorca\/wp-json\/wp\/v2\/posts\/7319"}],"collection":[{"href":"https:\/\/blogsaverroes.juntadeandalucia.es\/fglorca\/wp-json\/wp\/v2\/posts"}],"about":[{"href":"https:\/\/blogsaverroes.juntadeandalucia.es\/fglorca\/wp-json\/wp\/v2\/types\/post"}],"author":[{"embeddable":true,"href":"https:\/\/blogsaverroes.juntadeandalucia.es\/fglorca\/wp-json\/wp\/v2\/users\/3347"}],"replies":[{"embeddable":true,"href":"https:\/\/blogsaverroes.juntadeandalucia.es\/fglorca\/wp-json\/wp\/v2\/comments?post=7319"}],"version-history":[{"count":56,"href":"https:\/\/blogsaverroes.juntadeandalucia.es\/fglorca\/wp-json\/wp\/v2\/posts\/7319\/revisions"}],"predecessor-version":[{"id":7420,"href":"https:\/\/blogsaverroes.juntadeandalucia.es\/fglorca\/wp-json\/wp\/v2\/posts\/7319\/revisions\/7420"}],"wp:featuredmedia":[{"embeddable":true,"href":"https:\/\/blogsaverroes.juntadeandalucia.es\/fglorca\/wp-json\/wp\/v2\/media\/7350"}],"wp:attachment":[{"href":"https:\/\/blogsaverroes.juntadeandalucia.es\/fglorca\/wp-json\/wp\/v2\/media?parent=7319"}],"wp:term":[{"taxonomy":"category","embeddable":true,"href":"https:\/\/blogsaverroes.juntadeandalucia.es\/fglorca\/wp-json\/wp\/v2\/categories?post=7319"},{"taxonomy":"post_tag","embeddable":true,"href":"https:\/\/blogsaverroes.juntadeandalucia.es\/fglorca\/wp-json\/wp\/v2\/tags?post=7319"}],"curies":[{"name":"wp","href":"https:\/\/api.w.org\/{rel}","templated":true}]}}