{"id":8218,"date":"2022-09-04T17:28:18","date_gmt":"2022-09-04T16:28:18","guid":{"rendered":"https:\/\/blogsaverroes.juntadeandalucia.es\/fglorca\/?p=8218"},"modified":"2023-03-11T17:48:14","modified_gmt":"2023-03-11T16:48:14","slug":"inicio2223","status":"publish","type":"post","link":"https:\/\/blogsaverroes.juntadeandalucia.es\/fglorca\/2022\/09\/04\/inicio2223\/","title":{"rendered":"HORARIOS DE INICIO DE CURSO Y PRIMEROS D\u00cdAS. 2022-2023"},"content":{"rendered":"\t\t<div data-elementor-type=\"wp-post\" data-elementor-id=\"8218\" class=\"elementor elementor-8218\">\n\t\t\t\t\t\t<section class=\"elementor-section elementor-top-section elementor-element elementor-element-8a49718 elementor-section-boxed elementor-section-height-default elementor-section-height-default\" data-id=\"8a49718\" data-element_type=\"section\">\n\t\t\t\t\t\t<div class=\"elementor-container elementor-column-gap-default\">\n\t\t\t\t\t<div class=\"elementor-column elementor-col-100 elementor-top-column elementor-element elementor-element-4aa6a12\" data-id=\"4aa6a12\" data-element_type=\"column\">\n\t\t\t<div class=\"elementor-widget-wrap elementor-element-populated\">\n\t\t\t\t\t\t<div class=\"elementor-element elementor-element-32b55a1 elementor-widget elementor-widget-image\" data-id=\"32b55a1\" data-element_type=\"widget\" data-widget_type=\"image.default\">\n\t\t\t\t<div class=\"elementor-widget-container\">\n\t\t\t\t\t\t\t\t\t\t\t\t\t\t\t<img fetchpriority=\"high\" decoding=\"async\" width=\"300\" height=\"235\" src=\"https:\/\/blogsaverroes.juntadeandalucia.es\/fglorca\/files\/2014\/09\/iniciocurso-300x235.png\" class=\"attachment-medium size-medium wp-image-2088\" alt=\"\" srcset=\"https:\/\/blogsaverroes.juntadeandalucia.es\/fglorca\/files\/2014\/09\/iniciocurso-300x235.png 300w, https:\/\/blogsaverroes.juntadeandalucia.es\/fglorca\/files\/2014\/09\/iniciocurso.png 480w\" sizes=\"(max-width: 300px) 100vw, 300px\" \/>\t\t\t\t\t\t\t\t\t\t\t\t\t\t\t<\/div>\n\t\t\t\t<\/div>\n\t\t\t\t\t<\/div>\n\t\t<\/div>\n\t\t\t\t\t<\/div>\n\t\t<\/section>\n\t\t\t\t<section class=\"elementor-section elementor-top-section elementor-element elementor-element-ec57e49 elementor-section-boxed elementor-section-height-default elementor-section-height-default\" data-id=\"ec57e49\" data-element_type=\"section\">\n\t\t\t\t\t\t<div class=\"elementor-container elementor-column-gap-default\">\n\t\t\t\t\t<div class=\"elementor-column elementor-col-100 elementor-top-column elementor-element elementor-element-b80a9f9\" data-id=\"b80a9f9\" data-element_type=\"column\">\n\t\t\t<div class=\"elementor-widget-wrap elementor-element-populated\">\n\t\t\t\t\t\t<div class=\"elementor-element elementor-element-ecaed81 elementor-widget elementor-widget-text-editor\" data-id=\"ecaed81\" data-element_type=\"widget\" data-widget_type=\"text-editor.default\">\n\t\t\t\t<div class=\"elementor-widget-container\">\n\t\t\t\t\t\t\t\t\t<p style=\"margin: 0px 0px 1em;padding: 0px;border: 0px;font-style: normal;font-weight: 400;font-size: 18px;line-height: inherit;font-family: Roboto, sans-serif;vertical-align: baseline;color: #7a7a7a;letter-spacing: normal;text-align: start;text-indent: 0px;text-transform: none;background-color: #ffffff\">Comenzamos un nuevo curso. El pr\u00edmer d\u00eda realizaremos una entrada escalonada, para facilitar la acogida al alumnado. A partir del segundo d\u00eda el horario es el habitual del centro. Rogamos que se respeten estos horarios. El alumnado entrar\u00e1 con normalidad al centro y desde dentro el profesorado se encarga de dirigirlos a sus respectivas clases.<\/p><p style=\"text-align: center\"><span style=\"font-size: 18pt;color: #000000\"><strong>COMIENZO DEL CURSO ESCOLAR 2022-2023<\/strong><\/span><\/p><p style=\"margin: 0px 0px 1em;padding: 0px;border: 0px;font-style: normal;font-weight: 400;font-size: 18px;line-height: inherit;font-family: Roboto, sans-serif;vertical-align: baseline;color: #7a7a7a;letter-spacing: normal;text-align: start;text-indent: 0px;text-transform: none;background-color: #ffffff\"><span style=\"color: #000000\"><strong style=\"margin: 0px;padding: 0px;border: 0px;font-style: inherit;font-variant: inherit;font-weight: 600;font-size: inherit;line-height: inherit;font-family: inherit;vertical-align: baseline\">LUNES 12<\/strong><strong style=\"margin: 0px;padding: 0px;border: 0px;font-style: inherit;font-variant: inherit;font-weight: 600;font-size: inherit;line-height: inherit;font-family: inherit;vertical-align: baseline\"> DE SEPTIEMBRE. COMIENZAN INFANTIL Y PRIMARIA.<br \/><\/strong><\/span><\/p><ul style=\"margin: 0px 0px 15px 30px;padding: 0px;border: 0px;font-style: normal;font-weight: 400;font-size: 18px;line-height: inherit;font-family: Roboto, sans-serif;vertical-align: baseline;color: #7a7a7a;letter-spacing: normal;text-align: start;text-indent: 0px;text-transform: none;background-color: #ffffff\"><li style=\"margin: 0px;padding: 0px;border: 0px;font: inherit;vertical-align: baseline\">Primer d\u00eda para los alumnado de\u00a0<span style=\"color: #000000\"><strong style=\"margin: 0px;padding: 0px;border: 0px;font-style: inherit;font-variant: inherit;font-weight: 600;font-size: inherit;line-height: inherit;font-family: inherit;vertical-align: baseline\">Infantil de 3 a\u00f1os.<\/strong><\/span>\u00a0De 12:00\u00a0 a 14:00 horas. Infantil entra por la puerta amarilla.<\/li><li style=\"margin: 0px;padding: 0px;border: 0px;font: inherit;vertical-align: baseline\">Primer d\u00eda para el alumnado de\u00a0<span style=\"color: #000000\"><strong style=\"margin: 0px;padding: 0px;border: 0px;font-style: inherit;font-variant: inherit;font-weight: 600;font-size: inherit;line-height: inherit;font-family: inherit;vertical-align: baseline\">Infantil de 4 y 5 a\u00f1os.<\/strong><\/span>\u00a0De 11:00 a 14:00. Puerta amarilla.<\/li><\/ul><p>EN LAS <span style=\"color: #000000\"><strong>REUNIONES DE INICIO<\/strong> <\/span>Y EN MENSAJER\u00cdA <span style=\"color: #000000\"><strong>IPASEN<\/strong><\/span>, SE EXPLICAR\u00c1N LAS NOVEDADES PARA ESTE CURSO PARA LA RECOGIDA Y ENTREGA DEL ALUMNADO DE INFANTIL.<\/p><ul style=\"margin: 0px 0px 15px 30px;padding: 0px;border: 0px;font-style: normal;font-weight: 400;font-size: 18px;line-height: inherit;font-family: Roboto, sans-serif;vertical-align: baseline;color: #7a7a7a;letter-spacing: normal;text-align: start;text-indent: 0px;text-transform: none;background-color: #ffffff\"><li style=\"margin: 0px;padding: 0px;border: 0px;font: inherit;vertical-align: baseline\">Primer d\u00eda para el alumnado de\u00a0<strong style=\"margin: 0px;padding: 0px;border: 0px;font-style: inherit;font-variant: inherit;font-weight: 600;font-size: inherit;line-height: inherit;font-family: inherit;vertical-align: baseline\">1\u00ba y 2\u00ba de primaria.<\/strong>\u00a0De 12 a 14 horas. <span style=\"color: #ff6600\"><strong>Novedad<\/strong><\/span> los de <span style=\"color: #0000ff\"><strong>1\u00ba<\/strong><\/span> <strong><span style=\"color: #000000\">entran y salen<\/span><\/strong> por la <strong><span style=\"color: #0000ff\">puerta azul.<\/span><\/strong><ul style=\"margin: 0px 0px 15px 30px;padding: 0px;border: 0px;font-style: normal;font-weight: 400;font-size: 18px;line-height: inherit;font-family: Roboto, sans-serif;vertical-align: baseline;color: #7a7a7a;letter-spacing: normal;text-align: start;text-indent: 0px;text-transform: none;background-color: #ffffff\"><li style=\"margin: 0px;padding: 0px;border: 0px;font: inherit;vertical-align: baseline\">El alumnado de <strong><span style=\"color: #339966\">2\u00ba<\/span><\/strong> <span style=\"color: #000000\"><strong>entra\u00a0 y sale<\/strong><\/span> por la <span style=\"color: #339966\"><strong>puerta verde<\/strong>.<\/span><\/li><\/ul><\/li><li style=\"margin: 0px;padding: 0px;border: 0px;font: inherit;vertical-align: baseline\">Primer d\u00eda para el alumnado de\u00a0<span style=\"color: #008000\"><strong style=\"margin: 0px;padding: 0px;border: 0px;font-style: inherit;font-variant: inherit;font-weight: 600;font-size: inherit;line-height: inherit;font-family: inherit;vertical-align: baseline\">3\u00ba y 4\u00ba de primaria<\/strong><\/span>. De 11 a 14 horas. Entran por la <strong><span style=\"color: #008000\">puerta verde.<\/span><\/strong><\/li><li style=\"margin: 0px;padding: 0px;border: 0px;font: inherit;vertical-align: baseline\">Primer d\u00eda para el alumnado de\u00a0<span style=\"color: #ff0000\"><strong style=\"margin: 0px;padding: 0px;border: 0px;font-style: inherit;font-variant: inherit;font-weight: 600;font-size: inherit;line-height: inherit;font-family: inherit;vertical-align: baseline\">5\u00ba y 6\u00ba de primaria.<\/strong><\/span>\u00a0De 10 a 14 horas. Entran por la <strong><span style=\"color: #ff0000\">puerta roja.<\/span><\/strong><\/li><\/ul>\t\t\t\t\t\t\t\t<\/div>\n\t\t\t\t<\/div>\n\t\t\t\t\t<\/div>\n\t\t<\/div>\n\t\t\t\t\t<\/div>\n\t\t<\/section>\n\t\t\t\t<section class=\"elementor-section elementor-top-section elementor-element elementor-element-c5667c9 elementor-section-boxed elementor-section-height-default elementor-section-height-default\" data-id=\"c5667c9\" data-element_type=\"section\">\n\t\t\t\t\t\t<div class=\"elementor-container elementor-column-gap-default\">\n\t\t\t\t\t<div class=\"elementor-column elementor-col-100 elementor-top-column elementor-element elementor-element-89f7bb9\" data-id=\"89f7bb9\" data-element_type=\"column\">\n\t\t\t<div class=\"elementor-widget-wrap elementor-element-populated\">\n\t\t\t\t\t\t<div class=\"elementor-element elementor-element-46b4a50 elementor-widget elementor-widget-text-editor\" data-id=\"46b4a50\" data-element_type=\"widget\" data-widget_type=\"text-editor.default\">\n\t\t\t\t<div class=\"elementor-widget-container\">\n\t\t\t\t\t\t\t\t\t<p><strong>\u00a0JUEVES 15<\/strong><strong> DE SEPTIEMBRE. COMIENZA SECUNDARIA.<br \/><\/strong><\/p><ul><li><strong>1\u00ba de ESO. De 12 a 15 horas. <\/strong>Entran por la <span style=\"color: #ff0000\"><strong>puerta roja.<\/strong><\/span><\/li><li><strong>2\u00ba de ESO.<\/strong> <strong>De 13 a 15 horas. <\/strong>Entran por la <span style=\"color: #ff0000\"><strong>puerta roja.<\/strong><\/span><\/li><\/ul>\t\t\t\t\t\t\t\t<\/div>\n\t\t\t\t<\/div>\n\t\t\t\t\t<\/div>\n\t\t<\/div>\n\t\t\t\t\t<\/div>\n\t\t<\/section>\n\t\t\t\t<section class=\"elementor-section elementor-top-section elementor-element elementor-element-825eeaf elementor-section-boxed elementor-section-height-default elementor-section-height-default\" data-id=\"825eeaf\" data-element_type=\"section\">\n\t\t\t\t\t\t<div class=\"elementor-container elementor-column-gap-default\">\n\t\t\t\t\t<div class=\"elementor-column elementor-col-100 elementor-top-column elementor-element elementor-element-9fe0cc9\" data-id=\"9fe0cc9\" data-element_type=\"column\">\n\t\t\t<div class=\"elementor-widget-wrap\">\n\t\t\t\t\t\t\t<\/div>\n\t\t<\/div>\n\t\t\t\t\t<\/div>\n\t\t<\/section>\n\t\t\t\t<section class=\"elementor-section elementor-top-section elementor-element elementor-element-a17f1f0 elementor-section-boxed elementor-section-height-default elementor-section-height-default\" data-id=\"a17f1f0\" data-element_type=\"section\">\n\t\t\t\t\t\t<div class=\"elementor-container elementor-column-gap-default\">\n\t\t\t\t\t<div class=\"elementor-column elementor-col-100 elementor-top-column elementor-element elementor-element-7454aae\" data-id=\"7454aae\" data-element_type=\"column\">\n\t\t\t<div class=\"elementor-widget-wrap\">\n\t\t\t\t\t\t\t<\/div>\n\t\t<\/div>\n\t\t\t\t\t<\/div>\n\t\t<\/section>\n\t\t\t\t<section class=\"elementor-section elementor-top-section elementor-element elementor-element-5246cde elementor-section-boxed elementor-section-height-default elementor-section-height-default\" data-id=\"5246cde\" data-element_type=\"section\">\n\t\t\t\t\t\t<div class=\"elementor-container elementor-column-gap-default\">\n\t\t\t\t\t<div class=\"elementor-column elementor-col-100 elementor-top-column elementor-element elementor-element-10a0f8e\" data-id=\"10a0f8e\" data-element_type=\"column\">\n\t\t\t<div class=\"elementor-widget-wrap\">\n\t\t\t\t\t\t\t<\/div>\n\t\t<\/div>\n\t\t\t\t\t<\/div>\n\t\t<\/section>\n\t\t\t\t<\/div>\n\t\t","protected":false},"excerpt":{"rendered":"<p>Comenzamos un nuevo curso. El pr\u00edmer d\u00eda realizaremos una entrada escalonada, para facilitar la acogida al alumnado. A partir del segundo d\u00eda el horario es el habitual del centro. Rogamos que se respeten estos&#46;&#46;&#46;<\/p>\n","protected":false},"author":2224,"featured_media":5914,"comment_status":"open","ping_status":"open","sticky":false,"template":"","format":"standard","meta":{"ngg_post_thumbnail":0,"footnotes":""},"categories":[1733884,389296,1733910,388594,7191,389187,1733809],"tags":[1733861,1733855,1733799,1733816],"aioseo_notices":[],"_links":{"self":[{"href":"https:\/\/blogsaverroes.juntadeandalucia.es\/fglorca\/wp-json\/wp\/v2\/posts\/8218"}],"collection":[{"href":"https:\/\/blogsaverroes.juntadeandalucia.es\/fglorca\/wp-json\/wp\/v2\/posts"}],"about":[{"href":"https:\/\/blogsaverroes.juntadeandalucia.es\/fglorca\/wp-json\/wp\/v2\/types\/post"}],"author":[{"embeddable":true,"href":"https:\/\/blogsaverroes.juntadeandalucia.es\/fglorca\/wp-json\/wp\/v2\/users\/2224"}],"replies":[{"embeddable":true,"href":"https:\/\/blogsaverroes.juntadeandalucia.es\/fglorca\/wp-json\/wp\/v2\/comments?post=8218"}],"version-history":[{"count":17,"href":"https:\/\/blogsaverroes.juntadeandalucia.es\/fglorca\/wp-json\/wp\/v2\/posts\/8218\/revisions"}],"predecessor-version":[{"id":8248,"href":"https:\/\/blogsaverroes.juntadeandalucia.es\/fglorca\/wp-json\/wp\/v2\/posts\/8218\/revisions\/8248"}],"wp:featuredmedia":[{"embeddable":true,"href":"https:\/\/blogsaverroes.juntadeandalucia.es\/fglorca\/wp-json\/wp\/v2\/media\/5914"}],"wp:attachment":[{"href":"https:\/\/blogsaverroes.juntadeandalucia.es\/fglorca\/wp-json\/wp\/v2\/media?parent=8218"}],"wp:term":[{"taxonomy":"category","embeddable":true,"href":"https:\/\/blogsaverroes.juntadeandalucia.es\/fglorca\/wp-json\/wp\/v2\/categories?post=8218"},{"taxonomy":"post_tag","embeddable":true,"href":"https:\/\/blogsaverroes.juntadeandalucia.es\/fglorca\/wp-json\/wp\/v2\/tags?post=8218"}],"curies":[{"name":"wp","href":"https:\/\/api.w.org\/{rel}","templated":true}]}}