{"id":90,"date":"2011-11-01T22:35:55","date_gmt":"2011-11-01T21:35:55","guid":{"rendered":"http:\/\/web.fglorca.es\/?p=90"},"modified":"2011-11-01T22:35:55","modified_gmt":"2011-11-01T21:35:55","slug":"fiesta-de-otono","status":"publish","type":"post","link":"https:\/\/blogsaverroes.juntadeandalucia.es\/fglorca\/2011\/11\/01\/fiesta-de-otono\/","title":{"rendered":"FIESTA DE OTO\u00d1O"},"content":{"rendered":"<p><img decoding=\"async\" src=\"images\/stories\/otoo.jpg\" border=\"0\" width=\"200\" style=\"float: left;margin: 10px\" \/><\/p>\n<p>El viernes 28 de octubre los ni\u00f1os y ni\u00f1as de infantil celebramos la fiesta de oto\u00f1o.\u00a0Este d\u00eda fue muy especial porque nos disfrazamos de casta\u00f1eros y casta\u00f1eras y comimos frutos secos y carnosos propios de \u00e9sta estaci\u00f3n (casta\u00f1as, nueces, almendras, mandarinas, granadas, uvas, etc).<\/p>\n<p>\u00a0<\/p>\n<p>Pero lo mejor de todo fue la visita inesperada y divertida de <strong><em>una casta\u00f1era de verdad<\/em><\/strong>, se llama Mar\u00eda y nos estuvo contando cuentos y canciones, as\u00ed que nosotros escuchamos y bailamos con ella.\u00a0\u00a1Gracias a todas la mam\u00e1s y pap\u00e1s por su colaboraci\u00f3n!<img decoding=\"async\" src=\"images\/stories\/3.jpg\" border=\"0\" align=\"right\" \/><\/p>\n<p><strong><a href=\"http:\/\/www.cucurrucu.com\/cancin-el-viento-de-otoo\/index.html\">\u00a1\u00a1 Aprendimos esta canci\u00f3n !! oir<\/a><\/strong><\/p>\n<p><img decoding=\"async\" src=\"http:\/\/c.gigcount.com\/wildfire\/IMP\/CXNID=2000002.0NXC\/bT*xJmx*PTEzMjAxODc3NzE5MTQmcHQ9MTMyMDE4Nzc4NDc1NiZwPTIyMTYzMSZkPSZnPTImbz*zOGQzNjBjMTNlNDk*YmE2YTI*\/MjAxNjdlMjQ2YTBmMyZvZj*w.gif\" border=\"2\" width=\"0\" height=\"0\" style=\"width: 0px;height: 0px\" \/> <span> <\/span><\/p>\n","protected":false},"excerpt":{"rendered":"<p>El viernes 28 de octubre los ni\u00f1os y ni\u00f1as de infantil celebramos la fiesta de oto\u00f1o.\u00a0Este d\u00eda fue muy especial porque nos disfrazamos de casta\u00f1eros y casta\u00f1eras y comimos frutos secos y carnosos propios&#46;&#46;&#46;<\/p>\n","protected":false},"author":2224,"featured_media":0,"comment_status":"closed","ping_status":"open","sticky":false,"template":"","format":"standard","meta":{"ngg_post_thumbnail":0,"footnotes":""},"categories":[307497],"tags":[],"aioseo_notices":[],"_links":{"self":[{"href":"https:\/\/blogsaverroes.juntadeandalucia.es\/fglorca\/wp-json\/wp\/v2\/posts\/90"}],"collection":[{"href":"https:\/\/blogsaverroes.juntadeandalucia.es\/fglorca\/wp-json\/wp\/v2\/posts"}],"about":[{"href":"https:\/\/blogsaverroes.juntadeandalucia.es\/fglorca\/wp-json\/wp\/v2\/types\/post"}],"author":[{"embeddable":true,"href":"https:\/\/blogsaverroes.juntadeandalucia.es\/fglorca\/wp-json\/wp\/v2\/users\/2224"}],"replies":[{"embeddable":true,"href":"https:\/\/blogsaverroes.juntadeandalucia.es\/fglorca\/wp-json\/wp\/v2\/comments?post=90"}],"version-history":[{"count":0,"href":"https:\/\/blogsaverroes.juntadeandalucia.es\/fglorca\/wp-json\/wp\/v2\/posts\/90\/revisions"}],"wp:attachment":[{"href":"https:\/\/blogsaverroes.juntadeandalucia.es\/fglorca\/wp-json\/wp\/v2\/media?parent=90"}],"wp:term":[{"taxonomy":"category","embeddable":true,"href":"https:\/\/blogsaverroes.juntadeandalucia.es\/fglorca\/wp-json\/wp\/v2\/categories?post=90"},{"taxonomy":"post_tag","embeddable":true,"href":"https:\/\/blogsaverroes.juntadeandalucia.es\/fglorca\/wp-json\/wp\/v2\/tags?post=90"}],"curies":[{"name":"wp","href":"https:\/\/api.w.org\/{rel}","templated":true}]}}