{"id":968,"date":"2015-06-18T20:27:45","date_gmt":"2015-06-18T19:27:45","guid":{"rendered":"http:\/\/in-formando.es\/historias-del-federico\/?p=968"},"modified":"2016-03-04T12:13:12","modified_gmt":"2016-03-04T12:13:12","slug":"semana-cultural","status":"publish","type":"post","link":"https:\/\/blogsaverroes.juntadeandalucia.es\/fglorca\/2015\/06\/18\/semana-cultural\/","title":{"rendered":"Semana Cultural"},"content":{"rendered":"<p>C\u00f3mo ya sab\u00e9is esta semana estamos celebrando la Semana Cultural. En 2\u00ba de Primaria hemos trabajado \u201cLa Alimentaci\u00f3n Saludable con Frutas y Verduras\u201d, hemos estado haciendo diferentes talleres y recopilando los trabajos realizados durante todo el curso sobre el tema. Hemos recogido informaci\u00f3n de recetas con verduras y frutas, recetas saludables, las hemos escrito, hemos charlado sobre todo lo que implica comer sano, hemos visto algunos ciclos productivos, como el del tomate, desde que se cultiva hasta que llega a nuestra casa en diferentes formas: conserva, mermelada, naturales\u2026 S\u00f3lo nos quedaba una cosa, probar dichos productos y hacer esas recetas, as\u00ed que nos pusimos manos a la obra e hicimos un s\u00faper desayuno saludable, et voil\u00e0! \u00c9ste fue el resultado:<\/p>\n<p>&nbsp;<\/p>\n\n\t\t<style>\n\t\t\t#gallery-1 {\n\t\t\t\tmargin: auto;\n\t\t\t}\n\t\t\t#gallery-1 .gallery-item {\n\t\t\t\tfloat: left;\n\t\t\t\tmargin-top: 10px;\n\t\t\t\ttext-align: center;\n\t\t\t\twidth: 33%;\n\t\t\t}\n\t\t\t#gallery-1 img {\n\t\t\t\tborder: 2px solid #cfcfcf;\n\t\t\t}\n\t\t\t#gallery-1 .gallery-caption {\n\t\t\t\tmargin-left: 0;\n\t\t\t}\n\t\t\t\/* see gallery_shortcode() in wp-includes\/media.php *\/\n\t\t<\/style>\n\t\t<div id='gallery-1' class='gallery galleryid-968 gallery-columns-3 gallery-size-large'><dl class='gallery-item'>\n\t\t\t<dt class='gallery-icon landscape'>\n\t\t\t\t<a href='https:\/\/blogsaverroes.juntadeandalucia.es\/fglorca\/2015\/06\/18\/semana-cultural\/19-1024x768\/'><img fetchpriority=\"high\" decoding=\"async\" width=\"1024\" height=\"768\" src=\"https:\/\/blogsaverroes.juntadeandalucia.es\/fglorca\/files\/2015\/06\/19-1024x768-1024x768.jpg\" class=\"attachment-large size-large\" alt=\"\" srcset=\"https:\/\/blogsaverroes.juntadeandalucia.es\/fglorca\/files\/2015\/06\/19-1024x768.jpg 1024w, https:\/\/blogsaverroes.juntadeandalucia.es\/fglorca\/files\/2015\/06\/19-1024x768-300x225.jpg 300w\" sizes=\"(max-width: 1024px) 100vw, 1024px\" \/><\/a>\n\t\t\t<\/dt><\/dl><dl class='gallery-item'>\n\t\t\t<dt class='gallery-icon portrait'>\n\t\t\t\t<a href='https:\/\/blogsaverroes.juntadeandalucia.es\/fglorca\/2015\/06\/18\/semana-cultural\/15-768x1024\/'><img decoding=\"async\" width=\"768\" height=\"1024\" src=\"https:\/\/blogsaverroes.juntadeandalucia.es\/fglorca\/files\/2015\/06\/15-768x1024-768x1024.jpg\" class=\"attachment-large size-large\" alt=\"\" srcset=\"https:\/\/blogsaverroes.juntadeandalucia.es\/fglorca\/files\/2015\/06\/15-768x1024.jpg 768w, https:\/\/blogsaverroes.juntadeandalucia.es\/fglorca\/files\/2015\/06\/15-768x1024-225x300.jpg 225w\" sizes=\"(max-width: 768px) 100vw, 768px\" \/><\/a>\n\t\t\t<\/dt><\/dl><dl class='gallery-item'>\n\t\t\t<dt class='gallery-icon landscape'>\n\t\t\t\t<a href='https:\/\/blogsaverroes.juntadeandalucia.es\/fglorca\/2015\/06\/18\/semana-cultural\/9-1024x768\/'><img decoding=\"async\" width=\"1024\" height=\"768\" src=\"https:\/\/blogsaverroes.juntadeandalucia.es\/fglorca\/files\/2015\/06\/9-1024x768-1024x768.jpg\" class=\"attachment-large size-large\" alt=\"\" srcset=\"https:\/\/blogsaverroes.juntadeandalucia.es\/fglorca\/files\/2015\/06\/9-1024x768.jpg 1024w, https:\/\/blogsaverroes.juntadeandalucia.es\/fglorca\/files\/2015\/06\/9-1024x768-300x225.jpg 300w\" sizes=\"(max-width: 1024px) 100vw, 1024px\" \/><\/a>\n\t\t\t<\/dt><\/dl><br style=\"clear: both\" \/><dl class='gallery-item'>\n\t\t\t<dt class='gallery-icon landscape'>\n\t\t\t\t<a href='https:\/\/blogsaverroes.juntadeandalucia.es\/fglorca\/2015\/06\/18\/semana-cultural\/5-1024x768\/'><img loading=\"lazy\" decoding=\"async\" width=\"1024\" height=\"768\" src=\"https:\/\/blogsaverroes.juntadeandalucia.es\/fglorca\/files\/2015\/06\/5-1024x768-1024x768.jpg\" class=\"attachment-large size-large\" alt=\"\" srcset=\"https:\/\/blogsaverroes.juntadeandalucia.es\/fglorca\/files\/2015\/06\/5-1024x768.jpg 1024w, https:\/\/blogsaverroes.juntadeandalucia.es\/fglorca\/files\/2015\/06\/5-1024x768-300x225.jpg 300w\" sizes=\"(max-width: 1024px) 100vw, 1024px\" \/><\/a>\n\t\t\t<\/dt><\/dl><dl class='gallery-item'>\n\t\t\t<dt class='gallery-icon landscape'>\n\t\t\t\t<a href='https:\/\/blogsaverroes.juntadeandalucia.es\/fglorca\/2015\/06\/18\/semana-cultural\/1-1024x768\/'><img loading=\"lazy\" decoding=\"async\" width=\"1024\" height=\"768\" src=\"https:\/\/blogsaverroes.juntadeandalucia.es\/fglorca\/files\/2015\/06\/1-1024x768-1024x768.jpg\" class=\"attachment-large size-large\" alt=\"\" srcset=\"https:\/\/blogsaverroes.juntadeandalucia.es\/fglorca\/files\/2015\/06\/1-1024x768.jpg 1024w, https:\/\/blogsaverroes.juntadeandalucia.es\/fglorca\/files\/2015\/06\/1-1024x768-300x225.jpg 300w\" sizes=\"(max-width: 1024px) 100vw, 1024px\" \/><\/a>\n\t\t\t<\/dt><\/dl><dl class='gallery-item'>\n\t\t\t<dt class='gallery-icon portrait'>\n\t\t\t\t<a href='https:\/\/blogsaverroes.juntadeandalucia.es\/fglorca\/2015\/06\/18\/semana-cultural\/12-768x1024\/'><img loading=\"lazy\" decoding=\"async\" width=\"768\" height=\"1024\" src=\"https:\/\/blogsaverroes.juntadeandalucia.es\/fglorca\/files\/2015\/06\/12-768x1024-768x1024.jpg\" class=\"attachment-large size-large\" alt=\"\" srcset=\"https:\/\/blogsaverroes.juntadeandalucia.es\/fglorca\/files\/2015\/06\/12-768x1024.jpg 768w, https:\/\/blogsaverroes.juntadeandalucia.es\/fglorca\/files\/2015\/06\/12-768x1024-225x300.jpg 225w\" sizes=\"(max-width: 768px) 100vw, 768px\" \/><\/a>\n\t\t\t<\/dt><\/dl><br style=\"clear: both\" \/><dl class='gallery-item'>\n\t\t\t<dt class='gallery-icon landscape'>\n\t\t\t\t<a href='https:\/\/blogsaverroes.juntadeandalucia.es\/fglorca\/2015\/06\/18\/semana-cultural\/16-1024x768\/'><img loading=\"lazy\" decoding=\"async\" width=\"1024\" height=\"768\" src=\"https:\/\/blogsaverroes.juntadeandalucia.es\/fglorca\/files\/2015\/06\/16-1024x768-1024x768.jpg\" class=\"attachment-large size-large\" alt=\"\" srcset=\"https:\/\/blogsaverroes.juntadeandalucia.es\/fglorca\/files\/2015\/06\/16-1024x768.jpg 1024w, https:\/\/blogsaverroes.juntadeandalucia.es\/fglorca\/files\/2015\/06\/16-1024x768-300x225.jpg 300w\" sizes=\"(max-width: 1024px) 100vw, 1024px\" \/><\/a>\n\t\t\t<\/dt><\/dl><dl class='gallery-item'>\n\t\t\t<dt class='gallery-icon landscape'>\n\t\t\t\t<a href='https:\/\/blogsaverroes.juntadeandalucia.es\/fglorca\/2015\/06\/18\/semana-cultural\/7-1024x768\/'><img loading=\"lazy\" decoding=\"async\" width=\"1024\" height=\"768\" src=\"https:\/\/blogsaverroes.juntadeandalucia.es\/fglorca\/files\/2015\/06\/7-1024x768-1024x768.jpg\" class=\"attachment-large size-large\" alt=\"\" srcset=\"https:\/\/blogsaverroes.juntadeandalucia.es\/fglorca\/files\/2015\/06\/7-1024x768.jpg 1024w, https:\/\/blogsaverroes.juntadeandalucia.es\/fglorca\/files\/2015\/06\/7-1024x768-300x225.jpg 300w\" sizes=\"(max-width: 1024px) 100vw, 1024px\" \/><\/a>\n\t\t\t<\/dt><\/dl><dl class='gallery-item'>\n\t\t\t<dt class='gallery-icon landscape'>\n\t\t\t\t<a href='https:\/\/blogsaverroes.juntadeandalucia.es\/fglorca\/2015\/06\/18\/semana-cultural\/6-1024x768\/'><img loading=\"lazy\" decoding=\"async\" width=\"1024\" height=\"768\" src=\"https:\/\/blogsaverroes.juntadeandalucia.es\/fglorca\/files\/2015\/06\/6-1024x768-1024x768.jpg\" class=\"attachment-large size-large\" alt=\"\" srcset=\"https:\/\/blogsaverroes.juntadeandalucia.es\/fglorca\/files\/2015\/06\/6-1024x768.jpg 1024w, https:\/\/blogsaverroes.juntadeandalucia.es\/fglorca\/files\/2015\/06\/6-1024x768-300x225.jpg 300w\" sizes=\"(max-width: 1024px) 100vw, 1024px\" \/><\/a>\n\t\t\t<\/dt><\/dl><br style=\"clear: both\" \/><dl class='gallery-item'>\n\t\t\t<dt class='gallery-icon landscape'>\n\t\t\t\t<a href='https:\/\/blogsaverroes.juntadeandalucia.es\/fglorca\/2015\/06\/18\/semana-cultural\/14-1024x768\/'><img loading=\"lazy\" decoding=\"async\" width=\"1024\" height=\"768\" src=\"https:\/\/blogsaverroes.juntadeandalucia.es\/fglorca\/files\/2015\/06\/14-1024x768-1024x768.jpg\" class=\"attachment-large size-large\" alt=\"\" srcset=\"https:\/\/blogsaverroes.juntadeandalucia.es\/fglorca\/files\/2015\/06\/14-1024x768.jpg 1024w, https:\/\/blogsaverroes.juntadeandalucia.es\/fglorca\/files\/2015\/06\/14-1024x768-300x225.jpg 300w\" sizes=\"(max-width: 1024px) 100vw, 1024px\" \/><\/a>\n\t\t\t<\/dt><\/dl><dl class='gallery-item'>\n\t\t\t<dt class='gallery-icon landscape'>\n\t\t\t\t<a href='https:\/\/blogsaverroes.juntadeandalucia.es\/fglorca\/2015\/06\/18\/semana-cultural\/10-1024x768\/'><img loading=\"lazy\" decoding=\"async\" width=\"1024\" height=\"768\" src=\"https:\/\/blogsaverroes.juntadeandalucia.es\/fglorca\/files\/2015\/06\/10-1024x768-1024x768.jpg\" class=\"attachment-large size-large\" alt=\"\" srcset=\"https:\/\/blogsaverroes.juntadeandalucia.es\/fglorca\/files\/2015\/06\/10-1024x768.jpg 1024w, https:\/\/blogsaverroes.juntadeandalucia.es\/fglorca\/files\/2015\/06\/10-1024x768-300x225.jpg 300w\" sizes=\"(max-width: 1024px) 100vw, 1024px\" \/><\/a>\n\t\t\t<\/dt><\/dl><dl class='gallery-item'>\n\t\t\t<dt class='gallery-icon landscape'>\n\t\t\t\t<a href='https:\/\/blogsaverroes.juntadeandalucia.es\/fglorca\/2015\/06\/18\/semana-cultural\/17-1024x768\/'><img loading=\"lazy\" decoding=\"async\" width=\"1024\" height=\"768\" src=\"https:\/\/blogsaverroes.juntadeandalucia.es\/fglorca\/files\/2015\/06\/17-1024x768-1024x768.jpg\" class=\"attachment-large size-large\" alt=\"\" srcset=\"https:\/\/blogsaverroes.juntadeandalucia.es\/fglorca\/files\/2015\/06\/17-1024x768.jpg 1024w, https:\/\/blogsaverroes.juntadeandalucia.es\/fglorca\/files\/2015\/06\/17-1024x768-300x225.jpg 300w\" sizes=\"(max-width: 1024px) 100vw, 1024px\" \/><\/a>\n\t\t\t<\/dt><\/dl><br style=\"clear: both\" \/><dl class='gallery-item'>\n\t\t\t<dt class='gallery-icon portrait'>\n\t\t\t\t<a href='https:\/\/blogsaverroes.juntadeandalucia.es\/fglorca\/2015\/06\/18\/semana-cultural\/13-768x1024\/'><img loading=\"lazy\" decoding=\"async\" width=\"768\" height=\"1024\" src=\"https:\/\/blogsaverroes.juntadeandalucia.es\/fglorca\/files\/2015\/06\/13-768x1024-768x1024.jpg\" class=\"attachment-large size-large\" alt=\"\" srcset=\"https:\/\/blogsaverroes.juntadeandalucia.es\/fglorca\/files\/2015\/06\/13-768x1024.jpg 768w, https:\/\/blogsaverroes.juntadeandalucia.es\/fglorca\/files\/2015\/06\/13-768x1024-225x300.jpg 225w\" sizes=\"(max-width: 768px) 100vw, 768px\" \/><\/a>\n\t\t\t<\/dt><\/dl><dl class='gallery-item'>\n\t\t\t<dt class='gallery-icon portrait'>\n\t\t\t\t<a href='https:\/\/blogsaverroes.juntadeandalucia.es\/fglorca\/2015\/06\/18\/semana-cultural\/18-768x1024\/'><img loading=\"lazy\" decoding=\"async\" width=\"768\" height=\"1024\" src=\"https:\/\/blogsaverroes.juntadeandalucia.es\/fglorca\/files\/2015\/06\/18-768x1024-768x1024.jpg\" class=\"attachment-large size-large\" alt=\"\" srcset=\"https:\/\/blogsaverroes.juntadeandalucia.es\/fglorca\/files\/2015\/06\/18-768x1024.jpg 768w, https:\/\/blogsaverroes.juntadeandalucia.es\/fglorca\/files\/2015\/06\/18-768x1024-225x300.jpg 225w\" sizes=\"(max-width: 768px) 100vw, 768px\" \/><\/a>\n\t\t\t<\/dt><\/dl><dl class='gallery-item'>\n\t\t\t<dt class='gallery-icon landscape'>\n\t\t\t\t<a href='https:\/\/blogsaverroes.juntadeandalucia.es\/fglorca\/2015\/06\/18\/semana-cultural\/11-1024x768\/'><img loading=\"lazy\" decoding=\"async\" width=\"1024\" height=\"768\" src=\"https:\/\/blogsaverroes.juntadeandalucia.es\/fglorca\/files\/2015\/06\/11-1024x768-1024x768.jpg\" class=\"attachment-large size-large\" alt=\"\" srcset=\"https:\/\/blogsaverroes.juntadeandalucia.es\/fglorca\/files\/2015\/06\/11-1024x768.jpg 1024w, https:\/\/blogsaverroes.juntadeandalucia.es\/fglorca\/files\/2015\/06\/11-1024x768-300x225.jpg 300w\" sizes=\"(max-width: 1024px) 100vw, 1024px\" \/><\/a>\n\t\t\t<\/dt><\/dl><br style=\"clear: both\" \/><dl class='gallery-item'>\n\t\t\t<dt class='gallery-icon landscape'>\n\t\t\t\t<a href='https:\/\/blogsaverroes.juntadeandalucia.es\/fglorca\/2015\/06\/18\/semana-cultural\/20-1024x768\/'><img loading=\"lazy\" decoding=\"async\" width=\"1024\" height=\"768\" src=\"https:\/\/blogsaverroes.juntadeandalucia.es\/fglorca\/files\/2015\/06\/20-1024x768-1024x768.jpg\" class=\"attachment-large size-large\" alt=\"\" srcset=\"https:\/\/blogsaverroes.juntadeandalucia.es\/fglorca\/files\/2015\/06\/20-1024x768.jpg 1024w, https:\/\/blogsaverroes.juntadeandalucia.es\/fglorca\/files\/2015\/06\/20-1024x768-300x225.jpg 300w\" sizes=\"(max-width: 1024px) 100vw, 1024px\" \/><\/a>\n\t\t\t<\/dt><\/dl><dl class='gallery-item'>\n\t\t\t<dt class='gallery-icon landscape'>\n\t\t\t\t<a href='https:\/\/blogsaverroes.juntadeandalucia.es\/fglorca\/2015\/06\/18\/semana-cultural\/3-1024x768\/'><img loading=\"lazy\" decoding=\"async\" width=\"1024\" height=\"768\" src=\"https:\/\/blogsaverroes.juntadeandalucia.es\/fglorca\/files\/2015\/06\/3-1024x768-1024x768.jpg\" class=\"attachment-large size-large\" alt=\"\" srcset=\"https:\/\/blogsaverroes.juntadeandalucia.es\/fglorca\/files\/2015\/06\/3-1024x768.jpg 1024w, https:\/\/blogsaverroes.juntadeandalucia.es\/fglorca\/files\/2015\/06\/3-1024x768-300x225.jpg 300w\" sizes=\"(max-width: 1024px) 100vw, 1024px\" \/><\/a>\n\t\t\t<\/dt><\/dl><dl class='gallery-item'>\n\t\t\t<dt class='gallery-icon landscape'>\n\t\t\t\t<a href='https:\/\/blogsaverroes.juntadeandalucia.es\/fglorca\/2015\/06\/18\/semana-cultural\/scdia21\/'><img loading=\"lazy\" decoding=\"async\" width=\"1024\" height=\"768\" src=\"https:\/\/blogsaverroes.juntadeandalucia.es\/fglorca\/files\/2015\/06\/scdia21-1024x768.jpg\" class=\"attachment-large size-large\" alt=\"\" srcset=\"https:\/\/blogsaverroes.juntadeandalucia.es\/fglorca\/files\/2015\/06\/scdia21-1024x768.jpg 1024w, https:\/\/blogsaverroes.juntadeandalucia.es\/fglorca\/files\/2015\/06\/scdia21-300x225.jpg 300w, https:\/\/blogsaverroes.juntadeandalucia.es\/fglorca\/files\/2015\/06\/scdia21.jpg 1600w\" sizes=\"(max-width: 1024px) 100vw, 1024px\" \/><\/a>\n\t\t\t<\/dt><\/dl><br style=\"clear: both\" \/><dl class='gallery-item'>\n\t\t\t<dt class='gallery-icon landscape'>\n\t\t\t\t<a href='https:\/\/blogsaverroes.juntadeandalucia.es\/fglorca\/2015\/06\/18\/semana-cultural\/8-1024x768\/'><img loading=\"lazy\" decoding=\"async\" width=\"1024\" height=\"768\" src=\"https:\/\/blogsaverroes.juntadeandalucia.es\/fglorca\/files\/2015\/06\/8-1024x768-1024x768.jpg\" class=\"attachment-large size-large\" alt=\"\" srcset=\"https:\/\/blogsaverroes.juntadeandalucia.es\/fglorca\/files\/2015\/06\/8-1024x768.jpg 1024w, https:\/\/blogsaverroes.juntadeandalucia.es\/fglorca\/files\/2015\/06\/8-1024x768-300x225.jpg 300w\" sizes=\"(max-width: 1024px) 100vw, 1024px\" \/><\/a>\n\t\t\t<\/dt><\/dl><dl class='gallery-item'>\n\t\t\t<dt class='gallery-icon landscape'>\n\t\t\t\t<a href='https:\/\/blogsaverroes.juntadeandalucia.es\/fglorca\/2015\/06\/18\/semana-cultural\/2-1024x768\/'><img loading=\"lazy\" decoding=\"async\" width=\"1024\" height=\"768\" src=\"https:\/\/blogsaverroes.juntadeandalucia.es\/fglorca\/files\/2015\/06\/2-1024x768-1024x768.jpg\" class=\"attachment-large size-large\" alt=\"\" srcset=\"https:\/\/blogsaverroes.juntadeandalucia.es\/fglorca\/files\/2015\/06\/2-1024x768.jpg 1024w, https:\/\/blogsaverroes.juntadeandalucia.es\/fglorca\/files\/2015\/06\/2-1024x768-300x225.jpg 300w\" sizes=\"(max-width: 1024px) 100vw, 1024px\" \/><\/a>\n\t\t\t<\/dt><\/dl><dl class='gallery-item'>\n\t\t\t<dt class='gallery-icon portrait'>\n\t\t\t\t<a href='https:\/\/blogsaverroes.juntadeandalucia.es\/fglorca\/2015\/06\/18\/semana-cultural\/4-768x1024\/'><img loading=\"lazy\" decoding=\"async\" width=\"768\" height=\"1024\" src=\"https:\/\/blogsaverroes.juntadeandalucia.es\/fglorca\/files\/2015\/06\/4-768x1024-768x1024.jpg\" class=\"attachment-large size-large\" alt=\"\" srcset=\"https:\/\/blogsaverroes.juntadeandalucia.es\/fglorca\/files\/2015\/06\/4-768x1024.jpg 768w, https:\/\/blogsaverroes.juntadeandalucia.es\/fglorca\/files\/2015\/06\/4-768x1024-225x300.jpg 225w\" sizes=\"(max-width: 768px) 100vw, 768px\" \/><\/a>\n\t\t\t<\/dt><\/dl><br style=\"clear: both\" \/>\n\t\t<\/div>\n\n","protected":false},"excerpt":{"rendered":"<p>2\u00ba de Primaria en la Semana Cultural<\/p>\n","protected":false},"author":2243,"featured_media":2831,"comment_status":"open","ping_status":"open","sticky":false,"template":"","format":"standard","meta":{"ngg_post_thumbnail":0,"footnotes":""},"categories":[32],"tags":[],"aioseo_notices":[],"_links":{"self":[{"href":"https:\/\/blogsaverroes.juntadeandalucia.es\/fglorca\/wp-json\/wp\/v2\/posts\/968"}],"collection":[{"href":"https:\/\/blogsaverroes.juntadeandalucia.es\/fglorca\/wp-json\/wp\/v2\/posts"}],"about":[{"href":"https:\/\/blogsaverroes.juntadeandalucia.es\/fglorca\/wp-json\/wp\/v2\/types\/post"}],"author":[{"embeddable":true,"href":"https:\/\/blogsaverroes.juntadeandalucia.es\/fglorca\/wp-json\/wp\/v2\/users\/2243"}],"replies":[{"embeddable":true,"href":"https:\/\/blogsaverroes.juntadeandalucia.es\/fglorca\/wp-json\/wp\/v2\/comments?post=968"}],"version-history":[{"count":3,"href":"https:\/\/blogsaverroes.juntadeandalucia.es\/fglorca\/wp-json\/wp\/v2\/posts\/968\/revisions"}],"predecessor-version":[{"id":2834,"href":"https:\/\/blogsaverroes.juntadeandalucia.es\/fglorca\/wp-json\/wp\/v2\/posts\/968\/revisions\/2834"}],"wp:featuredmedia":[{"embeddable":true,"href":"https:\/\/blogsaverroes.juntadeandalucia.es\/fglorca\/wp-json\/wp\/v2\/media\/2831"}],"wp:attachment":[{"href":"https:\/\/blogsaverroes.juntadeandalucia.es\/fglorca\/wp-json\/wp\/v2\/media?parent=968"}],"wp:term":[{"taxonomy":"category","embeddable":true,"href":"https:\/\/blogsaverroes.juntadeandalucia.es\/fglorca\/wp-json\/wp\/v2\/categories?post=968"},{"taxonomy":"post_tag","embeddable":true,"href":"https:\/\/blogsaverroes.juntadeandalucia.es\/fglorca\/wp-json\/wp\/v2\/tags?post=968"}],"curies":[{"name":"wp","href":"https:\/\/api.w.org\/{rel}","templated":true}]}}