{"id":1215,"date":"2024-12-28T14:47:32","date_gmt":"2024-12-28T14:47:32","guid":{"rendered":"https:\/\/blogsaverroes.juntadeandalucia.es\/filosofiaendebate\/?p=1215"},"modified":"2024-12-28T14:48:26","modified_gmt":"2024-12-28T14:48:26","slug":"un-ejemplo-personal-de-comentario-de-un-texto-de-hannah-arendt","status":"publish","type":"post","link":"https:\/\/blogsaverroes.juntadeandalucia.es\/filosofiaendebate\/2024\/12\/28\/un-ejemplo-personal-de-comentario-de-un-texto-de-hannah-arendt\/","title":{"rendered":"Un ejemplo personal de comentario de un texto de Hannah Arendt"},"content":{"rendered":"<p>Ignacio Esca\u00f1uela Romana<\/p>\n<p>Una propuesta totalmente personal de exposici\u00f3n de las ideas de un peque\u00f1o texto de Hannah Arendt, del libro \u00abLa condici\u00f3n humana\u00bb. Sin extenderse hacia la filosof\u00eda de Arendt, ni tampoco comparar con otras filosof\u00edas, otros pensadores. Simplemente una posible interpretaci\u00f3n y explicaci\u00f3n del texto.<\/p>\n<p>Se responde a la pregunta: Identificar y explicar las ideas del texto. Por lo tanto, a la pregunta planteada en el acceso a la universidad en Andaluc\u00eda: \u00abIdentifique y explique de manera argumentada las ideas y el problema filos\u00f3fico fundamentales del texto elegido.\u00bb en referencia a uno de los textos elegidos para la prueba.<\/p>\n<p>La propuesta es, insisto, personal y subjetiva.<\/p>\n<p>Enlace al documento en philpapers:<\/p>\n<p><a href=\"https:\/\/philpapers.org\/rec\/ESCUEP\">https:\/\/philpapers.org\/rec\/ESCUEP<\/a><\/p>\n","protected":false},"excerpt":{"rendered":"<p>Ignacio Esca\u00f1uela Romana Una propuesta totalmente personal de exposici\u00f3n de las ideas de un peque\u00f1o texto de Hannah Arendt, del libro \u00abLa condici\u00f3n humana\u00bb. Sin extenderse hacia la filosof\u00eda de Arendt, ni tampoco comparar con otras filosof\u00edas, otros pensadores. Simplemente una posible interpretaci\u00f3n y explicaci\u00f3n del texto. Se responde a la pregunta: Identificar y explicar &hellip; <a href=\"https:\/\/blogsaverroes.juntadeandalucia.es\/filosofiaendebate\/2024\/12\/28\/un-ejemplo-personal-de-comentario-de-un-texto-de-hannah-arendt\/\" class=\"more-link\">Sigue leyendo <span class=\"screen-reader-text\">Un ejemplo personal de comentario de un texto de Hannah Arendt<\/span><\/a><\/p>\n","protected":false},"author":6224,"featured_media":0,"comment_status":"open","ping_status":"open","sticky":false,"template":"","format":"standard","meta":{"ngg_post_thumbnail":0,"footnotes":""},"categories":[1521651],"tags":[],"aioseo_notices":[],"_links":{"self":[{"href":"https:\/\/blogsaverroes.juntadeandalucia.es\/filosofiaendebate\/wp-json\/wp\/v2\/posts\/1215"}],"collection":[{"href":"https:\/\/blogsaverroes.juntadeandalucia.es\/filosofiaendebate\/wp-json\/wp\/v2\/posts"}],"about":[{"href":"https:\/\/blogsaverroes.juntadeandalucia.es\/filosofiaendebate\/wp-json\/wp\/v2\/types\/post"}],"author":[{"embeddable":true,"href":"https:\/\/blogsaverroes.juntadeandalucia.es\/filosofiaendebate\/wp-json\/wp\/v2\/users\/6224"}],"replies":[{"embeddable":true,"href":"https:\/\/blogsaverroes.juntadeandalucia.es\/filosofiaendebate\/wp-json\/wp\/v2\/comments?post=1215"}],"version-history":[{"count":1,"href":"https:\/\/blogsaverroes.juntadeandalucia.es\/filosofiaendebate\/wp-json\/wp\/v2\/posts\/1215\/revisions"}],"predecessor-version":[{"id":1216,"href":"https:\/\/blogsaverroes.juntadeandalucia.es\/filosofiaendebate\/wp-json\/wp\/v2\/posts\/1215\/revisions\/1216"}],"wp:attachment":[{"href":"https:\/\/blogsaverroes.juntadeandalucia.es\/filosofiaendebate\/wp-json\/wp\/v2\/media?parent=1215"}],"wp:term":[{"taxonomy":"category","embeddable":true,"href":"https:\/\/blogsaverroes.juntadeandalucia.es\/filosofiaendebate\/wp-json\/wp\/v2\/categories?post=1215"},{"taxonomy":"post_tag","embeddable":true,"href":"https:\/\/blogsaverroes.juntadeandalucia.es\/filosofiaendebate\/wp-json\/wp\/v2\/tags?post=1215"}],"curies":[{"name":"wp","href":"https:\/\/api.w.org\/{rel}","templated":true}]}}