{"id":492,"date":"2018-01-22T19:33:17","date_gmt":"2018-01-22T19:33:17","guid":{"rendered":"http:\/\/blogsaverroes.juntadeandalucia.es\/fisicayquimicaiesramonycajal\/?p=492"},"modified":"2018-01-22T19:33:17","modified_gmt":"2018-01-22T19:33:17","slug":"actividad-para-el-dia-de-la-paz-la-ciencia-al-servicio-de-la-paz-y-el-desarrollo","status":"publish","type":"post","link":"https:\/\/blogsaverroes.juntadeandalucia.es\/fisicayquimicaiesramonycajal\/2018\/01\/22\/actividad-para-el-dia-de-la-paz-la-ciencia-al-servicio-de-la-paz-y-el-desarrollo\/","title":{"rendered":"Actividad para el D\u00eda de la Paz. La ciencia al servicio de la paz y el desarrollo."},"content":{"rendered":"<p>Desde el departamento de F\u00edsica y Qu\u00edmica proponemos una actividad bas\u00e1ndonos en \u00ab<strong><span style=\"color: #ff6600\">La conferencia mundial sobre la ciencia\u00bb<\/span> <\/strong>de la UNESCO.<\/p>\n<p>La actividad consistir\u00e1 en los siguientes puntos:<\/p>\n<ul>\n<li>En clase se realizar\u00e1 una<strong><span style=\"color: #800080\"> lectura<\/span><\/strong> del apartado 2 de la conferencia que trata sobre <span style=\"font-size: 16px;color: #008000\"><strong>\u00abLa ciencia al servicio de la paz y el desarrollo\u00bb.<\/strong><\/span><\/li>\n<li>Durante la semana del 29 de enero al 2 de febrero, cada grupo ir\u00e1 completando un <strong><span style=\"color: #800080\">mural<\/span><\/strong>, colocado en clase, con informaci\u00f3n sobre las actividades llevadas a cabo y que se van a seguir realizando incluidas en este proyecto de la UNESCO. Esta informaci\u00f3n se traer\u00e1 de casa y se pegar\u00e1 en el mural.<\/li>\n<\/ul>\n<p>De esta manera visibilizamos la labor que, desde la ciencia, se realiza en favor de la PAZ.<\/p>\n<p>Aqu\u00ed pod\u00e9is descargar el documento completo de la conferencia. <a href=\"https:\/\/blogsaverroes.juntadeandalucia.es\/fisicayquimicaiesramonycajal\/files\/2018\/01\/Conferencia-Mundial-sobre-la-ciencia.pdf\" target=\"_blank\" rel=\"noopener\"><img loading=\"lazy\" decoding=\"async\" class=\"alignnone size-full wp-image-45\" src=\"https:\/\/blogsaverroes.juntadeandalucia.es\/fisicayquimicaiesramonycajal\/files\/2015\/12\/pdf.gif\" alt=\"\" width=\"16\" height=\"20\"><\/a><\/p>\n","protected":false},"excerpt":{"rendered":"<p>Desde el departamento de F\u00edsica y Qu\u00edmica proponemos una actividad bas\u00e1ndonos en \u00abLa conferencia mundial sobre la ciencia\u00bb de la UNESCO. La actividad consistir\u00e1 en los siguientes puntos: En clase se realizar\u00e1 una lectura del apartado 2 de la conferencia que trata sobre \u00abLa ciencia al servicio de la paz y el desarrollo\u00bb. Durante la [&hellip;]<\/p>\n","protected":false},"author":2439,"featured_media":0,"comment_status":"open","ping_status":"open","sticky":false,"template":"","format":"standard","meta":{"ngg_post_thumbnail":0,"footnotes":""},"categories":[485],"tags":[],"aioseo_notices":[],"_links":{"self":[{"href":"https:\/\/blogsaverroes.juntadeandalucia.es\/fisicayquimicaiesramonycajal\/wp-json\/wp\/v2\/posts\/492"}],"collection":[{"href":"https:\/\/blogsaverroes.juntadeandalucia.es\/fisicayquimicaiesramonycajal\/wp-json\/wp\/v2\/posts"}],"about":[{"href":"https:\/\/blogsaverroes.juntadeandalucia.es\/fisicayquimicaiesramonycajal\/wp-json\/wp\/v2\/types\/post"}],"author":[{"embeddable":true,"href":"https:\/\/blogsaverroes.juntadeandalucia.es\/fisicayquimicaiesramonycajal\/wp-json\/wp\/v2\/users\/2439"}],"replies":[{"embeddable":true,"href":"https:\/\/blogsaverroes.juntadeandalucia.es\/fisicayquimicaiesramonycajal\/wp-json\/wp\/v2\/comments?post=492"}],"version-history":[{"count":1,"href":"https:\/\/blogsaverroes.juntadeandalucia.es\/fisicayquimicaiesramonycajal\/wp-json\/wp\/v2\/posts\/492\/revisions"}],"predecessor-version":[{"id":494,"href":"https:\/\/blogsaverroes.juntadeandalucia.es\/fisicayquimicaiesramonycajal\/wp-json\/wp\/v2\/posts\/492\/revisions\/494"}],"wp:attachment":[{"href":"https:\/\/blogsaverroes.juntadeandalucia.es\/fisicayquimicaiesramonycajal\/wp-json\/wp\/v2\/media?parent=492"}],"wp:term":[{"taxonomy":"category","embeddable":true,"href":"https:\/\/blogsaverroes.juntadeandalucia.es\/fisicayquimicaiesramonycajal\/wp-json\/wp\/v2\/categories?post=492"},{"taxonomy":"post_tag","embeddable":true,"href":"https:\/\/blogsaverroes.juntadeandalucia.es\/fisicayquimicaiesramonycajal\/wp-json\/wp\/v2\/tags?post=492"}],"curies":[{"name":"wp","href":"https:\/\/api.w.org\/{rel}","templated":true}]}}