{"id":253,"date":"2025-11-12T11:08:52","date_gmt":"2025-11-12T11:08:52","guid":{"rendered":"https:\/\/blogsaverroes.juntadeandalucia.es\/formajoveniessulayr\/?p=253"},"modified":"2025-11-12T11:08:52","modified_gmt":"2025-11-12T11:08:52","slug":"taller-de-la-fundacion-triangulo","status":"publish","type":"post","link":"https:\/\/blogsaverroes.juntadeandalucia.es\/formajoveniessulayr\/2025\/11\/12\/taller-de-la-fundacion-triangulo\/","title":{"rendered":"Taller de la Fundaci\u00f3n Tri\u00e1ngulo"},"content":{"rendered":"<p data-start=\"207\" data-end=\"483\">La Fundaci\u00f3n Tri\u00e1ngulo ha llevado a cabo esta semana un <strong data-start=\"263\" data-end=\"318\">taller sobre diversidad afectivo-sexual y de g\u00e9nero<\/strong> dirigido al alumnado del centro, con el objetivo de <strong data-start=\"402\" data-end=\"454\">fomentar el respeto, la empat\u00eda y la convivencia<\/strong> en los centros educativos.<\/p>\n<p data-start=\"485\" data-end=\"915\">Durante la actividad, el alumnado particip\u00f3 en din\u00e1micas y debates en los que se abordaron temas como la <strong data-start=\"590\" data-end=\"669\">identidad de g\u00e9nero, la orientaci\u00f3n sexual y la importancia de la inclusi\u00f3n<\/strong>. A trav\u00e9s de ejemplos cercanos y ejercicios pr\u00e1cticos, las y los estudiantes reflexionaron sobre los estereotipos y prejuicios que a\u00fan existen en la sociedad, y c\u00f3mo cada persona puede contribuir a crear <strong data-start=\"874\" data-end=\"912\">entornos m\u00e1s seguros y respetuosos<\/strong>.<\/p>\n<p data-start=\"917\" data-end=\"1153\">El taller, impartido por profesionales de la Fundaci\u00f3n Tri\u00e1ngulo, forma parte del compromiso de la entidad con la <strong data-start=\"1031\" data-end=\"1080\">educaci\u00f3n en valores de igualdad y diversidad<\/strong>, pilares fundamentales para la construcci\u00f3n de una sociedad m\u00e1s justa.<\/p>\n<p data-start=\"1155\" data-end=\"1334\">Desde el IES Sulayr queremos agradecer a la <strong data-start=\"277\" data-end=\"320\">Fundaci\u00f3n Tri\u00e1ngulo<\/strong> por la realizaci\u00f3n del taller, una actividad que ha ofrecido una experiencia <strong data-start=\"476\" data-end=\"497\">muy enriquecedora<\/strong>, y que ha permitido al alumnado <strong data-start=\"528\" data-end=\"564\">reflexionar, aprender y dialogar<\/strong> sobre valores fundamentales como el respeto, la igualdad y la empat\u00eda. Consideramos que este tipo de iniciativas son esenciales para <strong data-start=\"698\" data-end=\"735\">promover una convivencia positiva<\/strong> y para que cada estudiante se sienta libre y respetado en su forma de ser.<\/p>\n<p data-start=\"1037\" data-end=\"1211\">Seguiremos colaborando y apostando por la <strong data-start=\"1079\" data-end=\"1106\">educaci\u00f3n en diversidad<\/strong>, convencidos de que la escuela es un lugar clave para construir una sociedad m\u00e1s justa e inclusiva. Porque educar en diversidad es <strong data-start=\"1367\" data-end=\"1389\">educar en libertad<\/strong>.<\/p>\n<p data-start=\"1037\" data-end=\"1211\"><img loading=\"lazy\" decoding=\"async\" class=\"alignnone size-medium wp-image-254\" src=\"https:\/\/blogsaverroes.juntadeandalucia.es\/formajoveniessulayr\/files\/2025\/11\/1762944774853-225x300.jpg\" alt=\"\" width=\"225\" height=\"300\" srcset=\"https:\/\/blogsaverroes.juntadeandalucia.es\/formajoveniessulayr\/files\/2025\/11\/1762944774853-225x300.jpg 225w, https:\/\/blogsaverroes.juntadeandalucia.es\/formajoveniessulayr\/files\/2025\/11\/1762944774853-768x1024.jpg 768w, https:\/\/blogsaverroes.juntadeandalucia.es\/formajoveniessulayr\/files\/2025\/11\/1762944774853-1152x1536.jpg 1152w, https:\/\/blogsaverroes.juntadeandalucia.es\/formajoveniessulayr\/files\/2025\/11\/1762944774853-1536x2048.jpg 1536w, https:\/\/blogsaverroes.juntadeandalucia.es\/formajoveniessulayr\/files\/2025\/11\/1762944774853-scaled.jpg 1920w\" sizes=\"(max-width: 225px) 100vw, 225px\" \/> <img loading=\"lazy\" decoding=\"async\" class=\"alignnone size-medium wp-image-255\" src=\"https:\/\/blogsaverroes.juntadeandalucia.es\/formajoveniessulayr\/files\/2025\/11\/1762944774827-225x300.jpg\" alt=\"\" width=\"225\" height=\"300\" srcset=\"https:\/\/blogsaverroes.juntadeandalucia.es\/formajoveniessulayr\/files\/2025\/11\/1762944774827-225x300.jpg 225w, https:\/\/blogsaverroes.juntadeandalucia.es\/formajoveniessulayr\/files\/2025\/11\/1762944774827-768x1024.jpg 768w, https:\/\/blogsaverroes.juntadeandalucia.es\/formajoveniessulayr\/files\/2025\/11\/1762944774827-1152x1536.jpg 1152w, https:\/\/blogsaverroes.juntadeandalucia.es\/formajoveniessulayr\/files\/2025\/11\/1762944774827-1536x2048.jpg 1536w, https:\/\/blogsaverroes.juntadeandalucia.es\/formajoveniessulayr\/files\/2025\/11\/1762944774827-scaled.jpg 1920w\" sizes=\"(max-width: 225px) 100vw, 225px\" \/><\/p>\n<p data-start=\"1037\" data-end=\"1211\">&nbsp;<\/p>\n","protected":false},"excerpt":{"rendered":"<p>La Fundaci\u00f3n Tri\u00e1ngulo ha llevado a cabo esta semana un taller sobre diversidad afectivo-sexual y de g\u00e9nero dirigido al alumnado del centro, con el objetivo de fomentar el respeto, la empat\u00eda y la convivencia&#46;&#46;&#46;<\/p>\n","protected":false},"author":15723,"featured_media":255,"comment_status":"open","ping_status":"open","sticky":false,"template":"","format":"standard","meta":{"ngg_post_thumbnail":0,"footnotes":""},"categories":[6],"tags":[],"aioseo_notices":[],"_links":{"self":[{"href":"https:\/\/blogsaverroes.juntadeandalucia.es\/formajoveniessulayr\/wp-json\/wp\/v2\/posts\/253"}],"collection":[{"href":"https:\/\/blogsaverroes.juntadeandalucia.es\/formajoveniessulayr\/wp-json\/wp\/v2\/posts"}],"about":[{"href":"https:\/\/blogsaverroes.juntadeandalucia.es\/formajoveniessulayr\/wp-json\/wp\/v2\/types\/post"}],"author":[{"embeddable":true,"href":"https:\/\/blogsaverroes.juntadeandalucia.es\/formajoveniessulayr\/wp-json\/wp\/v2\/users\/15723"}],"replies":[{"embeddable":true,"href":"https:\/\/blogsaverroes.juntadeandalucia.es\/formajoveniessulayr\/wp-json\/wp\/v2\/comments?post=253"}],"version-history":[{"count":1,"href":"https:\/\/blogsaverroes.juntadeandalucia.es\/formajoveniessulayr\/wp-json\/wp\/v2\/posts\/253\/revisions"}],"predecessor-version":[{"id":256,"href":"https:\/\/blogsaverroes.juntadeandalucia.es\/formajoveniessulayr\/wp-json\/wp\/v2\/posts\/253\/revisions\/256"}],"wp:featuredmedia":[{"embeddable":true,"href":"https:\/\/blogsaverroes.juntadeandalucia.es\/formajoveniessulayr\/wp-json\/wp\/v2\/media\/255"}],"wp:attachment":[{"href":"https:\/\/blogsaverroes.juntadeandalucia.es\/formajoveniessulayr\/wp-json\/wp\/v2\/media?parent=253"}],"wp:term":[{"taxonomy":"category","embeddable":true,"href":"https:\/\/blogsaverroes.juntadeandalucia.es\/formajoveniessulayr\/wp-json\/wp\/v2\/categories?post=253"},{"taxonomy":"post_tag","embeddable":true,"href":"https:\/\/blogsaverroes.juntadeandalucia.es\/formajoveniessulayr\/wp-json\/wp\/v2\/tags?post=253"}],"curies":[{"name":"wp","href":"https:\/\/api.w.org\/{rel}","templated":true}]}}