{"id":29,"date":"2021-12-13T15:32:00","date_gmt":"2021-12-13T15:32:00","guid":{"rendered":""},"modified":"2022-09-27T20:50:51","modified_gmt":"2022-09-27T20:50:51","slug":"alimentacion-saludable-la-importancia-de-tomar-fruta","status":"publish","type":"post","link":"https:\/\/blogsaverroes.juntadeandalucia.es\/formajoveniessulayr\/2021\/12\/13\/alimentacion-saludable-la-importancia-de-tomar-fruta\/","title":{"rendered":"Alimentaci\u00f3n saludable: la importancia de tomar fruta"},"content":{"rendered":"<p>&nbsp;Desde el departamento de Educaci\u00f3n F\u00edsica que est\u00e1 promoviendo entre el alumnado el consumo de fruta. Para ello se registra una vez a la semana el consumo de fruta que est\u00e1 haciendo el alumnado en el recreo y se registra. La clase m\u00e1s saludable ser\u00e1 reconocida con un premio.<\/p>\n<p>Por otra parte, desde el club de lectura del centro, se realiza un desayuno saludable los viernes de cada semana, compartiendo momentos de lectura con una dieta variada y saludable.<\/p>\n<p>Se ha propuesto realizar una vez al trimestre un desayuno saludable en el que el centro invita a desayunar fruta de temporada.<\/p>\n","protected":false},"excerpt":{"rendered":"<p>&nbsp;Desde el departamento de Educaci\u00f3n F\u00edsica que est\u00e1 promoviendo entre el alumnado el consumo de fruta. Para ello se registra una vez a la semana el consumo de fruta que est\u00e1 haciendo el alumnado&#46;&#46;&#46;<\/p>\n","protected":false},"author":15723,"featured_media":0,"comment_status":"open","ping_status":"open","sticky":false,"template":"","format":"standard","meta":{"ngg_post_thumbnail":0,"footnotes":""},"categories":[1],"tags":[],"aioseo_notices":[],"_links":{"self":[{"href":"https:\/\/blogsaverroes.juntadeandalucia.es\/formajoveniessulayr\/wp-json\/wp\/v2\/posts\/29"}],"collection":[{"href":"https:\/\/blogsaverroes.juntadeandalucia.es\/formajoveniessulayr\/wp-json\/wp\/v2\/posts"}],"about":[{"href":"https:\/\/blogsaverroes.juntadeandalucia.es\/formajoveniessulayr\/wp-json\/wp\/v2\/types\/post"}],"author":[{"embeddable":true,"href":"https:\/\/blogsaverroes.juntadeandalucia.es\/formajoveniessulayr\/wp-json\/wp\/v2\/users\/15723"}],"replies":[{"embeddable":true,"href":"https:\/\/blogsaverroes.juntadeandalucia.es\/formajoveniessulayr\/wp-json\/wp\/v2\/comments?post=29"}],"version-history":[{"count":1,"href":"https:\/\/blogsaverroes.juntadeandalucia.es\/formajoveniessulayr\/wp-json\/wp\/v2\/posts\/29\/revisions"}],"predecessor-version":[{"id":66,"href":"https:\/\/blogsaverroes.juntadeandalucia.es\/formajoveniessulayr\/wp-json\/wp\/v2\/posts\/29\/revisions\/66"}],"wp:attachment":[{"href":"https:\/\/blogsaverroes.juntadeandalucia.es\/formajoveniessulayr\/wp-json\/wp\/v2\/media?parent=29"}],"wp:term":[{"taxonomy":"category","embeddable":true,"href":"https:\/\/blogsaverroes.juntadeandalucia.es\/formajoveniessulayr\/wp-json\/wp\/v2\/categories?post=29"},{"taxonomy":"post_tag","embeddable":true,"href":"https:\/\/blogsaverroes.juntadeandalucia.es\/formajoveniessulayr\/wp-json\/wp\/v2\/tags?post=29"}],"curies":[{"name":"wp","href":"https:\/\/api.w.org\/{rel}","templated":true}]}}